{"id":11057,"date":"2020-06-07T21:07:44","date_gmt":"2020-06-07T19:07:44","guid":{"rendered":"https:\/\/www.cathjack.ch\/wordpress\/?p=11057"},"modified":"2026-04-08T11:05:06","modified_gmt":"2026-04-08T09:05:06","slug":"giacometti-eric-ravenne-jacques-la-nuit-du-mal-2019","status":"publish","type":"post","link":"https:\/\/www.cathjack.ch\/wordpress\/?p=11057","title":{"rendered":"Giacometti, Eric \u2013 Ravenne, Jacques \u00abLa nuit du mal\u00bb (2019)"},"content":{"rendered":"\r\n<p class=\"wp-block-paragraph\"><b>Auteurs\u00a0<\/b>:<br \/><b>Eric Giacometti<\/b>, \u00e9crivain, a \u00e9t\u00e9 journaliste d\u2019investigation, puis chef de service \u00e0 la rubrique \u00e9conomie au Parisien I Aujourd\u2019hui en France. Il a enqu\u00eat\u00e9 \u00e0 la fin des ann\u00e9es 1990 sur la franc-ma\u00e7onnerie, dans le volet des affaires sur la C\u00f4te d\u2019Azur. En 2016, il est devenu le nouveau sc\u00e9nariste des aventures de Largo Winch en bande dessin\u00e9e.<br \/><b>Jacques Ravenne<\/b>, lui aussi \u00e9crivain, sp\u00e9cialiste de l\u2019\u00e9tude de manuscrits, est ma\u00eetre franc-ma\u00e7on.<br \/>Il intervient r\u00e9guli\u00e8rement dans des conf\u00e9rences et colloques sur la franc-ma\u00e7onnerie. Conscient du fantasme suscit\u00e9 autour de sa fraternit\u00e9, et de ses d\u00e9rives, il reste attentif \u00e0 une description rigoureuse de cet univers et de ses rituels. Amis depuis l\u2019adolescence, f\u00e9rus de symbolique et d\u2019\u00e9sot\u00e9risme, ils ont inaugur\u00e9 leur collaboration litt\u00e9raire en 2005 avec Le Rituel de l\u2019ombre, premier opus de la s\u00e9rie consacr\u00e9e aux enqu\u00eates du commissaire franc-ma\u00e7on Antoine Marcas. Voir le sujet sur la s\u00e9rie : \u00ab<span style=\"color: #0000ff;\">\u00a0<a style=\"color: #0000ff;\" href=\"http:\/\/www.cathjack.ch\/wordpress\/?p=1237\">S\u00e9rie Commissaire Antoine Marcas<\/a>\u00a0<\/span>\u00bb<br \/>Ce duo, unique, du profane et de l\u2019initi\u00e9, a vendu plus de 2 millions d\u2019exemplaires en France. La s\u00e9rie, traduite dans 17 langues, du Japon aux Etats-Unis, a \u00e9t\u00e9 adapt\u00e9e en bande dessin\u00e9e par les Editions Delcourt. L\u2019Empire du Graal a paru en 2016 aux Editions JC Latt\u00e9s. Il est suivi, en 2017, de Conspiration. Leur nouvelle s\u00e9rie, Soleil noir, a paru en 2018 chez le m\u00eame \u00e9diteur.<\/p>\r\n<p><b>S\u00e9rie Soleil noir<\/b>\u00a0:\u00a0<i>Tome 1,\u00a0<\/i><span style=\"color: #0000ff;\"><a style=\"color: #0000ff;\" href=\"https:\/\/www.cathjack.ch\/wordpress\/?p=10221\">Le Triomphe des t\u00e9n\u00e8bres<\/a><i>\u00a0<\/i><\/span><i>\u2013 Tome 2,\u00a0<\/i><a href=\"https:\/\/www.cathjack.ch\/wordpress\/?p=11057\"><span style=\"color: #0000ff;\">La nuit du mal<\/span><\/a><i>\u00a0<\/i><i>\u2013 Tome 3, <\/i><a href=\"https:\/\/www.cathjack.ch\/wordpress\/?p=13824\"><span style=\"color: #0000ff;\">La Relique du Chaos<\/span><\/a><i> \u2013 Tome 4,<\/i>\u00a0<span style=\"color: #0000ff;\"><a style=\"color: #0000ff;\" href=\"https:\/\/www.cathjack.ch\/wordpress\/?p=16191\">R\u00e9surrection<\/a><\/span><i> \u2013 Tome 5, <\/i><a title=\"Giacometti, Eric \u2013 Ravenne, Jacques \u00ab669\u00bb (2022) 432 pages\" href=\"https:\/\/www.cathjack.ch\/wordpress\/?p=24142\"><span style=\"color: #0000ff;\">669<\/span><\/a><i> &#8211; Tome 6, <\/i>Le Graal du diable<i> &#8211; tome 7 <\/i>Le livre des merveilles<\/p>\r\n<p><br \/><strong>La saga du soleil noir (Tome 2)<\/strong><br \/>JC Latt\u00e8s \u2013 15.05.2019 \u2013 480 pages \/Livre de poche 03.06.2020 \u2013 576 pages<\/p>\r\n\r\n\r\n\r\n<p class=\"wp-block-paragraph\"><strong>R\u00e9sum\u00e9\u00a0<\/strong>: Ce second volet de la saga du Soleil Noir nous entra\u00eene \u00e0 la recherche de la troisi\u00e8me Swastika, une croix gamm\u00e9e antique aux pouvoirs myst\u00e9rieux, dont la l\u00e9gende raconte que celui qui la d\u00e9tient deviendra le ma\u00eetre du monde.<br \/>Novembre 1941. L&rsquo;Allemagne est sur le point de gagner la guerre. L&rsquo;arm\u00e9e du Troisi\u00e8me Reich est aux portes de Moscou. Pour Himmler, le chef des SS, la victoire sera d\u00e9finitive s&rsquo;il parvient \u00e0 s&#8217;emparer d&rsquo;une swastika sacr\u00e9e disparue en Europe. Pour Churchill, il faut absolument retrouver cette relique avant les nazis. Chacun compte sur Tristan Marcas, agent double au pass\u00e9 obscur. Au coeur de cette guerre occulte entre les forces du Bien et du Mal, Laure, la r\u00e9sistante fran\u00e7aise, et Erika, l&rsquo;arch\u00e9ologue allemande, vont s&rsquo;affronter dans une lutte sans merci.<br \/>De Berlin \u00e0 Londres, de la Cr\u00eate myst\u00e9rieuse \u00e0 l&rsquo;Italie de Mussolini, qui l&#8217;emportera dans ce duel entre l&rsquo;ombre et la lumi\u00e8re ? Et si la v\u00e9rit\u00e9 se trouvait dans la jeunesse aux secrets interdits d&rsquo;un certain Adolf Hitler ? En bonus : le premier chapitre du troisi\u00e8me volet de la saga.<\/p>\r\n\r\n\r\n\r\n<p class=\"wp-block-paragraph\"><strong>Mon avis<\/strong>\u00a0:<br \/>J\u2019ai lu avec plaisir et int\u00e9r\u00eat ce deuxi\u00e8me tome et retrouv\u00e9 avec plaisir Tristan, Erika, Laure. Comme toujours les deux auteurs sont pass\u00e9 maitres pour nous prendre par la main et nous entrainer dans des aventures pleines de suspense et de rebondissements. Un Marcas chasse l\u2019autre mais j\u2019ai toujours une pr\u00e9f\u00e9rence pour Antoine que j\u2019esp\u00e8re bien retrouver un jour\u00a0; Tristan a \u00e9volu\u00e9 et pris beaucoup d\u2019importance ce que j\u2019ai beaucoup appr\u00e9ci\u00e9. Je me demande quel est le lien entre les deux Marcas et j\u2019esp\u00e8re en savoir davantage dans la suite.<br \/>J\u2019ai beaucoup appr\u00e9ci\u00e9 le cot\u00e9 historique et le portrait d\u2019Hitler et l\u2019analyse de son accession au pouvoir. Comme dans le tome pr\u00e9c\u00e9dent, les auteurs nous pr\u00e9sentent les tristes personnages du nazisme.<br \/>La qu\u00eate de la troisi\u00e8me swastika nous entraine en Cr\u00e8te et \u00e0 Venise.<br \/>J\u2019ai trouv\u00e9 la course au \u00ab\u00a0graal\u00a0\u00bb moins passionnante que la qu\u00eate du premier tome. J\u2019ai \u00e9t\u00e9 un peu d\u00e9rang\u00e9e de passer d\u2019une intrigue \u00e0 l\u2019autre ce qui m\u2019a parfois fait perdre le fil de l\u2019enqu\u00eate de Tristan et Erika. Le nouveau personnage f\u00e9minin, Moira O&rsquo;Connor, ne m\u2019a pas enti\u00e8rement convaincue bien que son r\u00f4le soit d\u00e9terminant dans le d\u00e9roul\u00e9 de l\u2019histoire. \u00a0Par contre j\u2019ai bien aim\u00e9 l\u2019arriv\u00e9 de Fleming\u2026<br \/>Un tr\u00e8s bon moment de lecture, comme toujours,<\/p>\r\n\r\n\r\n\r\n<p class=\"wp-block-paragraph\"><em>Cot\u00e9 v\u00e9racit\u00e9<\/em>, il est tr\u00e8s int\u00e9ressant de lire ce que les auteurs nous pr\u00e9cisent \u00e0 la fin du livre\u00a0:<br \/>&#8211; Hitler a \u00e9t\u00e9 passionn\u00e9 par les religions nordiques et certaines th\u00e9ories occultes d\u00e9voy\u00e9es propag\u00e9es par des gens comme Lanz, il s\u2019en est d\u00e9tourn\u00e9 au fur et \u00e0 mesure de son ascension.<br \/>&#8211; il a bien \u00e9t\u00e9 en contact avec la soci\u00e9t\u00e9 \u00e9sot\u00e9rico-politique Thul\u00e9 qui a favoris\u00e9 sa mont\u00e9e au sein du parti Ouvrier Allemand, qui deviendra par la suite le parti national-socialiste.<br \/>&#8211; Himmler \u00e9tait passionn\u00e9 de magie et d\u2019\u00e9sot\u00e9risme, se passionnait pour les sciences occultes et croyait \u00e0 la r\u00e9incarnation.<br \/>&#8211; Jorg Lanz\u00a0: Le fondateur de la revue Ostara, moine d\u00e9froqu\u00e9, a \u00e9t\u00e9 l\u2019un des plus influents \u00ab penseurs \u00bb du racisme mystico-germanique. Il faisait bien partie d\u2019un ordre n\u00e9o-templier. Hitler l\u2019a probablement rencontr\u00e9 et poss\u00e9dait dans sa biblioth\u00e8que personnelle de nombreux num\u00e9ros d\u2019Ostara.<\/p>\r\n\r\n\r\n\r\n<p class=\"wp-block-paragraph\"><strong>Extraits<\/strong>\u00a0:<\/p>\r\n\r\n\r\n\r\n<p class=\"wp-block-paragraph\">Dans l\u2019obscurit\u00e9, un olivier ressemble \u00e0 un \u00eatre humain. Il en a la taille, souvent la silhouette, et, m\u00eame si le vent l\u2019a courb\u00e9, terrass\u00e9, il peut toujours dissimuler un homme. Un homme qui a besoin d\u2019\u00e9couter. D\u2019\u00e9couter l\u2019ombre. Et l\u2019ombre n\u2019est jamais silencieuse.\u00a0<\/p>\r\n\r\n\r\n\r\n<p class=\"wp-block-paragraph\">des Fylaques. Des gardiens.<br \/>Tous de sang divin. Ils sont n\u00e9s en Cr\u00e8te, l\u2019\u00eele du miel, la terre choisie par la m\u00e8re de Zeus pour enfanter le p\u00e8re des dieux.<br \/>Et les Fylaques manient le kyro comme aucun autre Cr\u00e9tois. Le kyro, ce redoutable poignard dont la lame est grav\u00e9e d\u2019une encoche, teint\u00e9e de rouge, en forme de goutte. La derni\u00e8re goutte de sang qui doit rester dans le corps de l\u2019ennemi.<\/p>\r\n\r\n\r\n\r\n<p class=\"wp-block-paragraph\">Alors quand un arbre se renverse, l\u2019\u00e2me s\u2019\u00e9chappe par les racines. Le monde d\u2019en bas vient hanter le monde d\u2019en haut.<\/p>\r\n\r\n\r\n\r\n<p class=\"wp-block-paragraph\">Elle tendit \u00e0 Tristan le bijou grav\u00e9. Il le fit tourner entre ses doigts. Au contact du m\u00e9tal pr\u00e9cieux, il tentait d\u2019imaginer la peau qui l\u2019avait port\u00e9. Une seule femme avait-elle aim\u00e9 ce bijou\u00a0? Ou avait-il orn\u00e9 plusieurs corps\u00a0? Si les objets n\u2019ont pas d\u2019\u00e2me, ils ont une m\u00e9moire. Et il la sentait presque.<\/p>\r\n\r\n\r\n\r\n<p class=\"wp-block-paragraph\">les saints du Moyen \u00c2ge \u00e9taient autant craints que v\u00e9n\u00e9r\u00e9s, car ils avaient le pouvoir redout\u00e9 de passer entre les deux mondes, celui des vivants et celui des morts.<\/p>\r\n\r\n\r\n\r\n<p class=\"wp-block-paragraph\">\u2014\u00a0H\u00e9cate, Durga, Kali, Beyla, Astart\u00e9, Bestia, J\u00e1rnsaxa, Sekhmet, Bellone, Ishtar\u00a0! Donnez-moi la force. Donnez-moi le pouvoir\u00a0!<\/p>\r\n\r\n\r\n\r\n<p class=\"wp-block-paragraph\">Les juifs, on les reconna\u00eet, on les sent. Les francs-ma\u00e7ons sont comme vous et moi, on ne peut pas les d\u00e9tecter. Voil\u00e0 pourquoi ce sont les plus dangereux.\u00a0<\/p>\r\n\r\n\r\n\r\n<p class=\"wp-block-paragraph\">\u00c0 la fin du d\u00eener, la conversation avait d\u00e9riv\u00e9 sur la r\u00e9incarnation, doctrine \u00e0 laquelle Hess, comme beaucoup de dignitaires nazis, croyait dur comme fer.\u00a0<\/p>\r\n\r\n\r\n\r\n<p class=\"wp-block-paragraph\">C\u2019est le probl\u00e8me des guerres civiles qui s\u2019internationalisent\u00a0: le seul uniforme qui prot\u00e8ge la peau est celui du moment.<\/p>\r\n\r\n\r\n\r\n<p class=\"wp-block-paragraph\">Il lui semblait enfin avoir compris quelque chose d\u2019essentiel\u00a0: il ne servait \u00e0 rien de changer le r\u00e9el en id\u00e9al. L\u2019art \u00e9tait une illusion et les plus grands artistes des manipulateurs. Ils repeignaient le monde en couleur pour nous le rendre plus supportable. Un mensonge, une imposture. Il le comprenait d\u00e9sormais\u00a0: la r\u00e9alit\u00e9 ne devait pas \u00eatre magnifi\u00e9e, elle devait \u00eatre chang\u00e9e. Et pour \u00e7a, il fallait agir.<\/p>\r\n\r\n\r\n\r\n<p class=\"wp-block-paragraph\">Pour vous les nazis, une bonne action est aussi utile qu\u2019un bouquet de roses dans un Panzer.<\/p>\r\n\r\n\r\n\r\n<p class=\"wp-block-paragraph\">Au mot \u00ab\u00a0franc-ma\u00e7on\u00a0\u00bb, Hitler ne r\u00e9agit pas. Il avait suffisamment de culture politique d\u00e9sormais pour savoir que les<em>\u00a0fr\u00e8res<\/em>, c\u2019\u00e9tait comme la salade, on en trouvait \u00e0 toutes les sauces. La vraie question \u00e9tait ailleurs.<\/p>\r\n\r\n\r\n\r\n<p class=\"wp-block-paragraph\">Enfant, il s\u2019\u00e9tait souvent demand\u00e9 ce que faisaient les livres en l\u2019absence des hommes. Restaient-ils sagement rang\u00e9s dans leurs rayonnages ou bien jaillissaient-ils de leurs \u00e9tag\u00e8res pour entamer une sarabande d\u00e9cha\u00een\u00e9e\u00a0? Avant de s\u2019endormir, il s\u2019imaginait les livres assis c\u00f4te \u00e0 c\u00f4te, se lisant les uns les autres. Il se demandait m\u00eame, durant ses lectures clandestines, si les livres ne se m\u00e9langeaient pas entre eux, n\u2019\u00e9changeaient pas des pages, pour finir par former un livre collectif, le livre des livres, que personne ne lirait jamais.<\/p>\r\n\r\n\r\n\r\n<p class=\"wp-block-paragraph\">L\u2019apparence est la premi\u00e8re sentinelle de l\u2019estime de soi. C\u2019est justement dans les moments les plus difficiles qu\u2019il faut y faire attention<\/p>\r\n\r\n\r\n\r\n<p class=\"wp-block-paragraph\">La corruption, c\u2019est la continuation de la politique par d\u2019autres moyens.\u00a0<\/p>\r\n\r\n\r\n\r\n<p class=\"wp-block-paragraph\">le courage avait depuis longtemps remplac\u00e9 la confiance. C\u2019\u00e9tait un sentiment plus s\u00fbr, car il ne d\u00e9pendait de personne d\u2019autre que de soi, tandis que la confiance\u2026<\/p>\r\n\r\n\r\n\r\n<p class=\"wp-block-paragraph\">L\u2019\u00e9ternel recommencement\u00a0! L\u2019un de mes amis, sp\u00e9cialiste en num\u00e9rologie, m\u2019a expliqu\u00e9 que si l\u2019on effectue\u00a0la somme pythagoricienne de 129, cela donne 1+2+9 soit\u00a012. Douze, le chiffre du temps et du renouveau. Les douze heures qui reviennent \u00e0 l\u2019infini sur le cadran de votre montre, les douze mois de l\u2019ann\u00e9e\u2026 Vous voyez la symbolique<\/p>\r\n\r\n\r\n\r\n<p class=\"wp-block-paragraph\">Un fasciste ne s\u2019excuse jamais. Il ne conna\u00eet que deux verbes. Ob\u00e9ir et agir\u00a0!<\/p>\r\n\r\n\r\n\r\n<p class=\"wp-block-paragraph\">Churchill n\u2019avait jamais eu de fascination pour la famille royale, mais il savait que les <em>royals<\/em>\u00a0\u00e9taient ins\u00e9parables de l\u2019histoire d\u2019Angleterre.\u00a0<\/p>\r\n\r\n\r\n\r\n<p class=\"wp-block-paragraph\">Il avait l\u2019habitude de signer ses rapports secrets envoy\u00e9s \u00e0 la reine par le code 007. Le double z\u00e9ro repr\u00e9sente les yeux de la reine. Rien que pour ses yeux. Le 7, chiffre f\u00e9tiche de Dee, symbolise la compr\u00e9hension de toute chose.\u00a0<\/p>\r\n","protected":false},"excerpt":{"rendered":"<p>Auteurs\u00a0:Eric Giacometti, \u00e9crivain, a \u00e9t\u00e9 journaliste d\u2019investigation, puis chef de service \u00e0 la rubrique \u00e9conomie au Parisien I Aujourd\u2019hui en France. Il a enqu\u00eat\u00e9 \u00e0 la fin des ann\u00e9es 1990 sur la franc-ma\u00e7onnerie, dans le volet des affaires sur la C\u00f4te d\u2019Azur. En 2016, il est devenu le nouveau sc\u00e9nariste des aventures de Largo Winch &hellip; <\/p>\n<p class=\"read-more\"><a class=\"readmore-btn\" href=\"https:\/\/www.cathjack.ch\/wordpress\/?p=11057\">+<span class=\"screen-reader-text\">  Read More<\/span><\/a><\/p>\n","protected":false},"author":1,"featured_media":11058,"comment_status":"open","ping_status":"open","sticky":false,"template":"","format":"standard","meta":{"_crdt_document":"","_monsterinsights_skip_tracking":false,"_monsterinsights_sitenote_active":false,"_monsterinsights_sitenote_note":"","_monsterinsights_sitenote_category":0,"footnotes":""},"categories":[632,651,203,140,446,53,46,249,237,386,101,12,469,40,78],"tags":[975,1110,1141,533,977,190],"class_list":["post-11057","post","type-post","status-publish","format-standard","has-post-thumbnail","hentry","category-632","category-allemagne","category-allemagne-nazie","category-angleterre","category-serie","category-franc-maconnerie-esotherisme","category-polhist","category-autriche","category-fascisme","category-hitler","category-italie-2","category-litterature-france","category-nazisme","category-venise","category-xxeme","tag-archeologie","tag-chasse-au-tresor","tag-crete","tag-esotherisme","tag-occultisme","tag-politique"],"aioseo_notices":[],"_links":{"self":[{"href":"https:\/\/www.cathjack.ch\/wordpress\/index.php?rest_route=\/wp\/v2\/posts\/11057","targetHints":{"allow":["GET"]}}],"collection":[{"href":"https:\/\/www.cathjack.ch\/wordpress\/index.php?rest_route=\/wp\/v2\/posts"}],"about":[{"href":"https:\/\/www.cathjack.ch\/wordpress\/index.php?rest_route=\/wp\/v2\/types\/post"}],"author":[{"embeddable":true,"href":"https:\/\/www.cathjack.ch\/wordpress\/index.php?rest_route=\/wp\/v2\/users\/1"}],"replies":[{"embeddable":true,"href":"https:\/\/www.cathjack.ch\/wordpress\/index.php?rest_route=%2Fwp%2Fv2%2Fcomments&post=11057"}],"version-history":[{"count":5,"href":"https:\/\/www.cathjack.ch\/wordpress\/index.php?rest_route=\/wp\/v2\/posts\/11057\/revisions"}],"predecessor-version":[{"id":24151,"href":"https:\/\/www.cathjack.ch\/wordpress\/index.php?rest_route=\/wp\/v2\/posts\/11057\/revisions\/24151"}],"wp:featuredmedia":[{"embeddable":true,"href":"https:\/\/www.cathjack.ch\/wordpress\/index.php?rest_route=\/wp\/v2\/media\/11058"}],"wp:attachment":[{"href":"https:\/\/www.cathjack.ch\/wordpress\/index.php?rest_route=%2Fwp%2Fv2%2Fmedia&parent=11057"}],"wp:term":[{"taxonomy":"category","embeddable":true,"href":"https:\/\/www.cathjack.ch\/wordpress\/index.php?rest_route=%2Fwp%2Fv2%2Fcategories&post=11057"},{"taxonomy":"post_tag","embeddable":true,"href":"https:\/\/www.cathjack.ch\/wordpress\/index.php?rest_route=%2Fwp%2Fv2%2Ftags&post=11057"}],"curies":[{"name":"wp","href":"https:\/\/api.w.org\/{rel}","templated":true}]}}