{"id":11987,"date":"2020-10-19T19:26:30","date_gmt":"2020-10-19T17:26:30","guid":{"rendered":"https:\/\/www.cathjack.ch\/wordpress\/?p=11987"},"modified":"2020-10-19T19:42:50","modified_gmt":"2020-10-19T17:42:50","slug":"martin-ibon-la-valse-des-tulipes-rl2020","status":"publish","type":"post","link":"https:\/\/www.cathjack.ch\/wordpress\/?p=11987","title":{"rendered":"Martin, Ibon \u00abLa valse des tulipes\u00bb (RL2020)"},"content":{"rendered":"<p><strong>Auteur<\/strong>\u00a0: Ibon Martin est n\u00e9 \u00e0 Saint-S\u00e9bastien en 1976. Apr\u00e8s des \u00e9tudes de journalisme, il a \u00e9crit plusieurs guides sur le Pays basque, qu&rsquo;il a arpent\u00e9 pendant de nombreuses ann\u00e9es. La Valse des tulipes est son premier roman traduit en fran\u00e7ais.<\/p>\n<p>Actes Sud \u2013 Actes noirs \u2013 02.09.2020 \u2013 477 pages (La danza de los\u00a0tulipanes &#8211; Claude Bleton -traducteur)<\/p>\n<p><strong>R\u00e9sum\u00e9<\/strong>\u00a0: Bienvenue dans l&rsquo;estuaire d&rsquo;Urdaibai, poumon de la Biscaye, un espace naturel d&rsquo;une beaut\u00e9 stup\u00e9fiante qui s&rsquo;\u00e9tend des mar\u00e9cages de Gernika aux falaises d\u00e9chiquet\u00e9es de la mer Cantabrique. Ce paradis, qui vit au rythme des mar\u00e9es, voit soudain sa tranquillit\u00e9 mise \u00e0 mal par le meurtre de plusieurs femmes, toutes \u00e2g\u00e9es d&rsquo;une cinquantaine d&rsquo;ann\u00e9es. Ane, une jeune inspectrice de Bilbao, f\u00e9rue de rock, de surf et de mythologie celte, est aux commandes d&rsquo;une nouvelle unit\u00e9 d&rsquo;\u00e9lite charg\u00e9e de r\u00e9soudre l&rsquo;affaire avant que la presse ne fasse souffler un vent de panique sur toute la r\u00e9gion.<br \/>\nCe page-turner s&rsquo;appuie sur une histoire terriblement addictive et une foule de personnages merveilleusement incarn\u00e9s.<br \/>\nMais il captive tout autant par son atmosph\u00e8re : villages aust\u00e8res, maisons de granit, processions fi\u00e9vreuses, \u00e9cho lancinant de la pluie, relents de salp\u00eatre, ballets de go\u00e9lands dans le sillage des chalutiers qui rentrent au port&#8230; Tout autour, les t\u00e9n\u00e8bres franquistes, telle une plaie toujours \u00e0 vif, baignent cette nature sauvage peupl\u00e9e d&rsquo;hommes rudes et de multiples secrets.<\/p>\n<p>(<em>j\u2019ai volontairement \u00e9pur\u00e9 le r\u00e9sum\u00e9 car il d\u00e9voilait trop d\u2019informations sur l\u2019intrigue<\/em>)<\/p>\n<p><strong>Mon avis<\/strong>\u00a0:<\/p>\n<p>Quel plaisir de se trouver plong\u00e9e dans cette nature sauvage et rude, \u00e0 l\u2019image de ses habitants. J\u2019ai retrouv\u00e9 l\u2019ambiance de cette r\u00e9gion abrupte et tourment\u00e9e, de ces gens qui sont extr\u00eamement humains une fois que la carapace se fissure, avant de s\u2019ouvrir totalement. Ou tout ou rien\u2026<\/p>\n<p>Pas facile quand on est une jeune femme d\u2019\u00eatre nomm\u00e9e \u00e0 la t\u00eate d\u2019un groupe et propuls\u00e9e sous les feux des m\u00e9dias dans une enqu\u00eate sur un tueur en s\u00e9rie qui fait souffler un vent de panique sur toute une r\u00e9gion. En effet, la premi\u00e8re victime est la star de la radio locale\u00a0: elle se fait \u00e9crabouiller par un train conduit par son mari. Autant vous dire que cela commence fort\u00a0! et elle tient dans les mains une magnifique tulipe rouge, ce qui semble bien incongru en plein mois d\u2019octobre\u2026<br \/>\nDifficile de vous en dire beaucoup plus sans g\u00e2cher le suspense de ce thriller qui m\u2019a tenue en haleine de la premi\u00e8re \u00e0 la derni\u00e8re page, aussi je ne vais pas vous en conter davantage&#8230; Au fur et \u00e0 mesure que l\u2019enqu\u00eate avan\u00e7ait, j\u2019en suis venue \u00e0 soup\u00e7onner une bonne partie des personnages, \u00e0 tour de r\u00f4le et je dois dire que le suspense a dur\u00e9 jusqu\u2019\u00e0 la fin.<br \/>\nJ\u2019ai beaucoup aim\u00e9 les personnages, et surtout Ane Cestero, la jeune polici\u00e8re qui dirige l\u2019enqu\u00eate. Une femme, qui r\u00e9agit \u00e0 l\u2019instinct, a du mal \u00e0 se maitriser face \u00e0 l\u2019injustice, \u00e0 la violence faite aux femmes, est \u00e0 la fois professionnelle et tout \u00e0 fait capable de se lancer toute seule sur une piste dangereuse\u2026 bref un caract\u00e8re \u00e0 la fois bien tremp\u00e9 et fragile.<br \/>\nL\u2019auteur \u00e9tant amoureux de la r\u00e9gion, il nous la fait d\u00e9couvrir et nul doute que l\u2019ambiance dans laquelle baigne cette enqu\u00eate fait de l\u2019endroit un v\u00e9ritable personnage. La mer Cantabrique, les p\u00eacheurs, les surfeurs, toute cette c\u00f4te est mise en valeur et contribue \u00e0 rendre cette atmosph\u00e8re \u00e0 la fois oppressante et partie prenante de l\u2019enqu\u00eate. La cote qui est \u00e9galement fr\u00e9quent\u00e9e par les \u00a0trafiquants de drogue\u2026<br \/>\nEt si vous aimez les fleurs, et en particulier les hybridations, vous allez vous r\u00e9galer..<\/p>\n<p>Et comme toujours pour moi il y a toujours un gros plus quand j\u2019en apprends davantage sur la mythologie d\u2019un peuple\u00a0: les lamies, la d\u00e9esse Mari et son \u00e9poux Sugaar.<\/p>\n<p>Une fois encore, je tire mon chapeau aux auteurs de thrillers basques. J\u2019avais ador\u00e9 <em>la\u00a0 trilogie du Bazt\u00e1n de Dolores Redondo<\/em> ( \u00ab<a href=\"http:\/\/www.cathjack.ch\/wordpress\/?p=1803\">Le gardien invisible<\/a>\u00bb,\u00a0 \u00ab<a href=\"http:\/\/www.cathjack.ch\/wordpress\/?p=2416\">De chair et d\u2019os<\/a>\u00bb ,\u00a0\u00a0\u00ab<a href=\"https:\/\/www.cathjack.ch\/wordpress\/?p=3774\">Une offrande \u00e0 la temp\u00eate<\/a>\u00bb ) et une fois encore j\u2019ai \u00e9t\u00e9 captiv\u00e9e par ce roman qui se d\u00e9roule entre Galice et Euskadi. Ne me reste plus qu\u2019\u00e0 enchainer sur les livres de August\u00edn Mart\u00ednez et Eva Garc\u00eda S\u00e1enz de Urturi<\/p>\n<p><strong>Extraits<\/strong>\u00a0:<\/p>\n<p>C\u2019est Sugaar, l\u2019\u00e9poux de la d\u00e9esse Mari. Vous devriez vous int\u00e9resser un peu plus \u00e0 la mythologie basque.<\/p>\n<p>Les tulipes symbolisent l\u2019organisation, ce sont des fleurs qui ne laissent pas de place au hasard, toujours semblables, avec leurs six p\u00e9tales. Il n\u2019y a pas deux roses pareilles, ni deux chrysanth\u00e8mes, contrairement aux tulipes.<\/p>\n<p>la tulipe est une fleur associ\u00e9e \u00e0 la tristesse, \u00e0 la suite d\u2019un d\u00e9samour ou d\u2019une amiti\u00e9 trahie.<\/p>\n<p>Le noir pr\u00e9domine, mais on voit aussi quelque jeans chez les plus jeunes. Les parapluies apportent une note de couleur. Les fleurs aussi, que les employ\u00e9s des pompes fun\u00e8bres portent derri\u00e8re le cercueil.<\/p>\n<p>Julia a un\u00a0<em>eguzkilore<\/em>, la fleur du chardon sylvestre \u00e0 laquelle la tradition attribue des vertus protectrices. Les propri\u00e9taires l\u2019accrochent \u00e0 leur porte afin de repousser les cr\u00e9atures de la nuit. Sa ressemblance avec le soleil donne l\u2019illusion qu\u2019il n\u2019y a pas d\u2019obscurit\u00e9 chez eux. Ce qui emp\u00eache ces cr\u00e9atures d\u2019entrer.<\/p>\n<p>J\u2019en ai marre de devoir donner des explications. Je te parie que cela ne t\u2019arrive jamais\u00a0! \u00c0 toi, bien s\u00fbr que non, tu es un mec\u00a0! Moi, si, tous les jours\u00a0! \u00c0 chaque heure, je dois me justifier. Une femme ne peut pas progresser selon ses propres m\u00e9rites\u2026 Il y aura toujours un doute.<\/p>\n<p>Le ciel est \u00e9teint, d\u2019un gris si sombre qu\u2019il en est presque noir.<\/p>\n<p>Cette plainte m\u00e9tallique saupoudre de tristesse un paysage trop habitu\u00e9 aux adieux. La mer est source de vie et de richesse dans les rias galiciennes, mais elle \u00e9crit bien souvent la derni\u00e8re note de musique de ceux qui essaient de danser au son de ses vagues.<\/p>\n<p>Ces oiseaux sont partout. Ils s\u2019envolent, contrari\u00e9s, quand les mains des ertzainas s\u2019accrochent aux rebords o\u00f9 ils se posent. Leurs cris deviennent alors la bande sonore plut\u00f4t cacophonique d\u2019une escalade qui, par ailleurs, est escort\u00e9e par le rugissement constant du Cantabrique qui fouette les brisants.<br \/>\n\u2014 Parfois, j\u2019ai l\u2019impression qu\u2019elles veulent me donner des coups de bec, avoue-t-elle en regardant du coin de l\u2019\u0153il une mouette qui la lorgne d\u2019un peu trop pr\u00e8s.<\/p>\n<p>L\u2019esprit a besoin d\u2019un r\u00e9pit. Je t\u2019ai amen\u00e9e ici pour que tu oublies tout et que tu respires un peu de libert\u00e9.<\/p>\n<p>\u2014\u00a0Plus tu regarderas les affaires de pr\u00e8s, plus tu auras du mal \u00e0 trouver l\u2019assassin. C\u2019est comme regarder d\u2019en haut. Cette perspective permet de d\u00e9couvrir des choses qu\u2019on ne voit pas au ras du sol. Ne minimise pas le recul. Ne minimise pas ta vie.<\/p>\n<p>Le sentiment d\u2019ins\u00e9curit\u00e9 grandit. La radio vous le livre sur un plateau jusqu\u2019\u00e0 votre lit. Des t\u00e9moignages saisis sur le vif parlent de la peur, des femmes qui ne sortent qu\u2019accompagn\u00e9es, et de l\u2019impression qu\u2019on n\u2019est plus prot\u00e9g\u00e9.<\/p>\n<p>Non, ses mauvais traitements sont plus subtils, mais pas moins douloureux. Chez lui, tout est bas\u00e9 sur le mot, et pas seulement sur ceux qui sortent de ses l\u00e8vres et semblent souvent forg\u00e9s par le diable en personne, mais sur ceux qu\u2019il ne prononce pas. Ses silences sont aussi pernicieux que la plus brutale des racl\u00e9es, surtout quand ils arrivent apr\u00e8s une bord\u00e9e de menaces, d\u2019extorsions et de m\u00e9pris.<\/p>\n<p>Plus de dix heures du soir, l\u2019hiver est aux portes et il pleut. Prenez tous ces ingr\u00e9dients, m\u00e9langez-les dans un shaker, et vous comprendrez que les gens fr\u00e9quentent beaucoup moins les bars apr\u00e8s le travail.<\/p>\n<p>Les battements de son propre c\u0153ur se joignent \u00e0 la musique. Elle sent qu\u2019elle en fait partie, comme toujours quand elle joue de la batterie. [\u2026]<br \/>\nTout se dissout comme une goutte d\u2019encre dans l\u2019immensit\u00e9 de l\u2019oc\u00e9an. Il n\u2019y a plus qu\u2019elle et la musique, la musique et elle. Et rien d\u2019autre.<\/p>\n<p>\u00c0 Mundaka, on dit que c\u2019est le lieu o\u00f9 habitent les lamies, ces cr\u00e9atures mythologiques \u00e0 torse de femme et pattes de ch\u00e8vre<\/p>\n<p>Les bancs de sable et la mer s\u2019amusent \u00e0 dessiner un beau tableau impressionniste qui met en harmonie les tons dor\u00e9s et bleus du Cantabrique. Ce sont les caprices de la mar\u00e9e basse, cette heure magique o\u00f9 l\u2019embouchure de la ria prend l\u2019aspect d\u2019un album photos.<\/p>\n<p>Une polici\u00e8re ne devrait jamais mettre son int\u00e9r\u00eat personnel au-dessus des gens qu\u2019elle doit prot\u00e9ger.<\/p>\n<p><strong>Infos<\/strong>\u00a0:<br \/>\n<strong>Sugaar <\/strong>(autres noms : Sugar, Sugoi, Maju ou Suar) est la partie m\u00e2le d&rsquo;une d\u00e9it\u00e9 pr\u00e9-chr\u00e9tienne dans la mythologie basque associ\u00e9e aux orages et \u00e0 la foudre, et \u00e9poux de Mari. Il est en g\u00e9n\u00e9ral repr\u00e9sent\u00e9 par un dragon ou un serpent. (Wikip\u00e9dia)<\/p>\n<p><strong>Le For\u00eat d&rsquo;Oma\u00a0<\/strong>: ( <a href=\"https:\/\/tourisme.euskadi.eus\/fr\/patrimoines-culturels\/foret-doma\/aa30-12375\/fr\/\">voir article<\/a> )<em>\u00a0<\/em><\/p>\n","protected":false},"excerpt":{"rendered":"<p>Auteur\u00a0: Ibon Martin est n\u00e9 \u00e0 Saint-S\u00e9bastien en 1976. Apr\u00e8s des \u00e9tudes de journalisme, il a \u00e9crit plusieurs guides sur le Pays basque, qu&rsquo;il a arpent\u00e9 pendant de nombreuses ann\u00e9es. La Valse des tulipes est son premier roman traduit en fran\u00e7ais. Actes Sud \u2013 Actes noirs \u2013 02.09.2020 \u2013 477 pages (La danza de los\u00a0tulipanes &hellip; <\/p>\n<p class=\"read-more\"><a class=\"readmore-btn\" href=\"https:\/\/www.cathjack.ch\/wordpress\/?p=11987\">+<span class=\"screen-reader-text\">  Read More<\/span><\/a><\/p>\n","protected":false},"author":1,"featured_media":11988,"comment_status":"open","ping_status":"open","sticky":false,"template":"","format":"standard","meta":{"_crdt_document":"","_monsterinsights_skip_tracking":false,"_monsterinsights_sitenote_active":false,"_monsterinsights_sitenote_note":"","_monsterinsights_sitenote_category":0,"footnotes":""},"categories":[501,5,35,23,8,73,1223],"tags":[158,417,159,186,1272,525,1225,116,442,268,1137,139,334,270,285,1271,680,530],"class_list":["post-11987","post","type-post","status-publish","format-standard","has-post-thumbnail","hentry","category-1er-roman","category-lecture-polar","category-coup-de-coeur-lectures","category-espagne","category-espagnol","category-basque","category-rl2020","tag-adoption","tag-disparition","tag-drogue","tag-enquete","tag-euzkadi","tag-femmes-battues","tag-fleurs","tag-folie","tag-legendes","tag-maltraitance","tag-medias","tag-mer","tag-meurtres","tag-mythologie","tag-psychopathe","tag-reli","tag-thriller-psycho-psychiatrique","tag-tueur-en-serie"],"aioseo_notices":[],"_links":{"self":[{"href":"https:\/\/www.cathjack.ch\/wordpress\/index.php?rest_route=\/wp\/v2\/posts\/11987","targetHints":{"allow":["GET"]}}],"collection":[{"href":"https:\/\/www.cathjack.ch\/wordpress\/index.php?rest_route=\/wp\/v2\/posts"}],"about":[{"href":"https:\/\/www.cathjack.ch\/wordpress\/index.php?rest_route=\/wp\/v2\/types\/post"}],"author":[{"embeddable":true,"href":"https:\/\/www.cathjack.ch\/wordpress\/index.php?rest_route=\/wp\/v2\/users\/1"}],"replies":[{"embeddable":true,"href":"https:\/\/www.cathjack.ch\/wordpress\/index.php?rest_route=%2Fwp%2Fv2%2Fcomments&post=11987"}],"version-history":[{"count":1,"href":"https:\/\/www.cathjack.ch\/wordpress\/index.php?rest_route=\/wp\/v2\/posts\/11987\/revisions"}],"predecessor-version":[{"id":11989,"href":"https:\/\/www.cathjack.ch\/wordpress\/index.php?rest_route=\/wp\/v2\/posts\/11987\/revisions\/11989"}],"wp:featuredmedia":[{"embeddable":true,"href":"https:\/\/www.cathjack.ch\/wordpress\/index.php?rest_route=\/wp\/v2\/media\/11988"}],"wp:attachment":[{"href":"https:\/\/www.cathjack.ch\/wordpress\/index.php?rest_route=%2Fwp%2Fv2%2Fmedia&parent=11987"}],"wp:term":[{"taxonomy":"category","embeddable":true,"href":"https:\/\/www.cathjack.ch\/wordpress\/index.php?rest_route=%2Fwp%2Fv2%2Fcategories&post=11987"},{"taxonomy":"post_tag","embeddable":true,"href":"https:\/\/www.cathjack.ch\/wordpress\/index.php?rest_route=%2Fwp%2Fv2%2Ftags&post=11987"}],"curies":[{"name":"wp","href":"https:\/\/api.w.org\/{rel}","templated":true}]}}