{"id":12266,"date":"2020-11-28T12:50:04","date_gmt":"2020-11-28T10:50:04","guid":{"rendered":"https:\/\/www.cathjack.ch\/wordpress\/?p=12266"},"modified":"2021-07-24T10:58:28","modified_gmt":"2021-07-24T08:58:28","slug":"loevenbruck-henri-le-loup-des-cordeliers-2019","status":"publish","type":"post","link":"https:\/\/www.cathjack.ch\/wordpress\/?p=12266","title":{"rendered":"Loevenbruck, Henri \u00abLe loup des Cordeliers\u00bb (2019)"},"content":{"rendered":"<p><strong>Auteur\u00a0:\u00a0<\/strong>n\u00e9 le 21 mars 1972 \u00e0 Paris, est un \u00e9crivain, chanteur et compositeur fran\u00e7ais, D\u2019origine autrichienne et allemande. Apr\u00e8s une jeunesse partag\u00e9e entre le 11e arrondissement de Paris et l\u2019Angleterre, Henri L\u0153venbruck fait une kh\u00e2gne au lyc\u00e9e Chaptal \u00e0 Paris, une ma\u00eetrise d\u2019anglais \u00e0 la Sorbonne, puis se lance dans le journalisme et la musique. Il publie son premier roman en 1998 aux \u00e9ditions Baleine, sous le pseudonyme de Philippe Machine.<br \/>\nAuteur de thrillers, de romans d\u2019aventure et de fantasy, il est traduit dans plus de quinze langues. Auteur-compositeur-interpr\u00e8te, il \u00e9crit des chansons pour lui-m\u00eame et pour d\u2019autres artistes fran\u00e7ais.<br \/>\n<strong>Romans ind\u00e9pendants<\/strong>\u00a0: Le Testament des si\u00e8cles (2003) &#8211; Le Syndrome Copernic (2007) &#8211; <a href=\"https:\/\/www.cathjack.ch\/wordpress\/?p=9579\">L&rsquo;Apothicaire<\/a> (2011) &#8211; Nous r\u00eavions juste de libert\u00e9 (2015) &#8211; J&rsquo;irai tuer pour vous (2018)<br \/>\nSerie Serum \u2013 Cycle Ari Mackenzie \u2013 Cycle des loups (S\u00e9rie La Mo\u00efra- S\u00e9rie Gallica) \u2013 S\u00e9rie Le testament des si\u00e8cles) &#8211;<br \/>\nX.O. \u2013 24.10.2019 \u2013 560 pages \/Pocket 8.10.2020 \u2013 633 pages<\/p>\n<p><strong>S\u00e9rie historique Gabriel Joly<\/strong>\u00a0: <a href=\"https:\/\/www.cathjack.ch\/wordpress\/?p=12266\">Le Loup des Cordeliers<\/a> (2019) &#8211; <a href=\"https:\/\/www.cathjack.ch\/wordpress\/?p=13616\">Le Myst\u00e8re de la main rouge<\/a> (2020)<\/p>\n<p><strong>R\u00e9sum\u00e9\u00a0: <\/strong>Mai 1789, un vent de r\u00e9volte souffle sur Paris. Gabriel Joly, jeune provincial ambitieux, monte \u00e0 la capitale o\u00f9 il r\u00eave de devenir le plus grand journaliste de son temps. Un enqu\u00eateur d\u00e9termin\u00e9 \u00e0 faire la lumi\u00e8re sur les myst\u00e8res de cette p\u00e9riode tourment\u00e9e. Son premier d\u00e9fi : d\u00e9masquer le Loup des Cordeliers, cet \u00e9trange justicier qui tient un loup en laisse et, la nuit, commet de sanglants assassinats pour prot\u00e9ger des femmes dans les rues de Paris&#8230;<br \/>\nLes investigations de Gabriel Joly le conduisent alors sur la route des grands acteurs de la R\u00e9volution qui commence : Danton, Desmoulins, Mirabeau, Robespierre, personnages dont on d\u00e9couvre l&rsquo;ambition, le caract\u00e8re, les plans secrets. Alors que, le 14 juillet, un homme s&rsquo;\u00e9chappe discr\u00e8tement de la Bastille, Gabriel Joly va-t-il d\u00e9couvrir l&rsquo;identit\u00e9 v\u00e9ritable du Loup des Cordeliers, et mettre au jour l&rsquo;un des plus grands complots de la R\u00e9volution fran\u00e7aise ?<\/p>\n<p><strong>Mon avis<\/strong>\u00a0: Quelques petites r\u00e9flexions. Si, comme moi, on appr\u00e9cie beaucoup le cot\u00e9 historique, c\u2019est juste parfait. Mais si on s\u2019attend \u00e0 lire un thriller avec un contexte historique, cela risque de para\u00eetre longuet\u00a0! Et surtout d\u00e9cevant car ce n\u2019est pas ce que je qualifie de tome 1 d\u2019une s\u00e9rie mais de premi\u00e8re partie d\u2019une enqu\u00eate. Et le sujet principal du livre est la R\u00e9volution Fran\u00e7aise et non pas l\u2019intrigue, ou plut\u00f4t les deux intrigues qui occupent notre petit journaliste.<br \/>\nVous l\u2019aurez compris, c\u2019est du pur et dur \u00ab\u00a0historique\u00a0\u00bb, et extr\u00eamement bien document\u00e9 et passionnant pour apprendre comment les \u00e9v\u00e9nements se sont enchain\u00e9s pour arriver \u00e0 la prise de la Bastille et faire plus ample connaissance avec les personnages historiques de l\u2019\u00e9poque. J\u2019ai bien aim\u00e9 aussi le passage ou ils parle des loups qui sont pr\u00e9sents dans l\u2019histoire parisienne (apr\u00e8s la guerre de Cent Ans\u00a0; la B\u00eate du G\u00e2tinais, un loup n\u00e9crophage au XVII<sup>e<\/sup>\u00a0si\u00e8cle\u2026)\u00a0 et l\u2019importance des loges ma\u00e7onniques \u00e0 l\u2019\u00e9poque.<br \/>\nPour moi la grande d\u00e9couverte fut la f\u00e9ministe Anne-Jos\u00e8phe\u00a0Th\u00e9roigne de M\u00e9ricourt, qui est une h\u00e9ro\u00efne de roman qui a bel et bien exist\u00e9 et est totalement fascinante. Vient ensuite R\u00e9cif, le pirate, le Sal\u00e9tin, \u00abh\u00e9ritier d\u2019une dynastie de seigneurs de la mer, avait grandi au milieu de cette communaut\u00e9 de corsaires sarrasins, y avait appris l\u2019art de la navigation et du combat, et y avait d\u00e9velopp\u00e9 un certain go\u00fbt pour la roublardise et un sens particulier de l\u2019honneur.\u00bb, R\u00e9cif, chef de la confr\u00e9rie des Ren\u00e9gats, et qui a face \u00e0 lui une bande rivale, les Rufians. Et enfin seulement Gabriel, qui manque de charisme, mais a le m\u00e9rite d\u2019aimer la v\u00e9rit\u00e9 et de cr\u00e9er en quelque sorte le journalisme d\u2019investigation\u00a0; il faudrait qu\u2019il s\u2019\u00e9toffe sacr\u00e9ment pour devenir celui qu\u2019on a envie de retrouver\u2026 mais comme j\u2019ai envie de connaitre la fin de cette histoire, il aura sa chance dans la suite, \u00ab\u00a0Le Myst\u00e8re de la main rouge\u00a0\u00bb qui est paru en 2020. Ma tr\u00e8s ch\u00e8re Olympe de Gouges est vaguement mentionn\u00e9e, mais sans que le personnage soit mis en \u00e9vidence.<br \/>\nAlors si j\u2019ai eu comme premier impression \u00ab\u00a0\u00e7a commence fort\u00a0\u00bb, ensuite cela se traine quand m\u00eame un peu beaucoup cot\u00e9 intrigue. Donc mitig\u00e9e\u2026 oui pour l\u2019Histoire avec un grand \u00ab\u00a0H\u00a0\u00bb \u2026 et tout d\u00e9pend de ce que vous attendez\u00a0: roman ou thriller\u2026<\/p>\n<p>Rien \u00e0 voir avec le h\u00e9ros de <em>la s\u00e9rie <strong>Victor Dauterive de Jean-Christophe Portes<\/strong><\/em>, qui se d\u00e9roule \u00e0 la m\u00eame p\u00e9riode et qui s\u2019articule autour du personnage de Victor Dauterive, jeune officier de la nouvelle Gendarmerie nationale que je vous recommande chaudement si vous aimez les polars historiques qui se d\u00e9roulent sur cette p\u00e9riode.<\/p>\n<p><strong>Extraits\u00a0<\/strong>:<\/p>\n<p>couvent des Cordeliers, ainsi nomm\u00e9 d\u2019apr\u00e8s le sobriquet que l\u2019on donnait aux moines franciscains, dont la ceinture \u00e9tait une simple corde.<\/p>\n<p>Sans doute est-il naturel aux femmes d\u2019\u00e9prouver quelque compassion pour ceux qui, comme elles, sont les victimes de la force et des pr\u00e9jug\u00e9s, et parfois m\u00eame du commerce des hommes. Nous sommes au si\u00e8cle des encyclop\u00e9distes, et l\u2019on continue sans jugement de faire partout la traite des femmes et des Noirs\u2026<\/p>\n<p>\u2014\u00a0Et dire que tout Paris me croit l\u2019amant de cette femme, alors qu\u2019elle m\u2019abandonne, vous le voyez, \u00e0 la premi\u00e8re occasion\u00a0!<br \/>\n\u2014\u00a0Le privil\u00e8ge des amants n\u2019est-il pas justement de pouvoir s\u2019abandonner\u00a0?<\/p>\n<p>Je vous rappelle que les pi\u00e8ces de th\u00e9\u00e2tre sont comme les romans\u00a0: quand elles sont bonnes, elles sont prohib\u00e9es.<\/p>\n<p>\u2014\u00a0Voil\u00e0 une bien \u00e9trange fa\u00e7on de nouer des liens\u00a0! Ce serait donc une amiti\u00e9 int\u00e9ress\u00e9e\u00a0?<br \/>\n\u2014\u00a0Allons, jeune homme\u00a0! Toutes les amiti\u00e9s le sont\u00a0! Et il est bien plus confortable de conna\u00eetre l\u2019int\u00e9r\u00eat qui motive tes amis que de ne voir dans leur affection qu\u2019une divine prodigalit\u00e9\u00a0! Avec un compagnon, on partage le pain. Mieux vaut savoir de quel pain il s\u2019agit, n\u2019est-ce pas\u00a0?<\/p>\n<p>Nul n\u2019est mieux plac\u00e9 pour \u00e9liminer le mal que celui qui lui a donn\u00e9 le jour\u2026<\/p>\n<p>\u2014\u00a0La ma\u00e7onnerie, madame, est une pyramide semblable \u00e0 la soci\u00e9t\u00e9\u00a0: le courage et l\u2019audace s\u2019y trouvent plus rarement du c\u00f4t\u00e9 du sommet que de celui de la base\u2026<\/p>\n<p>Vous \u00eates le dernier homme en qui je garde encore toute ma confiance.<br \/>\n\u2014\u00a0Est-ce toujours par la flatterie que vous obtenez des hommes ce que vous d\u00e9sirez\u00a0?<br \/>\n\u2014\u00a0Non. Parfois, c\u2019est par les armes.<\/p>\n<p>On ne soigne pas la m\u00e9lancolie par la fr\u00e9quentation du bonheur. Je ne suis pas s\u00fbr qu\u2019on puisse vraiment la soigner, d\u2019ailleurs. On s\u2019efforce seulement de la supporter, en trouvant une \u00e2me qui la conna\u00eet assez, elle aussi, pour la comprendre et la partager\u2026<\/p>\n<p>Les philosophes, les clubs, les acad\u00e9mies qui se sont multipli\u00e9s ces derni\u00e8res ann\u00e9es ont d\u00e9j\u00e0 grandement \u0153uvr\u00e9 pour la libert\u00e9 de parole et de pens\u00e9e. C\u2019est pr\u00e9cis\u00e9ment parce qu\u2019il <em>est<\/em> plus libre qu\u2019hier que le peuple a la libert\u00e9 de se r\u00e9volter.<\/p>\n<p>\u2014\u00a0Ce n\u2019est pas la populace, monsieur, c\u2019est la nation\u00a0!<\/p>\n<p>Vous avez fait vous-m\u00eame une proposition de d\u00e9claration des droits de l\u2019homme. Je me suis r\u00e9jouie en entendant le d\u00e9put\u00e9 Rabaut Saint-\u00c9tienne r\u00e9clamer la libert\u00e9 pour les Juifs, ce peuple proscrit et vou\u00e9 \u00e0 l\u2019humiliation. Mais les femmes\u00a0? Ne devraient-elles pas avoir les m\u00eames droits\u00a0? Ne devraient-elles pas aspirer \u00e0 l\u2019\u00e9galit\u00e9 politique\u00a0? Ne m\u00e9ritent-elles pas, autant que les Noirs, d\u2019\u00eatre affranchies du droit d\u2019a\u00eenesse masculin\u00a0?<\/p>\n<p>La\u00a0corruption est\u00a0dans l\u2019homme comme l\u2019eau est\u00a0dans la\u00a0mer Riche de son histoire et refusant encore d\u2019abandonner ses id\u00e9aux, il avait fond\u00e9 \u00e0 la Maub\u2019 \u2013\u00a0comme on surnommait les lieux\u00a0\u2013 une nouvelle communaut\u00e9, dite des Ren\u00e9gats, qui perp\u00e9tuait l\u2019esprit libertaire de la piraterie et imposait aux gredins parisiens le respect d\u2019un certain code d\u2019honneur.<\/p>\n<p><strong>Image\u00a0<\/strong>: Anne-Jos\u00e8phe\u00a0Th\u00e9roigne de M\u00e9ricourt<\/p>\n","protected":false},"excerpt":{"rendered":"<p>Auteur\u00a0:\u00a0n\u00e9 le 21 mars 1972 \u00e0 Paris, est un \u00e9crivain, chanteur et compositeur fran\u00e7ais, D\u2019origine autrichienne et allemande. Apr\u00e8s une jeunesse partag\u00e9e entre le 11e arrondissement de Paris et l\u2019Angleterre, Henri L\u0153venbruck fait une kh\u00e2gne au lyc\u00e9e Chaptal \u00e0 Paris, une ma\u00eetrise d\u2019anglais \u00e0 la Sorbonne, puis se lance dans le journalisme et la musique. &hellip; <\/p>\n<p class=\"read-more\"><a class=\"readmore-btn\" href=\"https:\/\/www.cathjack.ch\/wordpress\/?p=12266\">+<span class=\"screen-reader-text\">  Read More<\/span><\/a><\/p>\n","protected":false},"author":1,"featured_media":12267,"comment_status":"open","ping_status":"open","sticky":false,"template":"","format":"standard","meta":{"_crdt_document":"","_monsterinsights_skip_tracking":false,"_monsterinsights_sitenote_active":false,"_monsterinsights_sitenote_note":"","_monsterinsights_sitenote_category":0,"footnotes":""},"categories":[632,446,46,98,43,12,100,360,105,64],"tags":[1093,1305,748,1088,226,978,587,1306,334],"class_list":["post-12266","post","type-post","status-publish","format-standard","has-post-thumbnail","hentry","category-632","category-serie","category-polhist","category-france","category-histoire","category-litterature-france","category-paris","category-revolution-francaise","category-roman","category-xviiieme","tag-assassinat","tag-bastille","tag-danton","tag-enquetes","tag-feminisme","tag-franc-maconnerie","tag-journalisme-investigation","tag-justicier","tag-meurtres"],"aioseo_notices":[],"_links":{"self":[{"href":"https:\/\/www.cathjack.ch\/wordpress\/index.php?rest_route=\/wp\/v2\/posts\/12266","targetHints":{"allow":["GET"]}}],"collection":[{"href":"https:\/\/www.cathjack.ch\/wordpress\/index.php?rest_route=\/wp\/v2\/posts"}],"about":[{"href":"https:\/\/www.cathjack.ch\/wordpress\/index.php?rest_route=\/wp\/v2\/types\/post"}],"author":[{"embeddable":true,"href":"https:\/\/www.cathjack.ch\/wordpress\/index.php?rest_route=\/wp\/v2\/users\/1"}],"replies":[{"embeddable":true,"href":"https:\/\/www.cathjack.ch\/wordpress\/index.php?rest_route=%2Fwp%2Fv2%2Fcomments&post=12266"}],"version-history":[{"count":3,"href":"https:\/\/www.cathjack.ch\/wordpress\/index.php?rest_route=\/wp\/v2\/posts\/12266\/revisions"}],"predecessor-version":[{"id":14049,"href":"https:\/\/www.cathjack.ch\/wordpress\/index.php?rest_route=\/wp\/v2\/posts\/12266\/revisions\/14049"}],"wp:featuredmedia":[{"embeddable":true,"href":"https:\/\/www.cathjack.ch\/wordpress\/index.php?rest_route=\/wp\/v2\/media\/12267"}],"wp:attachment":[{"href":"https:\/\/www.cathjack.ch\/wordpress\/index.php?rest_route=%2Fwp%2Fv2%2Fmedia&parent=12266"}],"wp:term":[{"taxonomy":"category","embeddable":true,"href":"https:\/\/www.cathjack.ch\/wordpress\/index.php?rest_route=%2Fwp%2Fv2%2Fcategories&post=12266"},{"taxonomy":"post_tag","embeddable":true,"href":"https:\/\/www.cathjack.ch\/wordpress\/index.php?rest_route=%2Fwp%2Fv2%2Ftags&post=12266"}],"curies":[{"name":"wp","href":"https:\/\/api.w.org\/{rel}","templated":true}]}}