{"id":12520,"date":"2020-12-31T13:33:03","date_gmt":"2020-12-31T11:33:03","guid":{"rendered":"https:\/\/www.cathjack.ch\/wordpress\/?p=12520"},"modified":"2025-11-24T18:40:59","modified_gmt":"2025-11-24T16:40:59","slug":"feuz-nicolas-le-calendrier-de-lapres-2020","status":"publish","type":"post","link":"https:\/\/www.cathjack.ch\/wordpress\/?p=12520","title":{"rendered":"Feuz, Nicolas \u00abLe calendrier de l&rsquo;Apr\u00e8s\u00bb (2020)"},"content":{"rendered":"<p><b>Auteur\u00a0<\/b>: N\u00e9 en 1971, Nicolas Feuz a exerc\u00e9 les professions d\u2019avocat et de juge d\u2019instruction. Il est actuellement procureur de la R\u00e9publique du canton de Neuch\u00e2tel, en Suisse. Depuis plus de 16 ans, il s\u2019est sp\u00e9cialis\u00e9 dans la lutte contre le trafic de stup\u00e9fiants. Nicolas Feuz a \u00e9tudi\u00e9 le droit \u00e0 l\u2019Universit\u00e9 et obtenu le brevet d\u2019avocat, avant d\u2019\u00eatre \u00e9lu en 1999 comme juge d\u2019instruction, puis en 2008 comme pr\u00e9sident du coll\u00e8ge des juges d\u2019instruction, et enfin en 2011 comme procureur de cette petite R\u00e9publique helv\u00e9tique. En 2010, il s\u2019est lanc\u00e9 dans l\u2019\u00e9criture de romans noirs, m\u00ealant librement r\u00e9alit\u00e9 du terrain et fictions obscures.<\/p>\n<p><b>Romans<\/b>:<br \/>\n<b>La S\u00e9rie Mike Donner<\/b> :<br \/>\n&#8211; <span style=\"color: #0000ff;\"><a style=\"color: #0000ff;\" href=\"https:\/\/www.cathjack.ch\/wordpress\/?p=7183\">EMORATA, pour quelques grammes de chair<\/a>\u00a0<\/span>(2014)<br \/>\n&#8211; \u00a0<span style=\"color: #0000ff;\"><a style=\"color: #0000ff;\" href=\"https:\/\/www.cathjack.ch\/wordpress\/?p=7098\">EUNOTO, les noces de sang<\/a>\u00a0<\/span>(2017)<br \/>\n&#8211;<span class=\"Apple-converted-space\">\u00a0 <\/span>La TrilogieMassa\u00ef (<span style=\"color: #0000ff;\"><a style=\"color: #0000ff;\" href=\"https:\/\/www.cathjack.ch\/wordpress\/?p=20327\">ILMORAN, l\u2019av\u00e8nement du guerrier<\/a><\/span> (2010) \u2013 ILAYOK, le berceau de la folie (2011) \u2013 ILPAYIANI, le cr\u00e9puscule massa\u00ef (2012)<br \/>\n&#8211;<b>Dipyque du confinement:<br \/>\n<\/b>&#8211; <span style=\"color: #0000ff;\"><a style=\"color: #0000ff;\" href=\"https:\/\/www.cathjack.ch\/wordpress\/?p=10890\">Restez chez vous<\/a><\/span>(2020) &#8211;<span style=\"color: #0000ff;\"> <a style=\"color: #0000ff;\" href=\"https:\/\/www.cathjack.ch\/wordpress\/?p=12520\">Le Calendrier de l&rsquo;Apr\u00e8s<\/a><\/span> (2020)<br \/>\n<b>S\u00e9rie Jemsen\u00a0<\/b>: \u2013\u00a0<span style=\"color: #0000ff;\"><a style=\"color: #0000ff;\" href=\"https:\/\/www.cathjack.ch\/wordpress\/?p=7287\">Le Miroir des \u00e2mes<\/a>\u00a0<\/span>(23.08.2018)\u00a0\u2013\u00a0<span style=\"color: #0000ff;\"><a style=\"color: #0000ff;\" href=\"https:\/\/www.cathjack.ch\/wordpress\/?p=9289\">L\u2019ombre du Renard<\/a>\u00a0<\/span>(22.08.2019) \u2013\u00a0<span style=\"color: #0000ff;\"><a style=\"color: #0000ff;\" href=\"https:\/\/www.cathjack.ch\/wordpress\/?p=10978\">L\u2019engrenage du mal<\/a>\u00a0<\/span>(2020)- <span style=\"color: #0000ff;\"><a style=\"color: #0000ff;\" href=\"https:\/\/www.cathjack.ch\/wordpress\/?p=15618\">Brume rouge<\/a> <\/span>(23.02 2022) \u2013 <span style=\"color: #0000ff;\"><a style=\"color: #0000ff;\" href=\"https:\/\/www.cathjack.ch\/wordpress\/?p=17228\">Les larmes du lagon<\/a> <\/span>(10.11.2022) &#8211; <span style=\"color: #0000ff;\"><a style=\"color: #0000ff;\" href=\"https:\/\/www.cathjack.ch\/wordpress\/?p=19148\">Le Philat\u00e9liste<\/a><\/span> (2023) &#8211; <span style=\"color: #0000ff;\"><a style=\"color: #0000ff;\" href=\"https:\/\/www.cathjack.ch\/wordpress\/?p=21240\">Les extrad\u00e9es<\/a> <\/span>(3.10.2024)<br \/>\n<b>Autres<\/b>: La septi\u00e8me vigne (2013)\u2013\u00a0<span style=\"color: #0000ff;\"><a style=\"color: #0000ff;\" href=\"https:\/\/www.cathjack.ch\/wordpress\/?p=8191\">Les Bouches<\/a>\u00a0<\/span>(2015) \u2013\u00a0<span style=\"color: #0000ff;\"><a style=\"color: #0000ff;\" href=\"https:\/\/www.cathjack.ch\/wordpress\/?p=6027\">Horrora borealis<\/a><\/span>\u00a0(2016)- <span style=\"color: #0000ff;\"><a style=\"color: #0000ff;\" href=\"https:\/\/www.cathjack.ch\/wordpress\/?p=13658\">Heresix<\/a> <\/span>(2021) &#8211; <span style=\"color: #0000ff;\">\u00a0<a style=\"color: #0000ff;\" title=\"Feuz, Nicolas \u00ab\u00a0La secte\u00a0\u00bb (2025) 384 pages\" href=\"https:\/\/www.cathjack.ch\/wordpress\/?p=23260\">La secte<\/a> <\/span>(2025)<\/p>\n<p>Slatkine &amp; Cie \u2013 17.12.2020. 2020 \u2013 256 pages<\/p>\n<p><strong>R\u00e9sum\u00e9<\/strong>\u00a0: Apr\u00e8s l\u2019immense succ\u00e8s de\u00a0<em>Restez chez vous<\/em>, offert quotidiennement en ligne durant le premier confinement sous la forme d\u2019un feuilleton gratuit qui est ensuite devenu un livre, Nicolas Feuz imagine ce que sera le monde d\u2019apr\u00e8s l\u2019\u00e9pid\u00e9mie.<br \/>\nDix-huit ans se sont \u00e9coul\u00e9s depuis l\u2019apparition du virus Verna. Le monde a sombr\u00e9 dans le chaos. Les pays, les gouvernements, les m\u00e9dias, Internet, les h\u00f4pitaux, l\u2019arm\u00e9e, la police et bien d\u2019autres vestiges du monde de l\u2019avant ont disparu. La mondialisation n\u2019existe plus et l\u2019absence de moyens de communication emp\u00eache de savoir ce qui se passe de l\u2019autre c\u00f4t\u00e9 de ce qu\u2019\u00e9tait nagu\u00e8re une fronti\u00e8re.<br \/>\nDans ce monde de l\u2019apr\u00e8s, il y a, d\u2019un c\u00f4t\u00e9, les immunis\u00e9s, de l\u2019autre les contagieux, d\u2019un c\u00f4t\u00e9 les bien-pensants, de l\u2019autre les inutiles. Alexis, un des douze \u00e9lus charg\u00e9s de la survie de l\u2019humanit\u00e9, s\u2019aventure dans le monde des inutiles, \u00e0 la recherche de la femme qu\u2019il aime.<br \/>\nDe Gen\u00e8ve \u00e0 Neuch\u00e2tel, en passant par Lausanne, la Riviera vaudoise et la Broye fribourgeoise, un thriller dystopique inqui\u00e9tant.<\/p>\n<p><strong>Mon avis<\/strong>\u00a0:<\/p>\n<p>On se retrouve imm\u00e9diatement en pays connu. J\u2019ai retrouv\u00e9 avec plaisir les personnages de \u00ab\u00a0Restez chez vous\u00a0\u00bb, le polar du 1<sup>er<\/sup> confinement de l\u2019auteur, \u00e0 commencer par Elise Marval.<br \/>\nHabitante de Gen\u00e8ve, c\u2019est un plaisir de me retrouver au Quai Ernest Ansermet, au seizi\u00e8me \u00e9tage de la Tour de la T\u00e9l\u00e9vision et c\u2019est toujours sympa d\u2019\u00e9voluer dans des lieux familiers, m\u00eame si ma pauvre r\u00e9gion est m\u00e9connaissable\u00a0! 18 ans apr\u00e8s le d\u00e9but de la pand\u00e9mie, le monde a drastiquement chang\u00e9. Tout le monde des m\u00e9dias est de l\u2019histoire ancienne\u00a0: plus d\u2019Internet, plus de techniques de communication, fin de la mondialisation, plus de culture, plus de livres, plus d\u2019\u00e9changes, plus de voyages\u2026<br \/>\nLe livre est carr\u00e9ment anti-complotiste et se situe dans un monde totalement d\u00e9truit, un monde dans lequel les institutions qui nous sont famili\u00e8res ont disparu (police, justice, gouvernement d\u00e9mocratique\u2026) et toujours le petit clin d&rsquo;oeil \u00e0 ses amis auteurs de polars qui font une apparition dans le casting&#8230;<br \/>\nLa Suisse Romande est au centre du roman mais l\u2019action pourrait se d\u00e9rouler n\u2019importe o\u00f9 dans un monde ravag\u00e9 par un virus meurtrier au-del\u00e0 de l\u2019imaginable dans lequel la seule chance de survie est le vaccin. Ce n\u2019est pas vraiment un polar, c\u2019est plut\u00f4t un roman d\u2019anticipation qui se d\u00e9roule en 2038. Ce n\u2019est pas un livre sur la Covid car le virus semble \u00eatre nettement plus meurtrier, ce qui est rassurant car on se dit qu\u2019on a \u00e9chapp\u00e9 au pire\u2026<br \/>\nA moins que cela ne refl\u00e8te la situation apr\u00e8s les prochaines vagues.<br \/>\nUne question se pose\u00a0: dans le cas d\u2019une troisi\u00e8me vague, l\u2019auteur nous fera-t-il cadeau d\u2019un rendez-vous journalier sur un Internet encore existant\u00a0?<\/p>\n<p>Un tr\u00e8s grand merci \u00e0 l\u2019auteur qui nous a offert le livre sous forme de feuilleton journalier sur Facebook et aux Editions Slatkine qui m\u2019ont permis de le d\u00e9couvrir d\u00e8s la fin du Calendrier de l\u2019avant. Toujours un plaisir pour moi de lire cet auteur suisse que j\u2019affectionne tout particuli\u00e8rement.<\/p>\n<p><strong>Extraits<\/strong>\u00a0:<\/p>\n<p>L\u2019ancien monde \u00e9tait barbare. Mais le monde de l\u2019apr\u00e8s \u00e9tait-il meilleur\u00a0?<\/p>\n<p>Au seizi\u00e8me \u00e9tage de la tour Marval, il se tenait debout derri\u00e8re la grande baie vitr\u00e9e de son loft, le regard perdu sur les toits de la ville, avec le lac L\u00e9man \u00e0 l\u2019horizon et la montagne du Sal\u00e8ve sur sa droite. On lui avait dit que dans le monde de l\u2019avant, un jet d\u2019eau embellissait la rade, mais il n\u2019\u00e9tait plus en activit\u00e9 depuis la premi\u00e8re vague.<br \/>\nAvec ses parois enti\u00e8rement vitr\u00e9es et ses soixante m\u00e8tres de hauteur, la tour Marval \u00e9tait comme un grand \u0153il ouvert sur Gen\u00e8ve. La cit\u00e9 du bout du lac n\u2019avait plus sa splendeur d\u2019antan.<\/p>\n<p>La premi\u00e8re vague avait, de fait, pouss\u00e9 dans la tombe tous les m\u00e9dias audiovisuels et num\u00e9riques.<br \/>\nLa deuxi\u00e8me vague avait sonn\u00e9 l\u2019hallali des r\u00e9seaux sociaux et la troisi\u00e8me avait achev\u00e9 la presse \u00e9crite. \u00c0 l\u2019aube de l\u2019an 1, le monde de l\u2019apr\u00e8s s\u2019\u00e9tait retrouv\u00e9 sans autre canal d\u2019information, ni moyen de communication que les ondes \u00e0 tr\u00e8s haute fr\u00e9quence. Plus d\u2019Internet, plus de t\u00e9l\u00e9phones portables, mais une renaissance incongrue de ce que le monde de l\u2019avant appelait talkie-walkies.<\/p>\n<p>Officiellement, l\u2019an 2021 du monde de l\u2019avant avait \u00e9t\u00e9 effac\u00e9 du calendrier de l\u2019apr\u00e8s, lorsque la Gouvernance l\u2019avait rebaptis\u00e9 l\u2019an 1.<\/p>\n<p>la Gouvernance respectait plus les animaux que les hommes.<\/p>\n<p>\u2014\u00a0C\u2019est ton tour, Lebel.<br \/>\n\u2014\u00a0Tu fais chier, Norek\u00a0! Pourquoi c\u2019est pas le tour de Tackian\u00a0?<br \/>\n\u2014\u00a0Parce que Tackian est trop fragile.<br \/>\n\u2014\u00a0Bizien alors\u00a0?<br \/>\n\u2014\u00a0Bizien l\u2019a d\u00e9j\u00e0 fait la derni\u00e8re fois.<br \/>\n\u2014\u00a0Et toi\u00a0? Pourquoi ce ne serait pas ton tour\u00a0?<br \/>\n\u2014\u00a0Parce que je suis le chef, r\u00e9pondit Norek.<br \/>\n\u2014\u00a0Tu fais chier, ragea Lebel.<\/p>\n<p>Mais je te rassure, les zombies, c\u2019est comme l\u2019amour et les r\u00eaves pr\u00e9monitoires, \u00e7a n\u2019existe pas.<\/p>\n<p>Il m\u2019a enseign\u00e9 que le monde n\u2019est pas ce qu\u2019il est, mais ce que tu en fais. Que la vie n\u2019est pas une fatalit\u00e9. Cet homme m\u2019a ouvert les yeux sur le nouveau monde et m\u2019a aid\u00e9e \u00e0 quitter les paradis artificiels dans lesquels je m\u2019\u00e9tais trop longtemps enferm\u00e9e. Il m\u2019a fait comprendre que j\u2019\u00e9tais ma\u00eetre de mon destin. Et j\u2019ai repris ma vie en main.<\/p>\n<p>&nbsp;<\/p>\n<p>&nbsp;<\/p>\n<p>&nbsp;<\/p>\n<p>&nbsp;<\/p>\n<p>&nbsp;<\/p>\n<p>&nbsp;<\/p>\n","protected":false},"excerpt":{"rendered":"<p>Auteur\u00a0: N\u00e9 en 1971, Nicolas Feuz a exerc\u00e9 les professions d\u2019avocat et de juge d\u2019instruction. Il est actuellement procureur de la R\u00e9publique du canton de Neuch\u00e2tel, en Suisse. Depuis plus de 16 ans, il s\u2019est sp\u00e9cialis\u00e9 dans la lutte contre le trafic de stup\u00e9fiants. Nicolas Feuz a \u00e9tudi\u00e9 le droit \u00e0 l\u2019Universit\u00e9 et obtenu le &hellip; <\/p>\n<p class=\"read-more\"><a class=\"readmore-btn\" href=\"https:\/\/www.cathjack.ch\/wordpress\/?p=12520\">+<span class=\"screen-reader-text\">  Read More<\/span><\/a><\/p>\n","protected":false},"author":1,"featured_media":12521,"comment_status":"open","ping_status":"open","sticky":false,"template":"","format":"standard","meta":{"_crdt_document":"","_monsterinsights_skip_tracking":false,"_monsterinsights_sitenote_active":false,"_monsterinsights_sitenote_note":"","_monsterinsights_sitenote_category":0,"footnotes":""},"categories":[957,490,92,28,66,192],"tags":[197,710,1326,719,1327,1136,370],"class_list":["post-12520","post","type-post","status-publish","format-standard","has-post-thumbnail","hentry","category-957","category-thrillers","category-geneve","category-suisse","category-suisse-destinations","category-xxieme-siecle","tag-amour","tag-dystopie","tag-pandemie","tag-post-apocalyptique","tag-reve-premonitoire","tag-suisse-romande","tag-suspense"],"aioseo_notices":[],"_links":{"self":[{"href":"https:\/\/www.cathjack.ch\/wordpress\/index.php?rest_route=\/wp\/v2\/posts\/12520","targetHints":{"allow":["GET"]}}],"collection":[{"href":"https:\/\/www.cathjack.ch\/wordpress\/index.php?rest_route=\/wp\/v2\/posts"}],"about":[{"href":"https:\/\/www.cathjack.ch\/wordpress\/index.php?rest_route=\/wp\/v2\/types\/post"}],"author":[{"embeddable":true,"href":"https:\/\/www.cathjack.ch\/wordpress\/index.php?rest_route=\/wp\/v2\/users\/1"}],"replies":[{"embeddable":true,"href":"https:\/\/www.cathjack.ch\/wordpress\/index.php?rest_route=%2Fwp%2Fv2%2Fcomments&post=12520"}],"version-history":[{"count":5,"href":"https:\/\/www.cathjack.ch\/wordpress\/index.php?rest_route=\/wp\/v2\/posts\/12520\/revisions"}],"predecessor-version":[{"id":23282,"href":"https:\/\/www.cathjack.ch\/wordpress\/index.php?rest_route=\/wp\/v2\/posts\/12520\/revisions\/23282"}],"wp:featuredmedia":[{"embeddable":true,"href":"https:\/\/www.cathjack.ch\/wordpress\/index.php?rest_route=\/wp\/v2\/media\/12521"}],"wp:attachment":[{"href":"https:\/\/www.cathjack.ch\/wordpress\/index.php?rest_route=%2Fwp%2Fv2%2Fmedia&parent=12520"}],"wp:term":[{"taxonomy":"category","embeddable":true,"href":"https:\/\/www.cathjack.ch\/wordpress\/index.php?rest_route=%2Fwp%2Fv2%2Fcategories&post=12520"},{"taxonomy":"post_tag","embeddable":true,"href":"https:\/\/www.cathjack.ch\/wordpress\/index.php?rest_route=%2Fwp%2Fv2%2Ftags&post=12520"}],"curies":[{"name":"wp","href":"https:\/\/api.w.org\/{rel}","templated":true}]}}