{"id":12904,"date":"2021-02-18T22:20:43","date_gmt":"2021-02-18T20:20:43","guid":{"rendered":"https:\/\/www.cathjack.ch\/wordpress\/?p=12904"},"modified":"2021-02-18T22:21:19","modified_gmt":"2021-02-18T20:21:19","slug":"grumberg-jean-claude-la-plus-precieuse-des-marchandises-un-conte-2019","status":"publish","type":"post","link":"https:\/\/www.cathjack.ch\/wordpress\/?p=12904","title":{"rendered":"Grumberg , Jean-Claude \u00ab La plus pr\u00e9cieuse des marchandises &#8211; Un conte \u00bb (2019)"},"content":{"rendered":"<p><strong>Auteur<\/strong>\u00a0: Jean-Claude Grumberg, dramaturge, sc\u00e9nariste et \u00e9crivain fran\u00e7ais, est n\u00e9 \u00e0 Paris le 26 juillet 1939. Il a re\u00e7u le Grand prix de l&rsquo;Acad\u00e9mie fran\u00e7aise en 1991 et le Grand prix de la SACD en 1999 pour l&rsquo;ensemble de son \u0153uvre ; le Moli\u00e8re du meilleur auteur dramatique en 1991 pour Zone libre, et en 1999 pour L&rsquo;Atelier. Il a surtout \u00e9crit des pi\u00e8ces de th\u00e9atre et des sc\u00e9narios pour le cin\u00e9ma. Son p\u00e8re, Zacharie Grumberg, est n\u00e9 le 19 d\u00e9cembre 1898 \u00e0 Galatz (Gala\u021bi) en Roumanie.<br \/>\nL\u2019ensemble de son \u0153uvre th\u00e9\u00e2trale est disponible aux \u00e9ditions Actes Sud\/Papiers qui ont \u00e9galement publi\u00e9 un recueil de ses pi\u00e8ces en un acte aux \u00e9ditions Babel.<\/p>\n<p>Seuil -La librairie du XXI\u00e8me si\u00e8cle \u2013 10.01.2019 \u2013 128 pages \/ Points poche \u201301.10.2020 &#8211;\u00a0 128 pages (Prix sp\u00e9cial des libraires et Prix des lecteurs BFMTV\/L&rsquo;Express)<\/p>\n<p><strong>R\u00e9sum\u00e9\u00a0<\/strong>: Il \u00e9tait une fois, dans un grand bois, une pauvre b\u00fbcheronne et un pauvre b\u00fbcheron.<br \/>\nNon non non non, rassurez-vous, ce n\u2019est pas\u00a0<em>Le Petit Poucet\u00a0<\/em>! Pas du tout. Moi-m\u00eame, tout comme vous, je d\u00e9teste cette histoire ridicule. O\u00f9 et quand a-t-on vu des parents abandonner leurs enfants faute de pouvoir les nourrir ? Allons&#8230;<br \/>\nDans ce grand bois donc, r\u00e9gnaient grande faim et grand froid. Surtout en hiver. En \u00e9t\u00e9 une chaleur accablante s\u2019abattait sur ce bois et chassait le grand froid. La faim, elle, par contre, \u00e9tait constante, surtout en ces temps o\u00f9 s\u00e9vissait, autour de ce bois, la guerre mondiale.<br \/>\nLa guerre mondiale, oui oui oui oui oui.<\/p>\n<p><strong>Mon avis<\/strong>\u00a0:<br \/>\nIntensit\u00e9, Amour, Horreur, Espoir\u2026<br \/>\nPour ne jamais oublier\u2026 Un conte\u2026 mais quel conte\u00a0!<br \/>\nAu milieu de l\u2019inhumanit\u00e9 ambiante, une femme sans enfant qui r\u00eave que le ciel lui en offre un. Ce sera un cadeau tomb\u00e9, non du ciel, mais d\u2019un train\u2026 Du train de marchandises de marchandises qu\u2019elle voit passer tous les jours \u2026 marchandises\u2026 Les marchandises qui transitent sont les convois qui partent de Drancy\u2026<br \/>\nUn conte poignant qui se d\u00e9roule dans les bois, un couple de pauvres b\u00fbcherons, un homme des bois qui se r\u00e9v\u00e8lera \u00eatre tout sauf un ogre\u2026<br \/>\nUn homme d\u00e9port\u00e9 qui a un seul r\u00eave\u00a0: retrouver la marchandise tomb\u00e9e du train&#8230;<br \/>\nEt \u2026 je vous laisse d\u00e9couvrir<br \/>\nUne merveille de sensibilit\u00e9, pour ne jamais oublier \u2026<\/p>\n<p><strong>Extraits<\/strong>\u00a0:<\/p>\n<p>Apr\u00e8s r\u00e9ception de la marchandise, il fut aussit\u00f4t proc\u00e9d\u00e9 \u00e0 son tri. Les experts trieurs, tous m\u00e9decins dipl\u00f4m\u00e9s, apr\u00e8s examen, ne conserv\u00e8rent que dix pour cent de la livraison. Une centaine de t\u00eates sur mille. Le reste, le rebut, vieillards, hommes, femmes, enfants, infirmes, s\u2019\u00e9vapora apr\u00e8s traitement en fin d\u2019apr\u00e8s-midi dans la profondeur infinie du ciel inhospitalier de Pologne.<\/p>\n<p>Les jours succ\u00e9d\u00e8rent aux jours, les trains aux trains. Dans leurs wagons plomb\u00e9s, agonisait l\u2019humanit\u00e9. Et l\u2019humanit\u00e9 faisait semblant de l\u2019ignorer.<\/p>\n<p>Ils pass\u00e8rent et repass\u00e8rent, nuit et jour, jour et nuit, dans l\u2019indiff\u00e9rence g\u00e9n\u00e9rale. Nul n\u2019entendit les cris des convoy\u00e9s, les sanglots des m\u00e8res se m\u00ealant aux r\u00e2les des vieillards, aux pri\u00e8res des cr\u00e9dules, aux g\u00e9missements et aux cris de terreur des enfants s\u00e9par\u00e9s de leurs parents d\u00e9j\u00e0 livr\u00e9s au gaz.<\/p>\n<p>\u00ab\u00a0Les sans c\u0153urs ont un coeur\u00a0\u00bb<\/p>\n<p>Voil\u00e0 la seule chose qui m\u00e9rite d\u2019exister dans les histoires comme dans la vie vraie. L\u2019amour, l\u2019amour offert aux enfants, aux siens comme \u00e0 ceux des autres. L\u2019amour qui fait que, malgr\u00e9 tout ce qui existe, et tout ce qui n\u2019existe pas, l\u2019amour qui fait que la vie continue.<\/p>\n","protected":false},"excerpt":{"rendered":"<p>Auteur\u00a0: Jean-Claude Grumberg, dramaturge, sc\u00e9nariste et \u00e9crivain fran\u00e7ais, est n\u00e9 \u00e0 Paris le 26 juillet 1939. Il a re\u00e7u le Grand prix de l&rsquo;Acad\u00e9mie fran\u00e7aise en 1991 et le Grand prix de la SACD en 1999 pour l&rsquo;ensemble de son \u0153uvre ; le Moli\u00e8re du meilleur auteur dramatique en 1991 pour Zone libre, et en &hellip; <\/p>\n<p class=\"read-more\"><a class=\"readmore-btn\" href=\"https:\/\/www.cathjack.ch\/wordpress\/?p=12904\">+<span class=\"screen-reader-text\">  Read More<\/span><\/a><\/p>\n","protected":false},"author":1,"featured_media":12905,"comment_status":"open","ping_status":"open","sticky":false,"template":"","format":"standard","meta":{"_crdt_document":"","_monsterinsights_skip_tracking":false,"_monsterinsights_sitenote_active":false,"_monsterinsights_sitenote_note":"","_monsterinsights_sitenote_category":0,"footnotes":""},"categories":[632,651,311,77,92,43,12,78],"tags":[677,158,197,310,1374,280,911,956,279,199,1246,594,271,195,1045,406,412],"class_list":["post-12904","post","type-post","status-publish","format-standard","has-post-thumbnail","hentry","category-632","category-allemagne","category-camps-concentration","category-deuxieme-guerre-mondiale","category-geneve","category-histoire","category-litterature-france","category-xxeme","tag-abandon","tag-adoption","tag-amour","tag-antisemitisme","tag-auschwitz","tag-conte","tag-deportation","tag-drancy","tag-fable","tag-famille","tag-fiction","tag-genocide","tag-jumeaux","tag-racisme","tag-realite","tag-survie","tag-temoignage"],"aioseo_notices":[],"_links":{"self":[{"href":"https:\/\/www.cathjack.ch\/wordpress\/index.php?rest_route=\/wp\/v2\/posts\/12904","targetHints":{"allow":["GET"]}}],"collection":[{"href":"https:\/\/www.cathjack.ch\/wordpress\/index.php?rest_route=\/wp\/v2\/posts"}],"about":[{"href":"https:\/\/www.cathjack.ch\/wordpress\/index.php?rest_route=\/wp\/v2\/types\/post"}],"author":[{"embeddable":true,"href":"https:\/\/www.cathjack.ch\/wordpress\/index.php?rest_route=\/wp\/v2\/users\/1"}],"replies":[{"embeddable":true,"href":"https:\/\/www.cathjack.ch\/wordpress\/index.php?rest_route=%2Fwp%2Fv2%2Fcomments&post=12904"}],"version-history":[{"count":1,"href":"https:\/\/www.cathjack.ch\/wordpress\/index.php?rest_route=\/wp\/v2\/posts\/12904\/revisions"}],"predecessor-version":[{"id":12906,"href":"https:\/\/www.cathjack.ch\/wordpress\/index.php?rest_route=\/wp\/v2\/posts\/12904\/revisions\/12906"}],"wp:featuredmedia":[{"embeddable":true,"href":"https:\/\/www.cathjack.ch\/wordpress\/index.php?rest_route=\/wp\/v2\/media\/12905"}],"wp:attachment":[{"href":"https:\/\/www.cathjack.ch\/wordpress\/index.php?rest_route=%2Fwp%2Fv2%2Fmedia&parent=12904"}],"wp:term":[{"taxonomy":"category","embeddable":true,"href":"https:\/\/www.cathjack.ch\/wordpress\/index.php?rest_route=%2Fwp%2Fv2%2Fcategories&post=12904"},{"taxonomy":"post_tag","embeddable":true,"href":"https:\/\/www.cathjack.ch\/wordpress\/index.php?rest_route=%2Fwp%2Fv2%2Ftags&post=12904"}],"curies":[{"name":"wp","href":"https:\/\/api.w.org\/{rel}","templated":true}]}}