{"id":13689,"date":"2021-05-28T17:51:41","date_gmt":"2021-05-28T15:51:41","guid":{"rendered":"https:\/\/www.cathjack.ch\/wordpress\/?p=13689"},"modified":"2022-09-20T18:47:27","modified_gmt":"2022-09-20T16:47:27","slug":"thilliez-franck-1991-2021","status":"publish","type":"post","link":"https:\/\/www.cathjack.ch\/wordpress\/?p=13689","title":{"rendered":"Thilliez, Franck \u00ab1991\u00bb (2021)"},"content":{"rendered":"<p><strong>Auteur<\/strong>\u00a0: Franck Thilliez, n\u00e9 le 15 octobre 1973 \u00e0 Annecy. Franck Thilliez \u00e9tudie a ISEN Lille afin de devenir ing\u00e9nieur en nouvelles technologies, vit \u00e0 Mazingarbe, petite commune proche de B\u00e9thune dans le Pas-de-Calais. Romancier, il est \u00e9galement sc\u00e9nariste et a co\u00e9crit, avec Nicolas Tackian, les dialogues du t\u00e9l\u00e9film intitul\u00e9 Alex Hugo, la mort et la belle vie inspir\u00e9 du roman am\u00e9ricain Death and the Good Life de Richard Hugo, relocalis\u00e9 en Provence pour l\u2019adaptation \u00e0 la t\u00e9l\u00e9vision.<\/p>\n<p><strong>Romans<\/strong>\u00a0:<br \/>\n<em><strong>S\u00e9rie Sharko &amp; Henebelle<\/strong><\/em> :\u00a0<span style=\"color: #0000ff;\"><a style=\"color: #0000ff;\" href=\"https:\/\/www.cathjack.ch\/wordpress\/?p=13764\">Train d\u2019enfer pour Ange rouge<\/a>\u00a0<\/span>(2004) \u2013La Chambre des morts (2005) \u00a0\u2013Deuils de miel (2006) \u2013La M\u00e9moire fant\u00f4me (2007 ) \u2013 Le Syndrome E (2010) \u2013 Gataca (2011) \u2013 Atomka (2012) \u00a0\u2013 Angor (2014) \u2013Pandemia (2015) \u2013Sharko (2017) \u2013 Luca (2019) \u2013 2021\u00a0:\u00a0<span style=\"color: #0000ff;\"><a style=\"color: #0000ff;\" href=\"https:\/\/www.cathjack.ch\/wordpress\/?p=13689\">1991<\/a> <\/span>(2021)<\/p>\n<p><strong>S\u00e9rie Caleb Traskman<\/strong><strong>\u00a0: <\/strong>Le Manuscrit inachev\u00e9 (2018) \u2013 Il \u00e9tait deux fois (2020) \u2013 Labyrinthes (2022)<\/p>\n<p><strong>Romans\u00a0One-shots<\/strong>\u00a0: 2002 : Conscience animale \u2013 2006 :\u00a0<em>La For\u00eat des ombres\u00a0<\/em>\u2013 2008 : L\u2019Anneau de Moebius \u2013 2009 : Fractures \u2013 2011 : Vertige \u2013 2013 : Puzzle \u2013 2016 : R\u00eaver \u2013<\/p>\n<p>Fleuve Noir \u2013 06.05.2021 \u2013 499 pages \/<\/p>\n<p><strong>R\u00e9sum\u00e9<\/strong><\/p>\n<p>La premi\u00e8re enqu\u00eate de Franck Sharko ! En d\u00e9cembre 1991, quand Franck Sharko, tout juste sorti de l&rsquo;\u00e9cole des inspecteurs, d\u00e9barque au 36 quai des Orf\u00e8vres, on le conduit aux archives o\u00f9 il est charg\u00e9 de reprendre l&rsquo;affaire des Disparues du Sud parisien. L&rsquo;\u00e9tat des lieux est simple : entre 1986 et 1989, trois femmes ont \u00e9t\u00e9 enlev\u00e9es, puis retrouv\u00e9es dans des champs, viol\u00e9es et frapp\u00e9es de multiples coups de couteau.<br \/>\nDepuis, malgr\u00e9 des centaines de convocations, de nuits blanches, de proc\u00e8s-verbaux, le pr\u00e9dateur court toujours. Sharko consacre tout son temps \u00e0 ce dossier, jusqu&rsquo;\u00e0 ce soir o\u00f9 un homme paniqu\u00e9 frappe \u00e0 la porte du 36. Il vient d&rsquo;entrer en possession d&rsquo;une photo figurant une femme couch\u00e9e dans un lit, les mains attach\u00e9es aux montants, la t\u00eate enfonc\u00e9e dans un sac. Une photo derri\u00e8re laquelle a \u00e9t\u00e9 not\u00e9e une adresse, et qui va entra\u00eener le jeune inspecteur dans une enqu\u00eate qui d\u00e9passera tout ce qu&rsquo;il a pu imaginer&#8230;<\/p>\n<p><strong>Mon avis<\/strong>\u00a0: Depuis le temps que tout le monde me disait\u00a0: Comment\u00a0? tu as pas lu la S\u00e9rie Sharko \u2026 Ben voil\u00e0\u2026 je commence par le commencement \u2026 la premi\u00e8re enqu\u00eate de Sharko\u2026\u00a0 et j\u2019en ai encore11 sous le coude \u00e0 ce jour\u2026<\/p>\n<p>Et bien, je sens que je vais continuer la s\u00e9rie\u2026 J\u2019ai tout de suite accroch\u00e9 et je me r\u00e9jouis de retrouver Sharko et la suite de sa carri\u00e8re\u2026 \u00a0C\u2019est rythm\u00e9, pas un temps mort, de l\u2019action, un style fluide, des personnages int\u00e9ressants, des sujets abord\u00e9s qui me plaisent\u00a0: Les traumas de l\u2019enfance, la p\u00e9dophilie, une ambiance extr\u00eamement bien d\u00e9crite, avec des flics humains et qui se respectent, m\u00eame si parfois la loi est le cadet de leur soucis\u00a0! Et puis il y a la magie, les grands comme Houdini et les petits\u2026 la magie illusionniste, les tours de prestidigitation et l\u2019autre\u2026 la magie noire, les rites vaudous, la zombification.<br \/>\nJ\u2019ai bien aim\u00e9 aussi me retrouver plonger dans les ann\u00e9es 1990\u00a0: sans t\u00e9l\u00e9phone portable, sans cam\u00e9ras de surveillance, des enqu\u00eates \u00e0 l\u2019ancienne.<br \/>\nEt aussi les r\u00e9f\u00e9rences litt\u00e9raires\u00a0: d\u2019ailleurs je sens que je vais relire \u00ab\u00a0Le Horla\u00a0\u00bb dans les semaines qui viennent\u2026<\/p>\n<p><strong>Extraits\u00a0<\/strong>:<\/p>\n<p>La nuit, le panneau lumineux \u00ab\u00a0Brigade criminelle\u00a0\u00bb, au n\u00e9on bleut\u00e9, donnait \u00e0 l\u2019\u00e9troit couloir vide du troisi\u00e8me \u00e9tage du 36, quai des Orf\u00e8vres des allures de vaisseau abandonn\u00e9 et lugubre, d\u2019o\u00f9 pouvaient surgir les fant\u00f4mes des pires assassins.<\/p>\n<p>D\u00e8s qu\u2019il y\u00a0a un soup\u00e7on d\u2019intelligence dans la t\u00eate d\u2019un criminel, \u00e7a complique les choses.<\/p>\n<p>L\u2019ombre qu\u2019elle craignait existait bel et bien. Elle s\u2019\u00e9tait immisc\u00e9e dans la vie de la peintre, invisible, silencieuse, telle une brume.<\/p>\n<p>Les Fleurs du mal\u00a0? Pourquoi\u00a0?<br \/>\n\u2014\u00a0Pour montrer qu\u2019on peut toujours extraire la beaut\u00e9 du mal, m\u00eame si c\u2019est un acte extr\u00eamement compliqu\u00e9.<\/p>\n<p>\u2014\u00a0Les Fleurs du mal\u2026 Et maintenant Le Horla\u2026 Le mal, encore\u2026 J\u2019ai de vieux souvenirs de cette lecture. Le Horla, c\u2019est un monstre imaginaire qui pompe, jour apr\u00e8s jour, nuit apr\u00e8s nuit, l\u2019\u00e9nergie vitale de sa victime jusqu\u2019\u00e0 la rendre folle. Delphine \u00e9tait traqu\u00e9e par une ombre. Une ombre qui est entr\u00e9e chez elle sans la moindre trace d\u2019effraction. Une ombre qui a d\u00e9plac\u00e9 des objets, \u00e0 l\u2019identique du Horla qui buvait les verres de lait pendant le sommeil de sa proie\u2026 [\u2026] Peut-\u00eatre n\u2019y avait-il rien \u00e0 trouver, si ce n\u2019\u00e9tait la r\u00e9f\u00e9rence au mal, au Horla et \u00e0 sa capacit\u00e9 \u00e0 appara\u00eetre et dispara\u00eetre \u00e0 sa guise, \u00e0 p\u00e9n\u00e9trer dans les maisons sans jamais \u00eatre vu. Un parasite qui, \u00e0 travers des attaques psychologiques r\u00e9guli\u00e8res, entra\u00eenait sa proie dans la terreur et la d\u00e9pendance.<\/p>\n<p>le Service des archives et du traitement de l\u2019information, situ\u00e9 \u00e0 c\u00f4t\u00e9 de la PJ, au 3, quai de l\u2019Horloge, dans la tour Bonbec. Cet endroit \u00e9tait la m\u00e9moire du 36, le digne h\u00e9ritier de la salle des fiches invent\u00e9e par Vidocq.<\/p>\n<p>Enfin, ils atteignirent la rue des Islettes. Florence d\u00e9signa le num\u00e9ro\u00a012.<br \/>\n\u2014\u00a0Dans ton Nord, t\u2019as Germinal. Ici, on a L\u2019Assommoir. C\u2019est l\u00e0 que vit Gervaise dans le roman de Zola. Et le 9, juste l\u00e0, c\u2019est le fameux lavoir du bouquin. La mis\u00e8re \u00e0 l\u2019\u00e9tat pur existe, mon gars. Elle est plus que jamais pr\u00e9sente derri\u00e8re ces murs, m\u00eame un si\u00e8cle apr\u00e8s Zola\u2026<\/p>\n<p>Tout en bas, des lumi\u00e8res scintillaient le long de la vall\u00e9e\u00a0; elles ressemblaient \u00e0 des \u00e9toiles tristes tomb\u00e9es du ciel. Il laissa la gravit\u00e9 entra\u00eener sa Renault dans la pente, direction Sallanches.<\/p>\n<p>L\u2019identit\u00e9 sexuelle est un sujet de recherche d\u2019une incroyable complexit\u00e9, mais une chose est s\u00fbre\u00a0: en allant \u00e0 l\u2019encontre du ressenti d\u2019un enfant intersexu\u00e9, on ouvre grand la porte \u00e0 des suicides ou de graves maladies mentales. Celles-ci, d\u2019ordinaire, s\u2019installent durant l\u2019adolescence\u00a0: angoisses profondes, troubles dissociatifs de la personnalit\u00e9, schizophr\u00e9nies\u2026<\/p>\n<p>Vu de la Seine, le navire du 36 \u00e9tait \u00e0 l\u2019arr\u00eat, presque enti\u00e8rement plong\u00e9 dans la froide obscurit\u00e9 de cette nuit de nouvel an.<\/p>\n<p>Il comprit que cet endroit o\u00f9 il avait fourr\u00e9 les pieds, le 36, quai des Orf\u00e8vres, n\u2019\u00e9tait pas qu\u2019un lieu de prestige.<br \/>\nC\u2019\u00e9tait une ar\u00e8ne sanglante.<br \/>\nLa fosse aux lions.<\/p>\n<p><strong>Vocabulaire<\/strong> :<br \/>\n&#8211; <strong>Ripeur<\/strong>\u00a0: Policier le moins grad\u00e9 au sein d&rsquo;un groupe d&rsquo;enqu\u00eate &#8211; argot de la police<br \/>\n&#8211; <strong>Anapath<\/strong>\u00a0: L&rsquo;anatomopathologie, anatomo-pathologie ou anatomie pathologique1, informellement abr\u00e9g\u00e9e en \u00ab anat-patho \u00bb ou \u00ab anapath \u00bb dans le jargon des professionnels de la sant\u00e9, est une sp\u00e9cialit\u00e9 m\u00e9dicale humaine et v\u00e9t\u00e9rinaire. C&rsquo;est la partie de la pathologie consacr\u00e9e \u00e0 l&rsquo;\u00e9tude morphologique des anomalies macroscopiques et microscopiques des tissus biologiques et des cellules pathologiques pr\u00e9lev\u00e9s sur un \u00eatre vivant ou mort.<br \/>\n&#8211; <strong>Les bokors, bocors ou b\u00f2k\u00f2<\/strong> dans la religion vaudou sont des sorciers ou houngans (pr\u00eatres) qui louent leurs services. On dit d&rsquo;eux qu&rsquo;ils \u00ab\u00a0servent les lwas des deux mains\u00a0\u00bb, ce qui veut dire qu&rsquo;ils pratiquent \u00e0 la fois la magie noire et la magie b\u00e9n\u00e9fique<\/p>\n","protected":false},"excerpt":{"rendered":"<p>Auteur\u00a0: Franck Thilliez, n\u00e9 le 15 octobre 1973 \u00e0 Annecy. Franck Thilliez \u00e9tudie a ISEN Lille afin de devenir ing\u00e9nieur en nouvelles technologies, vit \u00e0 Mazingarbe, petite commune proche de B\u00e9thune dans le Pas-de-Calais. Romancier, il est \u00e9galement sc\u00e9nariste et a co\u00e9crit, avec Nicolas Tackian, les dialogues du t\u00e9l\u00e9film intitul\u00e9 Alex Hugo, la mort et &hellip; <\/p>\n<p class=\"read-more\"><a class=\"readmore-btn\" href=\"https:\/\/www.cathjack.ch\/wordpress\/?p=13689\">+<span class=\"screen-reader-text\">  Read More<\/span><\/a><\/p>\n","protected":false},"author":1,"featured_media":13690,"comment_status":"open","ping_status":"open","sticky":false,"template":"","format":"standard","meta":{"_crdt_document":"","_monsterinsights_skip_tracking":false,"_monsterinsights_sitenote_active":false,"_monsterinsights_sitenote_note":"","_monsterinsights_sitenote_category":0,"footnotes":""},"categories":[1322,446,5,98,12,100,78],"tags":[186,178,334,614,1411],"class_list":["post-13689","post","type-post","status-publish","format-standard","has-post-thumbnail","hentry","category-1322","category-serie","category-lecture-polar","category-france","category-litterature-france","category-paris","category-xxeme","tag-enquete","tag-magie","tag-meurtres","tag-torture","tag-vaudou"],"aioseo_notices":[],"_links":{"self":[{"href":"https:\/\/www.cathjack.ch\/wordpress\/index.php?rest_route=\/wp\/v2\/posts\/13689","targetHints":{"allow":["GET"]}}],"collection":[{"href":"https:\/\/www.cathjack.ch\/wordpress\/index.php?rest_route=\/wp\/v2\/posts"}],"about":[{"href":"https:\/\/www.cathjack.ch\/wordpress\/index.php?rest_route=\/wp\/v2\/types\/post"}],"author":[{"embeddable":true,"href":"https:\/\/www.cathjack.ch\/wordpress\/index.php?rest_route=\/wp\/v2\/users\/1"}],"replies":[{"embeddable":true,"href":"https:\/\/www.cathjack.ch\/wordpress\/index.php?rest_route=%2Fwp%2Fv2%2Fcomments&post=13689"}],"version-history":[{"count":5,"href":"https:\/\/www.cathjack.ch\/wordpress\/index.php?rest_route=\/wp\/v2\/posts\/13689\/revisions"}],"predecessor-version":[{"id":16961,"href":"https:\/\/www.cathjack.ch\/wordpress\/index.php?rest_route=\/wp\/v2\/posts\/13689\/revisions\/16961"}],"wp:featuredmedia":[{"embeddable":true,"href":"https:\/\/www.cathjack.ch\/wordpress\/index.php?rest_route=\/wp\/v2\/media\/13690"}],"wp:attachment":[{"href":"https:\/\/www.cathjack.ch\/wordpress\/index.php?rest_route=%2Fwp%2Fv2%2Fmedia&parent=13689"}],"wp:term":[{"taxonomy":"category","embeddable":true,"href":"https:\/\/www.cathjack.ch\/wordpress\/index.php?rest_route=%2Fwp%2Fv2%2Fcategories&post=13689"},{"taxonomy":"post_tag","embeddable":true,"href":"https:\/\/www.cathjack.ch\/wordpress\/index.php?rest_route=%2Fwp%2Fv2%2Ftags&post=13689"}],"curies":[{"name":"wp","href":"https:\/\/api.w.org\/{rel}","templated":true}]}}