{"id":13858,"date":"2021-06-23T11:45:50","date_gmt":"2021-06-23T09:45:50","guid":{"rendered":"https:\/\/www.cathjack.ch\/wordpress\/?p=13858"},"modified":"2021-06-23T11:45:50","modified_gmt":"2021-06-23T09:45:50","slug":"christophe-vivre-la-nuit-rever-le-jour-souvenirs-2021","status":"publish","type":"post","link":"https:\/\/www.cathjack.ch\/wordpress\/?p=13858","title":{"rendered":"Christophe  \u00abVivre la nuit, r\u00eaver le jour\u00bb  &#8211; Souvenirs (2021)"},"content":{"rendered":"<p>Daniel Bevilacqua, alias \u00ab\u00a0<em>Christophe<\/em>\u00ab\u00a0, est un auteur-compositeur, chanteur et occasionnellement com\u00e9dien fran\u00e7ais, est n\u00e9 le 13 octobre 1945, tout juste apr\u00e8s la guerre, \u00e0 Juvisy-sur-Orge en banlieue parisienne, descendant d&rsquo;immigr\u00e9s italiens originaires du Frioul.. Il est d\u00e9c\u00e9d\u00e9 le 16 avril 2020 \u00e0 Brest, \u00e0 74 ans, des suite de la Covid19. Au total, il a publi\u00e9 dix-sept albums studio, trois albums en public et collabor\u00e9 \u00e0 quatre longs m\u00e9trages en cinquante-cinq ans de carri\u00e8re.<\/p>\n<p>Deno\u00ebl \u2013 07.04.2021 \u2013 255 pages<\/p>\n<p><strong>R\u00e9sum\u00e9<\/strong>\u00a0: \u00ab\u00a0Personne ne peut expliquer vraiment qui il est ni ce qu&rsquo;il aime. Il y a trop de param\u00e8tres cach\u00e9s et myst\u00e9rieux. Pour cr\u00e9er, je me sers de ces choses qui sont terriblement secr\u00e8tes et ancr\u00e9es en moi, de souvenirs tr\u00e8s importants. Plus j&rsquo;avance, plus je reviens en arri\u00e8re, plus j&rsquo;aime l&rsquo;intouchable que j&rsquo;\u00e9tais\u00a0\u00bb. Les souvenirs bruts et incandescents de la plus singuli\u00e8re \u00e9toile de la chanson fran\u00e7aise.<br \/>\nEnfant d&rsquo;une famille italienne aimante mais chaotique, jeune dragueur de Saint-Germain-des-Pr\u00e9s, fan d&rsquo;Elvis et de John Lee Hooker, version frenchy de James Dean, dandy moustachu en smoking cr\u00e8me, fou de bagnoles, chasseur de sons aux verres fum\u00e9s, Christophe a travers\u00e9 avec \u00e9l\u00e9gance les \u00e9poques sans jamais se d\u00e9moder. Du Golf-Drouot \u00e0 la salle Pleyel, du hit-parade au frisson underground, ses souvenirs dessinent une autre histoire de la chanson fran\u00e7aise.<br \/>\nEsth\u00e8te, obsessionnel, anticonformiste, Christophe s&rsquo;appr\u00eatait \u00e0 publier le r\u00e9cit sans filtre de son existence quand la mort s&rsquo;est interpos\u00e9e.<\/p>\n<p><strong>Mon avis<\/strong> : Un an apr\u00e8s le d\u00e9c\u00e8s de Christophe est sorti ce livre \u00ab pol\u00e9mique \u00bb qui d\u2019apr\u00e8s ses proches ne pourrait pas avoir \u00e9t\u00e9 \u00e9crit par le chanteur et qui d\u00e9peint un anti-Christophe. Comme je l\u2019ai vu chez une copine qui se jette sur toutes les bio des gens c\u00e9l\u00e8bres, j\u2019ai eu envie de me faire une id\u00e9e du livre.<\/p>\n<p>Il faut dire qu\u2019il ressort assez antipathique du portrait qui est fait de lui et on pourrait effectivement penser que quelqu\u2019un a voulu r\u00e9gler des comptes\u2026 En m\u00eame temps, quel que soit le ton des m\u00e9moires, j\u2019ai trouv\u00e9 que cela se lisait facilement. De plus, je dois dire que si j\u2019ai bien aim\u00e9 certaines de ses chansons, je n\u2019ai jamais trouv\u00e9 le bonhomme sympathique. Mais j\u2019ai bien aim\u00e9 ses \u00ab\u00a0sons\u00a0\u00bb, sa musicalit\u00e9, ses influences blues am\u00e9ricaines (blues et rock), et plus r\u00e9cemment son album plus \u00e9lectronique \u00ab\u00a0Les vestiges du chaos\u00a0\u00bb<br \/>\nIl y parle de ses rencontres : Gainsbourg, Bashung, Jarre, Adamo, Michelle Torr (!) et de ses influences musicales, de son parcours, de ses fr\u00e9quentations, de ses int\u00e9r\u00eats.<br \/>\nSi le portrait de l\u2019homme en fait un personnage assez d\u00e9plaisant, la partie musique m\u2019a bien plu. Et pour un musicien\/chanteur, c\u2019st quand m\u00eame ce qui importe le plus, non\u00a0?\u00a0 Et puis apprendre l\u2019histoire de chansons qui ont accompagn\u00e9 notre vie, c\u2019est assez sympa\u2026 dit la midinette de service\u2026<\/p>\n<p><strong>Extraits\u00a0<\/strong>:<\/p>\n<p>L\u2019inconnu est la route qui devrait primer dans toute recherche personnelle.<\/p>\n<p>Il y a les gens du jour, gens de l\u2019ennui, et les gens de la nuit, gens de l\u2019amour.<\/p>\n<p>La nuit camoufle pas mal de choses et rend le monde autour plus beau.<\/p>\n<p>Nous \u00e9tions une famille compl\u00e8tement d\u00e9cousue\u00a0: \u00e0 la fois unie comme les familles italiennes peuvent l\u2019\u00eatre et avec une difficult\u00e9 majeure \u00e0 dire les choses, \u00e0 exprimer nos sentiments.<\/p>\n<p><em>Mon papa, lui c\u2019\u00e9tait plut\u00f4t un pastaga<br \/>\n<\/em><em>il \u00e9tait plus du midi et moi du soir\u2026<br \/>\n<\/em><em>Enfin m\u00eame plus que du soir\u2026 de la nuit, quoi.<br \/>\n<\/em><em>Pour moi, c\u2019\u00e9tait plut\u00f4t un Jack Daniel&rsquo;s<br \/>\n<\/em><em>Vu que mon p\u00e8re s\u2019appelait Jacques<br \/>\n<\/em><em>Et moi Daniel.<\/em><\/p>\n<p>Brassens tissait d\u2019abord un tapis sonore avec sa guitare et ce n\u2019est qu\u2019ensuite qu\u2019il mettait des mots dessus.<\/p>\n<p>J\u2019aime \u00eatre un passeur, faire d\u00e9couvrir les musiciens qui ont ouvert de nouveaux espaces dans ma t\u00eate.<\/p>\n<p>Je n\u2019avais pas de plan, c\u2019\u00e9tait l\u2019inconnu. Depuis, l\u2019inconnu ne m\u2019a jamais fait peur. Il est m\u00eame devenu un mode de vie. C\u2019est une forme d\u2019inconscience qui me permet de franchir les barri\u00e8res, qui allume une flamme \u00e0 l\u2019int\u00e9rieur de moi, quelque chose d\u2019inexplicable qui me pousse \u00e0 agir.<\/p>\n<p>J\u2019ai toujours aim\u00e9 tout ce qui est cirque, clowns, gens qui cr\u00e9ent des histoires, qui aiment l\u2019imaginaire et le m\u00ealent \u00e0 la r\u00e9alit\u00e9.<\/p>\n<p>Faire une chanson, oui, parce que c\u2019est toujours \u00e0 partir des m\u00e9lodies que je cr\u00e9e, mais aussi parvenir \u00e0 donner une couleur \u00e0 cette chanson \u00e0 partir de ma palette sonore particuli\u00e8re.<\/p>\n<p>Avec moi, Jean-Michel Jarre n\u2019\u00e9tait pas musicien mais auteur\u2026 un auteur qui connaissait le son des mots.<\/p>\n<p>Quand on est cr\u00e9ateur, artiste, \u00e9crivain, il y a souvent plusieurs personnalit\u00e9s qui cohabitent en nous\u00a0: chez moi, il y a Christophe et il y a Bevilacqua.<\/p>\n<p>Je m\u2019en remets souvent au hasard, \u00e0 l\u2019al\u00e9atoire en termes de cr\u00e9ation. Je ne suis pas un faiseur de chansons calibr\u00e9es. J\u2019emprunte des trajets p\u00e9riph\u00e9riques qui d\u00e9clenchent les r\u00e9sonances et les nuances dont je suis en qu\u00eate.<\/p>\n<p>Le dandysme, c\u2019est assumer ce que l\u2019on est dans l\u2019attitude, dans la diff\u00e9rence, le style.<\/p>\n<p>Oui, je m\u2019aime. Je m\u2019aime moi et la route que j\u2019ai trac\u00e9e, m\u00eame avec tous les stops. Je sens que je suis en d\u00e9calage, mais je l\u2019assume, je sais m\u2019adapter \u00e0 ce jeu avec le regard des autres.<\/p>\n<p>Le cin\u00e9ma, c\u2019est comme la musique, on est dans une vibration particuli\u00e8re, on suit diff\u00e9rents fils pour cr\u00e9er. Je ne suis pas un expert et je n\u2019en serai jamais un parce que je ne poursuis que l\u2019\u00e9motion.<\/p>\n<p>Pour tous les films que je regarde, je laisse \u00e0 l\u2019image le temps d\u2019arriver, d\u2019entrer en moi, de former un collage de sons et de couleurs. C\u2019est tr\u00e8s proche de ma d\u00e9marche en musique. Chaque chanson pour moi est un court-m\u00e9trage. Je ne me consid\u00e8re pas comme un chanteur et, quand je fais un album, c\u2019est un peu comme si je r\u00e9alisais un film.<\/p>\n<p>Il y a quelque temps encore, le poker c\u2019\u00e9tait comme les Harley-Davidson. Un truc de voyous ou de marginaux. On avait la chair de poule quand on en parlait.<\/p>\n<p>la voix n\u2019est jamais la vedette, elle se fond dans la musique. J\u2019ai souvent dit\u00a0: \u00ab\u00a0Je ne suis pas un chanteur\u00a0\u00bb, dans le sens o\u00f9 je ne mets pas ma voix en avant comme font les chanteurs d\u2019habitude. La voix est un instrument parmi d\u2019autres.<\/p>\n<p>Je compose de fa\u00e7on anarchique. Parfois tout le temps. Parfois en pointill\u00e9. La cr\u00e9ation n\u2019est pas une petite cl\u00e9 programm\u00e9e par une petite usine pour que toutes les portes du disque s\u2019ouvrent instantan\u00e9ment. Elle surgit dans la sensibilit\u00e9. Je revendique mon artisanat, mes r\u00e9flexions et mes recherches incessantes sur le son. Et quand on trouve, c\u2019est comme une d\u00e9livrance, et de ce tourbillon magique na\u00eet une chanson.<\/p>\n<p>Pour l\u2019\u00e9criture, les mots viennent, comme \u00e7a dans tous les sens, et \u00e0 un moment il reste \u00e0 faire le collage. La chanson, c\u2019est comme dans la vie, on r\u00e9p\u00e8te toujours la m\u00eame chose, les m\u00eames rengaines, et pourtant on ne s\u2019en lasse pas\u2026<\/p>\n<p>On me demande souvent les cl\u00e9s pour comprendre ma cr\u00e9ation. Je ne rate jamais un moment qui me semble beau. Par contre, ce n\u2019est pas moi qui vais au-devant de ce moment, c\u2019est lui qui vient \u00e0 moi.<\/p>\n<p>L\u2019instinct, c\u2019est la r\u00e9sonance de l\u2019inconnu. Je ne m\u2019analyse pas, je suis un spontan\u00e9, je ne marche qu\u2019avec l\u2019\u00e9motionnel. Au niveau des mots, je laisse mon imaginaire compl\u00e8tement libre.<\/p>\n<p>Je cherche en permanence la meilleure couleur du son. Je me vois comme un peintre avec une palette.<\/p>\n<p>Quand on est amateur de synth\u00e9tiseurs, qu\u2019on est chineur, qu\u2019on est curieux, on cherche autant des machines du pass\u00e9 que des machines modernes, parce qu\u2019on sait que c\u2019est le m\u00e9lange des deux qui va faire la mati\u00e8re sonore d\u2019un album.<\/p>\n<p>&nbsp;<\/p>\n","protected":false},"excerpt":{"rendered":"<p>Daniel Bevilacqua, alias \u00ab\u00a0Christophe\u00ab\u00a0, est un auteur-compositeur, chanteur et occasionnellement com\u00e9dien fran\u00e7ais, est n\u00e9 le 13 octobre 1945, tout juste apr\u00e8s la guerre, \u00e0 Juvisy-sur-Orge en banlieue parisienne, descendant d&rsquo;immigr\u00e9s italiens originaires du Frioul.. Il est d\u00e9c\u00e9d\u00e9 le 16 avril 2020 \u00e0 Brest, \u00e0 74 ans, des suite de la Covid19. Au total, il a &hellip; <\/p>\n<p class=\"read-more\"><a class=\"readmore-btn\" href=\"https:\/\/www.cathjack.ch\/wordpress\/?p=13858\">+<span class=\"screen-reader-text\">  Read More<\/span><\/a><\/p>\n","protected":false},"author":1,"featured_media":13859,"comment_status":"open","ping_status":"open","sticky":false,"template":"","format":"standard","meta":{"_crdt_document":"","_monsterinsights_skip_tracking":false,"_monsterinsights_sitenote_active":false,"_monsterinsights_sitenote_note":"","_monsterinsights_sitenote_category":0,"footnotes":""},"categories":[1322,591,98,12,24,78,192],"tags":[666,1420],"class_list":["post-13858","post","type-post","status-publish","format-standard","has-post-thumbnail","hentry","category-1322","category-au-fil-de-lart-romans-thrillers-essais-biographies","category-france","category-litterature-france","category-musique","category-xxeme","category-xxieme-siecle","tag-autobiographie","tag-chanteur"],"aioseo_notices":[],"_links":{"self":[{"href":"https:\/\/www.cathjack.ch\/wordpress\/index.php?rest_route=\/wp\/v2\/posts\/13858","targetHints":{"allow":["GET"]}}],"collection":[{"href":"https:\/\/www.cathjack.ch\/wordpress\/index.php?rest_route=\/wp\/v2\/posts"}],"about":[{"href":"https:\/\/www.cathjack.ch\/wordpress\/index.php?rest_route=\/wp\/v2\/types\/post"}],"author":[{"embeddable":true,"href":"https:\/\/www.cathjack.ch\/wordpress\/index.php?rest_route=\/wp\/v2\/users\/1"}],"replies":[{"embeddable":true,"href":"https:\/\/www.cathjack.ch\/wordpress\/index.php?rest_route=%2Fwp%2Fv2%2Fcomments&post=13858"}],"version-history":[{"count":1,"href":"https:\/\/www.cathjack.ch\/wordpress\/index.php?rest_route=\/wp\/v2\/posts\/13858\/revisions"}],"predecessor-version":[{"id":13860,"href":"https:\/\/www.cathjack.ch\/wordpress\/index.php?rest_route=\/wp\/v2\/posts\/13858\/revisions\/13860"}],"wp:featuredmedia":[{"embeddable":true,"href":"https:\/\/www.cathjack.ch\/wordpress\/index.php?rest_route=\/wp\/v2\/media\/13859"}],"wp:attachment":[{"href":"https:\/\/www.cathjack.ch\/wordpress\/index.php?rest_route=%2Fwp%2Fv2%2Fmedia&parent=13858"}],"wp:term":[{"taxonomy":"category","embeddable":true,"href":"https:\/\/www.cathjack.ch\/wordpress\/index.php?rest_route=%2Fwp%2Fv2%2Fcategories&post=13858"},{"taxonomy":"post_tag","embeddable":true,"href":"https:\/\/www.cathjack.ch\/wordpress\/index.php?rest_route=%2Fwp%2Fv2%2Ftags&post=13858"}],"curies":[{"name":"wp","href":"https:\/\/api.w.org\/{rel}","templated":true}]}}