{"id":15845,"date":"2022-04-06T12:27:14","date_gmt":"2022-04-06T10:27:14","guid":{"rendered":"https:\/\/www.cathjack.ch\/wordpress\/?p=15845"},"modified":"2022-04-06T12:31:46","modified_gmt":"2022-04-06T10:31:46","slug":"balet-yves-le-feu-dans-le-vallon-2022-248-pages","status":"publish","type":"post","link":"https:\/\/www.cathjack.ch\/wordpress\/?p=15845","title":{"rendered":"Balet, Yves \u00abLe feu dans le vallon\u00bb (2022) 248 pages"},"content":{"rendered":"<p><strong>Auteur<\/strong>\u00a0: Yves Balet, n\u00e9 en Suisse le 22 octobre 1944, est avocat \u00e0 Sion. Il a d\u00e9fendu plusieurs causes p\u00e9nales importantes dans sa r\u00e9gion, le Valais.<\/p>\n<p><strong>R\u00e9cit<\/strong>\u00a0: L\u2019Encha\u00eenement (2012)<br \/>\n<strong>Romans<\/strong>\u00a0: <strong><em>S\u00e9rie \u00ab\u00a0Les enqu\u00eates de Ma\u00eetre Ledain<\/em><\/strong> : \u00ab Le Myst\u00e8re Pepeyrand \u00bb (2014) &#8211; \u00ab En Qu\u00eate de Reconnaissance (2016), \u00a0\u00ab L\u2019une aimait Vienne, L\u2019autre Venise \u00bb (2018), \u00a0\u00ab Les Rivi\u00e8res du P\u00e9ch\u00e9 \u00bb (2020) , \u00ab Le feu dans le vallon \u00bb (2022)<br \/>\nTous ont \u00e9t\u00e9 \u00e9dit\u00e9s par Slatkine.<\/p>\n<p>Editions Slatkine \u2013 28.02.2022 \u2013 248 pages<\/p>\n<p><strong>R\u00e9sum\u00e9\u00a0:<br \/>\n<\/strong>Le 12 ao\u00fbt 1949, la for\u00eat de la rive gauche du vallon de R\u00e9chy\u00a0s\u2019embrase. Le soir pr\u00e9c\u00e9dent,\u00a0un drame s&rsquo;est nou\u00e9 dans un des chalets des\u00a0mayens du vallon, o\u00f9 s&rsquo;entassent dans une\u00a0promiscuit\u00e9 malsaine les membres d\u2019une\u00a0famille recompos\u00e9e. Cinquante ans plus tard,\u00a0deux d\u2019entre eux sont assassin\u00e9s, faisant\u00a0resurgir les fant\u00f4mes de cette nuit tragique.<br \/>\nL&rsquo;avocat Fran\u00e7ois Ledain n&rsquo;en croit pas ses\u00a0oreilles lorsqu&rsquo;une femme se pr\u00e9sente \u00e0 son\u00a0bureau pour lui avouer \u00eatre l&rsquo;auteure de ces<br \/>\nmeurtres, tout en lui demandant de plaider\u00a0son innocence devant les tribunaux.<br \/>\nL&rsquo;enqu\u00eate crois\u00e9e du commissaire Philippe\u00a0Salvi, de la police\u00a0valaisanne, et du lieutenant\u00a0Rachel Grandjean, de la police du\u00a0canton de\u00a0Vaud, permettra-t-elle de remonter le fil du\u00a0temps et de d\u00e9couvrir la v\u00e9rit\u00e9 ? Me Ledain\u00a0sera-t-il en mesure d&rsquo;\u00e9viter la\u00a0condamnation\u00a0de son \u00e9trange cliente, figure centrale de<br \/>\ncette trag\u00e9die aux multiples visages ?<\/p>\n<p><strong>Mon avis\u00a0:<br \/>\n<\/strong>C\u2019est le premier livre que je lis de cet auteur et j\u2019ai pass\u00e9 un tr\u00e8s bon moment. L\u2019\u00e9criture est fluide, l\u2019intrigue m\u2019a interess\u00e9e et j\u2019ai toujours un grand plaisir \u00e0 lire des auteurs de Suisse Romande. Cette fois ce sont les cantons de Vaud et Valais (surtout le Valais) qui sont \u00e0 l\u2019honneur.<br \/>\nJe ne peux pas dire que la famille qui est au centre de l\u2019enqu\u00eate est attachante\u2026 Ils semblent tous plus d\u00e9sagr\u00e9ables les uns que les autres, et pourtant, je ne suis pas parvenue \u00e0 les d\u00e9tester\u2026<br \/>\nUne femme vient annoncer spontan\u00e9ment deux meurtres \u00e0 un avocat qu\u2019elle ne connait pas et lui demande d\u2019\u00eatre pr\u00eat \u00e0 la d\u00e9fendre si elle venait \u00e0 \u00eatre inqui\u00e9t\u00e9e par la police\u2026 L\u2019avocat va-t-il accepter\u00a0en la sachant coupable\u00a0? Surtout qu\u2019il s\u2019agit de son p\u00e8re adoptif et de son demi-fr\u00e8re\u2026<br \/>\nS\u2019agit-t-il d\u2019un drame familial\u00a0? d\u2019un r\u00e8glement de compte\u00a0? d\u2019une histoire d\u2019argent\u00a0? Les deux morts sont-elles li\u00e9es\u00a0? S\u2019agit-il de meurtres\u00a0? d\u2019accidents\u00a0? Si l\u2019avocat (et nous) sommes au courant de la d\u00e9marche de la femme, les polices des deux cantons concern\u00e9s par les morts n\u2019ont pas cet \u00e9l\u00e9ment. Et rien ne dit qu\u2019elles vont relier les d\u00e9c\u00e8s et enqu\u00eater sur des homicides\u2026<br \/>\nCette femme est-elle une femme forte qui a d\u00e9cid\u00e9 de r\u00e9gler ses comptes cinquante ans plus tard\u00a0? \u00a0Est-ce au contraire une femme bris\u00e9e \u00e0 jamais\u00a0?<br \/>\nPour le savoir, il va falloir lire le livre\u2026<br \/>\nJ\u2019ai beaucoup aim\u00e9 l\u2019analyse des situations personnelles de la femme qui se d\u00e9nonce (V\u00e9ronique Carroz) et de la polici\u00e8re et la fa\u00e7on dont les cons\u00e9quences d\u2019un viol sont appr\u00e9hend\u00e9es en fonction des caract\u00e8res.<br \/>\nUn petit regret toutefois et il concerne l\u2019avocat\u00a0: j\u2019esp\u00e9rais une analyse un peu plus approfondie des \u00e9tats d\u2019\u00e2me de l\u2019avocat quand il s\u2019agit de d\u00e9fendre une personne qui se pr\u00e9sente comme coupable.<br \/>\nUne fois encore un grand merci aux Editions Slatkine pour cette d\u00e9couverte d\u2019un nouvel auteur de polar suisse.<\/p>\n<p><strong>\u00a0<\/strong><strong>Extrait\u00a0:<\/strong><\/p>\n<p>Les femmes libres, souvent finissent dans la prison de la solitude.<\/p>\n","protected":false},"excerpt":{"rendered":"<p>Auteur\u00a0: Yves Balet, n\u00e9 en Suisse le 22 octobre 1944, est avocat \u00e0 Sion. Il a d\u00e9fendu plusieurs causes p\u00e9nales importantes dans sa r\u00e9gion, le Valais. R\u00e9cit\u00a0: L\u2019Encha\u00eenement (2012) Romans\u00a0: S\u00e9rie \u00ab\u00a0Les enqu\u00eates de Ma\u00eetre Ledain : \u00ab Le Myst\u00e8re Pepeyrand \u00bb (2014) &#8211; \u00ab En Qu\u00eate de Reconnaissance (2016), \u00a0\u00ab L\u2019une aimait Vienne, L\u2019autre &hellip; <\/p>\n<p class=\"read-more\"><a class=\"readmore-btn\" href=\"https:\/\/www.cathjack.ch\/wordpress\/?p=15845\">+<span class=\"screen-reader-text\">  Read More<\/span><\/a><\/p>\n","protected":false},"author":1,"featured_media":15846,"comment_status":"open","ping_status":"open","sticky":false,"template":"","format":"standard","meta":{"_crdt_document":"","_monsterinsights_skip_tracking":false,"_monsterinsights_sitenote_active":false,"_monsterinsights_sitenote_note":"","_monsterinsights_sitenote_category":0,"footnotes":""},"categories":[5,28,1,1498,66,192],"tags":[186,313,268,334,422,240,314,817,1136,400,275,1307],"class_list":["post-15845","post","type-post","status-publish","format-standard","has-post-thumbnail","hentry","category-lecture-polar","category-suisse","category-non-classe","category-rlh2022","category-suisse-destinations","category-xxieme-siecle","tag-enquete","tag-justice","tag-maltraitance","tag-meurtres","tag-peur","tag-police","tag-rapports-familiaux","tag-secrets-de-famille","tag-suisse-romande","tag-vengeance","tag-viol","tag-violence-conjugale"],"aioseo_notices":[],"_links":{"self":[{"href":"https:\/\/www.cathjack.ch\/wordpress\/index.php?rest_route=\/wp\/v2\/posts\/15845","targetHints":{"allow":["GET"]}}],"collection":[{"href":"https:\/\/www.cathjack.ch\/wordpress\/index.php?rest_route=\/wp\/v2\/posts"}],"about":[{"href":"https:\/\/www.cathjack.ch\/wordpress\/index.php?rest_route=\/wp\/v2\/types\/post"}],"author":[{"embeddable":true,"href":"https:\/\/www.cathjack.ch\/wordpress\/index.php?rest_route=\/wp\/v2\/users\/1"}],"replies":[{"embeddable":true,"href":"https:\/\/www.cathjack.ch\/wordpress\/index.php?rest_route=%2Fwp%2Fv2%2Fcomments&post=15845"}],"version-history":[{"count":2,"href":"https:\/\/www.cathjack.ch\/wordpress\/index.php?rest_route=\/wp\/v2\/posts\/15845\/revisions"}],"predecessor-version":[{"id":15848,"href":"https:\/\/www.cathjack.ch\/wordpress\/index.php?rest_route=\/wp\/v2\/posts\/15845\/revisions\/15848"}],"wp:featuredmedia":[{"embeddable":true,"href":"https:\/\/www.cathjack.ch\/wordpress\/index.php?rest_route=\/wp\/v2\/media\/15846"}],"wp:attachment":[{"href":"https:\/\/www.cathjack.ch\/wordpress\/index.php?rest_route=%2Fwp%2Fv2%2Fmedia&parent=15845"}],"wp:term":[{"taxonomy":"category","embeddable":true,"href":"https:\/\/www.cathjack.ch\/wordpress\/index.php?rest_route=%2Fwp%2Fv2%2Fcategories&post=15845"},{"taxonomy":"post_tag","embeddable":true,"href":"https:\/\/www.cathjack.ch\/wordpress\/index.php?rest_route=%2Fwp%2Fv2%2Ftags&post=15845"}],"curies":[{"name":"wp","href":"https:\/\/api.w.org\/{rel}","templated":true}]}}