{"id":15922,"date":"2022-04-17T12:53:32","date_gmt":"2022-04-17T10:53:32","guid":{"rendered":"https:\/\/www.cathjack.ch\/wordpress\/?p=15922"},"modified":"2023-11-03T16:47:04","modified_gmt":"2023-11-03T14:47:04","slug":"indridason-arnaldur-serie-konrad","status":"publish","type":"post","link":"https:\/\/www.cathjack.ch\/wordpress\/?p=15922","title":{"rendered":"Indri\u00f0ason, Arnaldur \u2013 S\u00e9rie \u00abK\u00f3nra\u00f0 \u00bb"},"content":{"rendered":"<p><strong>Auteur<\/strong>\u00a0: N\u00e9 en 1961 en Islande, Arnaldur Indridason est journaliste et critique de cin\u00e9ma. Ses romans sont publi\u00e9s dans plus de 30 pays, et il est consid\u00e9r\u00e9 comme une des figures majeures et incontournables du polar nordique.<\/p>\n<p>Voir article sur la s\u00e9rie\u00a0<span style=\"color: #0000ff;\"><a style=\"color: #0000ff;\" href=\"http:\/\/www.cathjack.ch\/wordpress\/?p=1556\">\u00ab\u00a0Erlendur Sveinsson\u00a0\u00bb<\/a><\/span><br \/>\nVoir article sur la s\u00e9rie\u00a0<span style=\"color: #0000ff;\">\u00ab\u00a0 <a style=\"color: #0000ff;\" href=\"https:\/\/www.cathjack.ch\/wordpress\/?p=9591\">la Trilogie des Ombres\u00a0\u00bb<\/a><\/span><br \/>\nVoir article sur la s\u00e9rie\u00a0 <span style=\"color: #0000ff;\">\u00ab\u00a0<a style=\"color: #0000ff;\" href=\"https:\/\/www.cathjack.ch\/wordpress\/?p=15922\">S\u00e9rie \u00abK\u00f3nra\u00f0<\/a> \u00bb<\/span><\/p>\n<p><strong>S\u00e9rie K\u00f3nra\u00f0<\/strong><\/p>\n<p>Tome 1\u00a0: <span style=\"color: #0000ff;\"><a style=\"color: #0000ff;\" title=\"Indri\u00f0ason, Arnaldur \u00ab\u00a0Ce que savait la nuit\u00a0\u00bb (2019) 340 pages S\u00e9rie K\u00f3nra\u00f0 \u2013 tome 01\" href=\"https:\/\/www.cathjack.ch\/wordpress\/?p=19219\">Ce que savait la nuit<\/a><\/span> \u2013 Tome 2\u00a0: Les Fant\u00f4mes de Reykjavik \u2013 Tome 3\u00a0: La pierre du remords \u2013 Tome 4\u00a0: Le Mur des Silences<br \/>\nEric Boury (Traducteur)<\/p>\n<p>&nbsp;<\/p>\n<p><strong>Tome 1<\/strong><strong>\u00a0: <\/strong><strong>Ce que savait la nuit<\/strong><strong><br \/>\n<\/strong>M\u00e9taili\u00e9 Noir (Biblioth\u00e8que nordique) \u2013 07.02.2019 \u2013 288 pages\/ Points Poche -06.02.2020 \u2013 340 pages<br \/>\n<strong>R\u00e9sum\u00e9\u00a0:<\/strong><strong><br \/>\n<\/strong>Les touristes affluent en Islande et les glaciers reculent lentement. Le cadavre d&rsquo;un homme d&rsquo;affaires disparu depuis trente ans \u00e9merge du glacier de Langj\u00f6kull. Son associ\u00e9 de l&rsquo;\u00e9poque est de nouveau arr\u00eat\u00e9, et Konrad, policier \u00e0 la retraite, doit reprendre bien malgr\u00e9 lui une enqu\u00eate qui a toujours pes\u00e9 sur sa conscience. Au moment o\u00f9 il pensait vivre sa douleur dans la solitude &#8211; son p\u00e8re menteur et escroc a \u00e9t\u00e9 assassin\u00e9 sans que l&rsquo;affaire soit jamais \u00e9lucid\u00e9e et l&rsquo;amour de sa vie vient de mourir d&rsquo;un cancer -, Konrad est press\u00e9 par le principal suspect, mourant, de d\u00e9couvrir la v\u00e9rit\u00e9.<br \/>\nSeul le t\u00e9moignage d&rsquo;une femme qui vient lui raconter l&rsquo;histoire de son fr\u00e8re tu\u00e9 par un chauffard pourrait l&rsquo;aider \u00e0 avancer&#8230;<br \/>\n<span style=\"color: #0000ff;\"><a style=\"color: #0000ff;\" title=\"Indri\u00f0ason, Arnaldur \u00ab\u00a0Ce que savait la nuit\u00a0\u00bb (2019) 340 pages S\u00e9rie K\u00f3nra\u00f0 \u2013 tome 01\" href=\"https:\/\/www.cathjack.ch\/wordpress\/?p=19219\">Voir article sur le blog\u00a0<\/a><\/span><\/p>\n<p>&nbsp;<\/p>\n<p><strong>Tome 2\u00a0:<\/strong> <strong>Les Fant\u00f4mes de Reykjavik<\/strong><strong><br \/>\n<\/strong>M\u00e9taili\u00e9 Noir (Biblioth\u00e8que nordique) \u2013 06.02.2020 \u2013 312 pages\/ Points Poche &#8211; 11.03.2021 \u2013 348 pages<br \/>\n<strong>R\u00e9sum\u00e9\u00a0:<br \/>\n<\/strong>Danni a disparu, elle se droguait, ses grands-parents font appel \u00e0 Konrad, un policier \u00e0 la retraite. Une fillette retrouv\u00e9e noy\u00e9e dans le lac du centre de Reykjavik en 1947 hante les r\u00eaves d&rsquo;une des amies de l&rsquo;ex-policier. Comment la police a-t-elle men\u00e9 ces enqu\u00eates? A des ann\u00e9es de distance les m\u00eames erreurs semblent se r\u00e9p\u00e9ter. Konrad, solide, t\u00eatu, col\u00e9reux et rompu par son enfance aupr\u00e8s de son p\u00e8re \u00e0 toutes les ruses des voyous, n&rsquo;h\u00e9site pas \u00e0 bousculer les conformismes.<br \/>\nIl sait aussi \u00e9couter les fant\u00f4mes.<\/p>\n<p><strong>Tome 3<\/strong><strong>\u00a0: <\/strong><strong>La pierre du remords<\/strong><strong><br \/>\n<\/strong>M\u00e9taili\u00e9 Noir (Biblioth\u00e8que nordique) \u2013 04.02.2021 \u2013 343 pages\/ Points Poche -04.03.2022 \u2013 360 pages<br \/>\n<strong>R\u00e9sum\u00e9\u00a0:<br \/>\n<\/strong>Valborg est assassin\u00e9e chez elle. Elle venait de prendre sa retraite. Sur son bureau, il y a le num\u00e9ro de t\u00e9l\u00e9phone de Konrad, un ex-policier. Elle avait contact\u00e9 r\u00e9cemment l&rsquo;enqu\u00eateur pour lui demander de retrouver l&rsquo;enfant qu&rsquo;elle avait mis au monde cinquante ans plus t\u00f4t, et qu&rsquo;elle avait abandonn\u00e9 juste apr\u00e8s sa naissance. D\u00e9sol\u00e9 de lui avoir refus\u00e9 son aide, Konrad s&#8217;emploie \u00e0 r\u00e9parer son erreur.<br \/>\nIl d\u00e9couvre l&rsquo;existence d&rsquo;un mouvement religieux contre l&rsquo;avortement et reconstruit l&rsquo;histoire d&rsquo;une jeune fille viol\u00e9e dans le bar o\u00f9 elle travaillait. Il rencontre aussi un clochard, des trafiquants de drogue et recueille m\u00eame par hasard des fragments de l&rsquo;histoire de la mort violente de son propre p\u00e8re&#8230; Konrad se r\u00e9v\u00e8le un enqu\u00eateur intelligent et sensible \u00e0 la souffrance des autres, d&rsquo;une humanit\u00e9 touchante.<br \/>\nEt l&rsquo;auteur montre toute son empathie et son talent dans sa description de la cruaut\u00e9 du destin de la jeune Valborg. Avec une construction particuli\u00e8rement habile et haletante, Indridason nous immerge magistralement dans un r\u00e9cit captivant et impitoyable sur la honte, le d\u00e9sespoir et l&rsquo;intensit\u00e9 des remords qui reviennent nous hanter.<\/p>\n<p>&nbsp;<\/p>\n<p><strong>Tome 4<\/strong><strong>\u00a0: <\/strong><strong>Le Mur des Silences<\/strong><strong><br \/>\n<\/strong>M\u00e9taili\u00e9 Noir (Biblioth\u00e8que nordique) \u2013 04.02.2022 \u2013 332 pages\/ Points Poche &#8211; .2023 \u2013 &#8212; pages<br \/>\n<strong>R\u00e9sum\u00e9\u00a0:<br \/>\n<\/strong>Dans une vieille maison, dans laquelle toutes les femmes qui y ont v\u00e9cu se sont senties oppress\u00e9es sans raison, un mur de la cave s&rsquo;effondre et on trouve un corps. Konrad, tr\u00e8s intrigu\u00e9 par ce cadavre inconnu, enqu\u00eate et fait resurgir des affaires trait\u00e9es dans ses trois romans pr\u00e9c\u00e9dents. Par ailleurs, il presse la police d&rsquo;\u00e9lucider le meurtre de son p\u00e8re mais il a oubli\u00e9 qu&rsquo;\u00e0 l&rsquo;\u00e9poque il avait menti et se retrouve inculp\u00e9.<br \/>\nToujours dans une ambiance \u00e0 la Simenon et avec un Konrad tr\u00e8s ambigu, moyennement sympathique et noy\u00e9 dans l&rsquo;alcool. Le Mur des silences est un beau roman noir sur la violence familiale, la vuln\u00e9rabilit\u00e9, les sacrifices et l&rsquo;impunit\u00e9, dans lequel les cold cases ressurgissent toujours.<\/p>\n","protected":false},"excerpt":{"rendered":"<p>Auteur\u00a0: N\u00e9 en 1961 en Islande, Arnaldur Indridason est journaliste et critique de cin\u00e9ma. Ses romans sont publi\u00e9s dans plus de 30 pays, et il est consid\u00e9r\u00e9 comme une des figures majeures et incontournables du polar nordique. Voir article sur la s\u00e9rie\u00a0\u00ab\u00a0Erlendur Sveinsson\u00a0\u00bb Voir article sur la s\u00e9rie\u00a0\u00ab\u00a0 la Trilogie des Ombres\u00a0\u00bb Voir article sur &hellip; <\/p>\n<p class=\"read-more\"><a class=\"readmore-btn\" href=\"https:\/\/www.cathjack.ch\/wordpress\/?p=15922\">+<span class=\"screen-reader-text\">  Read More<\/span><\/a><\/p>\n","protected":false},"author":1,"featured_media":15923,"comment_status":"open","ping_status":"open","sticky":false,"template":"","format":"standard","meta":{"_crdt_document":"","_monsterinsights_skip_tracking":false,"_monsterinsights_sitenote_active":false,"_monsterinsights_sitenote_note":"","_monsterinsights_sitenote_category":0,"footnotes":""},"categories":[446,5,59,350,192],"tags":[],"class_list":["post-15922","post","type-post","status-publish","format-standard","has-post-thumbnail","hentry","category-serie","category-lecture-polar","category-islande","category-litterature-islandaise","category-xxieme-siecle"],"aioseo_notices":[],"_links":{"self":[{"href":"https:\/\/www.cathjack.ch\/wordpress\/index.php?rest_route=\/wp\/v2\/posts\/15922","targetHints":{"allow":["GET"]}}],"collection":[{"href":"https:\/\/www.cathjack.ch\/wordpress\/index.php?rest_route=\/wp\/v2\/posts"}],"about":[{"href":"https:\/\/www.cathjack.ch\/wordpress\/index.php?rest_route=\/wp\/v2\/types\/post"}],"author":[{"embeddable":true,"href":"https:\/\/www.cathjack.ch\/wordpress\/index.php?rest_route=\/wp\/v2\/users\/1"}],"replies":[{"embeddable":true,"href":"https:\/\/www.cathjack.ch\/wordpress\/index.php?rest_route=%2Fwp%2Fv2%2Fcomments&post=15922"}],"version-history":[{"count":6,"href":"https:\/\/www.cathjack.ch\/wordpress\/index.php?rest_route=\/wp\/v2\/posts\/15922\/revisions"}],"predecessor-version":[{"id":19226,"href":"https:\/\/www.cathjack.ch\/wordpress\/index.php?rest_route=\/wp\/v2\/posts\/15922\/revisions\/19226"}],"wp:featuredmedia":[{"embeddable":true,"href":"https:\/\/www.cathjack.ch\/wordpress\/index.php?rest_route=\/wp\/v2\/media\/15923"}],"wp:attachment":[{"href":"https:\/\/www.cathjack.ch\/wordpress\/index.php?rest_route=%2Fwp%2Fv2%2Fmedia&parent=15922"}],"wp:term":[{"taxonomy":"category","embeddable":true,"href":"https:\/\/www.cathjack.ch\/wordpress\/index.php?rest_route=%2Fwp%2Fv2%2Fcategories&post=15922"},{"taxonomy":"post_tag","embeddable":true,"href":"https:\/\/www.cathjack.ch\/wordpress\/index.php?rest_route=%2Fwp%2Fv2%2Ftags&post=15922"}],"curies":[{"name":"wp","href":"https:\/\/api.w.org\/{rel}","templated":true}]}}