{"id":17356,"date":"2022-12-17T11:53:08","date_gmt":"2022-12-17T09:53:08","guid":{"rendered":"https:\/\/www.cathjack.ch\/wordpress\/?p=17356"},"modified":"2026-02-12T21:29:58","modified_gmt":"2026-02-12T19:29:58","slug":"jonasson-ragnar-lile-au-secret-2020-trilogie-la-dame-de-reykjavik-tome-2","status":"publish","type":"post","link":"https:\/\/www.cathjack.ch\/wordpress\/?p=17356","title":{"rendered":"J\u00f3nasson, Ragnar \u00ab L\u2019\u00cele au secret \u00bb (2020) Trilogie La Dame de Reykjavik\u00a0: Tome 2"},"content":{"rendered":"<p><b>Auteur\u00a0<\/b>: Islandais, n\u00e9 \u00e0 Reykjavik , 1976. Il a d\u00e9couvert \u00e0 13 ans les livres d\u2019Agatha Christie et a commenc\u00e9 \u00e0 les traduire en islandais \u00e0 17 ans! Ses grands-parents sont originaires de Siglufj\u00f6rdur, la ville o\u00f9 se d\u00e9roule Snj\u00f3r, et o\u00f9 a grandi son p\u00e8re. Avocat et professeur de droit \u00e0 l\u2019Universit\u00e9 de Reykjavik, il est aussi \u00e9crivain et le cofondateur du Festival international de romans policiers \u00abIceland Noir \u00bb.<br \/>\nC\u2019est l\u2019agent d\u2019Henning Mankell qui a d\u00e9couvert Ragnar J\u00f3nasson et vendu les droits de ses livres dans quinze pays. M\u00f6rk a \u00e9t\u00e9 \u00e9lu \u00ab Meilleur polar de l\u2019ann\u00e9e 2016 \u00bb selon le SundayExpress et le Daily Express, et a re\u00e7u le Dead Good Reader Award en Angleterre.<\/p>\n<p><b>S\u00e9rie Dark Iceland\u00a0<\/b>:\u00a0 \u00a0Tome 1\u00a0<span style=\"color: #0000ff;\"><a style=\"color: #0000ff;\" href=\"http:\/\/www.cathjack.ch\/wordpress\/?p=4341\">Snj\u00f3r<\/a><\/span>\u00a0(Neige), Tome 2\u00a0<span style=\"color: #0000ff;\"><a style=\"color: #0000ff;\" href=\"http:\/\/www.cathjack.ch\/wordpress\/?p=4348\">M\u00f6rk<\/a>\u00a0<\/span>(Fronti\u00e8re) \u2013 Tome 3\u00a0<span style=\"color: #0000ff;\"><a style=\"color: #0000ff;\" href=\"https:\/\/www.cathjack.ch\/wordpress\/?p=7320\">N\u00e1tt\u00a0<\/a><\/span>(Nuit) (2018) \u2013 Tome 4<span style=\"color: #0000ff;\">\u00a0<a style=\"color: #0000ff;\" href=\"https:\/\/www.cathjack.ch\/wordpress\/?p=7760\">S\u00f3tt<\/a><\/span>\u00a0(Fi\u00e8vre) (2018) Tome 5\u00a0<span style=\"color: #0000ff;\"><a style=\"color: #0000ff;\" href=\"https:\/\/www.cathjack.ch\/wordpress\/?p=10128\">V\u00edk<\/a><\/span>\u00a0(Baie) (2019)\u00a0<i>!! se passe avant le tome 4<\/i>\u00a0\u2013 Tome 6\u00a0<span style=\"color: #0000ff;\"><a style=\"color: #0000ff;\" href=\"https:\/\/www.cathjack.ch\/wordpress\/?p=11837\">Sigl\u00f3<\/a><\/span>\u00a0(2020)<\/p>\n<p><b>Autres romans<\/b>\u00a0: \u00ab\u00a0<span style=\"color: #0000ff;\"><a style=\"color: #0000ff;\" href=\"https:\/\/www.cathjack.ch\/wordpress\/?p=17043\">Dix \u00e2mes pas plus<\/a>\u00a0<\/span>\u00bb (2022) &#8211;\u00a0\u00ab\u00a0<span style=\"color: #0000ff;\"><a style=\"color: #0000ff;\" href=\"https:\/\/www.cathjack.ch\/wordpress\/?p=17712\">A qui la faute<\/a><\/span>\u00a0\u00bb (2023)<i>\u00dati<\/i> (2021) &#8211; Reykjavik (2022 &#8211; traduit en 2023) &#8211; co\u00e9crit avec Katr\u00edn Jakobsd\u00f3ttir<\/p>\n<p><b>Trilogie La Dame de Reykjavik<\/b>\u00a0: Tome 1\u00a0<span style=\"color: #0000ff;\"><a style=\"color: #0000ff;\" href=\"https:\/\/www.cathjack.ch\/wordpress\/?p=16403\">La Dame de Reykjavik<\/a><\/span>\u00a0(Dimma) 2018 \u2013 Tome 2<span style=\"color: #0000ff;\"> <a style=\"color: #0000ff;\" href=\"https:\/\/www.cathjack.ch\/wordpress\/?p=17356\">L\u2019\u00cele au secret<\/a> <\/span>(Drungi) 2020 \u2013 Tome 3 <span style=\"color: #0000ff;\"><a style=\"color: #0000ff;\" href=\"https:\/\/www.cathjack.ch\/wordpress\/?p=17503\">La Derni\u00e8re Temp\u00eate<\/a><\/span> (Mistur ) 2021 &#8211;<br \/>\n(Pas le Tome 4 mais des apparitions de Hulda )<span class=\"Apple-converted-space\">\u00a0 <\/span><span style=\"color: #0000ff;\"><a style=\"color: #0000ff;\" href=\"https:\/\/www.cathjack.ch\/wordpress\/?p=21573\">La mort en blanc<\/a><\/span> ( Hv\u00edtidau\u00f0i 2019) 2024<br \/>\n<i>Dans cette nouvelle s\u00e9rie, Jonasson a \u00e9crit les histoires \u00e0 rebours : le tome 2, L\u2019\u00eele au secret se passe 10 ans avant le tome 1, La dame de Reykjavik. Le troisi\u00e8me tome se passe 25 ans avant le premier.<\/i><i><\/i><\/p>\n<p><b>Trilogie blanche<\/b> : <span style=\"color: #0000ff;\"><a style=\"color: #0000ff;\" href=\"https:\/\/www.cathjack.ch\/wordpress\/?p=21573\">La mort en blanc<\/a> <\/span>( Hv\u00edtidau\u00f0i 2019) 2024 &#8211; <span style=\"color: #0000ff;\"><a style=\"color: #0000ff;\" title=\"J\u00f3nasson, Ragnar \u00ab\u00a0Un calme blanc\u00a0\u00bb (2025) 384 pages\" href=\"https:\/\/www.cathjack.ch\/wordpress\/?p=23795\">Un calme blanc<\/a><\/span> ( Hv\u00edtalogn &#8211; 2023)<\/p>\n<p>&nbsp;<\/p>\n<p><b>Tome 2\u00a0: L\u2019\u00cele au secret<\/b> (Drungi) La Martini\u00e8re &#8211; 06.02.2020 \u2013 342 pages \/ Points Policier \u2013 04.02.2021 \u2013 307 pages.<\/p>\n<p><b>R\u00e9sum\u00e9<\/b>\u00a0:<br \/>\nAu large des c\u00f4tes de l&rsquo;Islande, l&rsquo;\u00eele d&rsquo;Ellidaey abrite la maison la plus isol\u00e9e au monde. Sur cette terre de l\u00e9gendes, v\u00e9ritable huis clos \u00e0 ciel ouvert, l&rsquo;inspectrice Hulda va devoir r\u00e9soudre une myst\u00e9rieuse disparition, quitte \u00e0 faire resurgir les fant\u00f4mes du pass\u00e9&#8230; Les \u00e9v\u00e8nements se d\u00e9roulent quinze ans avant La Dame de Reykjavik.<br \/>\nQuatre amis s\u00e9journaient sur une \u00eele L&rsquo;un d&rsquo;eux tomba de la falaise Et il n&rsquo;en resta plus que trois&#8230; Au large des c\u00f4tes de l&rsquo;Islande, l&rsquo;\u00eele d&rsquo;Ellidaey abrite la maison la plus isol\u00e9e au monde. C&rsquo;est sur cette terre sauvage que quatre amis ont choisi de f\u00eater leurs retrouvailles. Mais, apr\u00e8s la chute mortelle de l&rsquo;un d&rsquo;entre eux, la petite escapade tourne au drame. L&rsquo;inspectrice Hulda, quinze ans avant les \u00e9v\u00e9nements survenus dans La Dame de Reykjav\u00edk, n&rsquo;a qu&rsquo;une ambition : d\u00e9couvrir la v\u00e9rit\u00e9.<br \/>\nPas du genre \u00e0 compter ses heures, Hulda ne prendrait-elle pas l&rsquo;affaire trop \u00e0 coeur ? Elle n&rsquo;a jamais connu son p\u00e8re et a toujours entretenu avec sa m\u00e8re une relation en dents de scie. Une vie de famille tellement chaotique que son job semble la seule chose capable de la rattacher \u00e0 la r\u00e9alit\u00e9&#8230; Mais sur l&rsquo;\u00eele d&rsquo;Ellidaey plane une atmosph\u00e8re \u00e9touffante. Les fant\u00f4mes du pass\u00e9 ressurgissent.<span class=\"Apple-converted-space\">\u00a0<\/span><\/p>\n<p><b>Mon avis<\/b>\u00a0: Toujours un plaisir de retrouver l\u2019atmosph\u00e8re dans laquelle baignent les romans de cet auteur. Et les descriptions de l\u2019Islande, qui font vraiment partie du charme de ses livres.<br \/>\nPetite escapade de quatre anciens amis qui se sont pour ainsi dire perdus de vue depuis dix ans. Deux gar\u00e7ons, Benedikt et Dagur\u00a0et deux filles, Alexandra et Klara. Et avec eux le fant\u00f4me de la 5\u00e8me de la bande, Katla, la soeur de Dagur, disparue tragiquement il y a dix ans. Depuis, Dagur vit entour\u00e9 de fant\u00f4mes : celui de sa soeur, de son p\u00e8re et de sa m\u00e8re, m\u00eame si cette derni\u00e8re est toujours en vie\u2026 mais si peu. Petit \u00e0 petit on va se rendre compte que Katla hante tout les membres du groupe, que le pass\u00e9 s\u2019invite sur l\u2019\u00eele.<br \/>\nEn parall\u00e8le l\u2019inspectrice Hulda est aussi \u00e0 la recherche de son pass\u00e9, \u00e0 la recherche de l\u2019identit\u00e9 de son p\u00e8re.<br \/>\nTous les protagonistes sont mal dans leur peau, que ce soit dans le milieu de la police ou dans le groupe des jeunes et leurs proches.<br \/>\nTout semble lisse, solo, envelopp\u00e9 dans une atmosph\u00e8re ouat\u00e9e et silencieuse, dans les non-dits et le myst\u00e8re.. Myst\u00e8re de cette mort sur cette petite \u00eele d\u00e9serte, lors de cette rencontre en huis-clos des quatre amis d\u2019enfance et en arri\u00e8re-plan, myst\u00e8re enveloppant la mort de leur amie dix ans plus t\u00f4t.. et encore plus loin, le myst\u00e8re de la naissance d\u2019Huda.<br \/>\nJ\u2019en redemande apr\u00e8s la lecture des deux premiers tomes. <span class=\"Apple-converted-space\">\u00a0<\/span><\/p>\n<p><b>Extraits<\/b>\u00a0:<span class=\"Apple-converted-space\">\u00a0<\/span><\/p>\n<p>Tu n\u2019as jamais entendu parler de la chasse aux sorci\u00e8res en Islande\u00a0?<br \/>\n\u2013\u00a0La chasse aux sorci\u00e8res\u00a0? Tu veux dire, au XVIIe\u00a0si\u00e8cle, quand ils br\u00fblaient des vieilles qui pratiquaient la sorcellerie\u00a0?<br \/>\n\u2013\u00a0Des vieilles\u00a0? C\u2019est plut\u00f4t des hommes qu\u2019on br\u00fblait par ici.<span class=\"Apple-converted-space\">\u00a0<\/span><\/p>\n<p>\u00c0\u00a0leurs yeux, l\u2019art \u00e9tait une passion, pas un m\u00e9tier.<\/p>\n<p>Leur r\u00e9putation, l\u2019impression qu\u2019ils laissaient aux gens, tout importait. L\u2019opinion d\u2019autrui \u2013\u00a0ici, des voisins, m\u00eame s\u2019il ne connaissait pas leurs noms\u00a0\u2013 \u00e9tait comme un miroir dont il avait besoin d\u2019appr\u00e9cier le reflet. Ils ne pourraient plus garder la t\u00eate haute, ni lui ni sa femme. La honte qu\u2019il ressentait pesait d\u00e9sormais sur toute sa famille.<\/p>\n<p>Entrer dans la maison de retraite revenait \u00e0 p\u00e9n\u00e9trer dans un automne perp\u00e9tuel. Les murs aux couleurs feutr\u00e9es, qui lui semblaient plus d\u00e9lav\u00e9s \u00e0 chaque visite, et les fen\u00eatres opaques qui laissaient \u00e0 peine filtrer la lumi\u00e8re ne manquaient jamais de le d\u00e9primer. Il venait ici par affection, et aussi par sens du devoir.<\/p>\n<p>sa place \u00e9tait d\u00e9sormais au sein de sa famille, et non pas au milieu de ces gens devenus des inconnus, avides de ressusciter leur jeunesse.<span class=\"Apple-converted-space\">\u00a0<\/span><\/p>\n<p>Le sentiment d\u2019\u00eatre coup\u00e9e de toute civilisation, sans doute\u00a0? Elle avait tout \u00e0 coup l\u2019impression d\u2019avoir \u00e9chou\u00e9 sur une \u00eele d\u00e9serte \u00e0 la suite d\u2019un naufrage, sans aucune connexion possible avec le monde ext\u00e9rieur si ce n\u2019\u00e9tait par la radio.<\/p>\n<p>Pi\u00e9g\u00e9e dans un sublime paysage impressionniste.<\/p>\n<p>L\u2019horizon paraissait infini, presque irr\u00e9el, comme dans un r\u00eave. Elle resta un moment sans parler, \u00e0 \u00e9couter le fracas assourdi des vagues en contrebas, le battement d\u2019ailes des oiseaux.<\/p>\n<p>Son vieil adversaire, qu\u2019elle d\u00e9sirait autant qu\u2019elle le redoutait, se faisait attendre. Alors qu\u2019elle avait d\u00e9sesp\u00e9r\u00e9ment besoin de se reposer, \u00e9puis\u00e9e qu\u2019elle \u00e9tait par le voyage, son sommeil ne faisait souvent qu\u2019ajouter \u00e0 son stress en l\u2019inondant de cauchemars et de souvenirs qu\u2019elle aurait tout donn\u00e9 pour oublier.<\/p>\n<p>Quand elle restait \u00e9veill\u00e9e en pleine nuit, ses pens\u00e9es tournaient autour de deux axes\u00a0: soit elle ruminait le pass\u00e9, soit elle se faisait du souci pour l\u2019avenir. Cette fois, c\u2019est l\u2019avenir qui remportait la mise.<\/p>\n<p>De toute mani\u00e8re, elles ne se disputaient jamais \u2013\u00a0leurs sentiments n\u2019\u00e9taient sans doute pas assez intenses pour \u00e7a.<\/p>\n<p><b>Image\u00a0: <\/b>\u00eele d\u2019Elli\u00f0aey (Islande) \u2013 Superficie 0.48 km2 \u2013 Une seule maison sur l\u2019\u00eele, ouverte \u00e0 tous les membres d\u2019une association locale de chasse.<span class=\"Apple-converted-space\">\u00a0 <\/span>Cette maison isol\u00e9e n\u2019a ni \u00e9lectricit\u00e9 ni Wi-Fi mais dispose d\u2019un sauna\u2026 car on est bien en Islande!<span class=\"Apple-converted-space\">\u00a0 <\/span>L\u2019eau pour ce sauna et la cuisine est fournie par un syst\u00e8me de r\u00e9cup\u00e9ration d\u2019eaux de pluie. Il y a trois cents ans l\u2019\u00eele \u00e9tait habit\u00e9e par 5 familles dont les derniers descendant ont abandonn\u00e9 l\u2019endroit dans les ann\u00e9es 1930.<\/p>\n","protected":false},"excerpt":{"rendered":"<p>Auteur\u00a0: Islandais, n\u00e9 \u00e0 Reykjavik , 1976. Il a d\u00e9couvert \u00e0 13 ans les livres d\u2019Agatha Christie et a commenc\u00e9 \u00e0 les traduire en islandais \u00e0 17 ans! Ses grands-parents sont originaires de Siglufj\u00f6rdur, la ville o\u00f9 se d\u00e9roule Snj\u00f3r, et o\u00f9 a grandi son p\u00e8re. Avocat et professeur de droit \u00e0 l\u2019Universit\u00e9 de Reykjavik, &hellip; <\/p>\n<p class=\"read-more\"><a class=\"readmore-btn\" href=\"https:\/\/www.cathjack.ch\/wordpress\/?p=17356\">+<span class=\"screen-reader-text\">  Read More<\/span><\/a><\/p>\n","protected":false},"author":1,"featured_media":17357,"comment_status":"open","ping_status":"open","sticky":false,"template":"","format":"standard","meta":{"_crdt_document":"","_monsterinsights_skip_tracking":false,"_monsterinsights_sitenote_active":false,"_monsterinsights_sitenote_note":"","_monsterinsights_sitenote_category":0,"footnotes":""},"categories":[957,446,5,59,350,10,192],"tags":[563,186,362,307,334,690,403,277,177,817,111,370,1367],"class_list":["post-17356","post","type-post","status-publish","format-standard","has-post-thumbnail","hentry","category-957","category-serie","category-lecture-polar","category-islande","category-litterature-islandaise","category-nordique","category-xxieme-siecle","tag-culpabilite","tag-enquete","tag-ile","tag-mensonge","tag-meurtres","tag-mystere","tag-nature","tag-passe","tag-quete-didentite","tag-secrets-de-famille","tag-solitude","tag-suspense","tag-thriller-psychologique"],"aioseo_notices":[],"_links":{"self":[{"href":"https:\/\/www.cathjack.ch\/wordpress\/index.php?rest_route=\/wp\/v2\/posts\/17356","targetHints":{"allow":["GET"]}}],"collection":[{"href":"https:\/\/www.cathjack.ch\/wordpress\/index.php?rest_route=\/wp\/v2\/posts"}],"about":[{"href":"https:\/\/www.cathjack.ch\/wordpress\/index.php?rest_route=\/wp\/v2\/types\/post"}],"author":[{"embeddable":true,"href":"https:\/\/www.cathjack.ch\/wordpress\/index.php?rest_route=\/wp\/v2\/users\/1"}],"replies":[{"embeddable":true,"href":"https:\/\/www.cathjack.ch\/wordpress\/index.php?rest_route=%2Fwp%2Fv2%2Fcomments&post=17356"}],"version-history":[{"count":5,"href":"https:\/\/www.cathjack.ch\/wordpress\/index.php?rest_route=\/wp\/v2\/posts\/17356\/revisions"}],"predecessor-version":[{"id":23806,"href":"https:\/\/www.cathjack.ch\/wordpress\/index.php?rest_route=\/wp\/v2\/posts\/17356\/revisions\/23806"}],"wp:featuredmedia":[{"embeddable":true,"href":"https:\/\/www.cathjack.ch\/wordpress\/index.php?rest_route=\/wp\/v2\/media\/17357"}],"wp:attachment":[{"href":"https:\/\/www.cathjack.ch\/wordpress\/index.php?rest_route=%2Fwp%2Fv2%2Fmedia&parent=17356"}],"wp:term":[{"taxonomy":"category","embeddable":true,"href":"https:\/\/www.cathjack.ch\/wordpress\/index.php?rest_route=%2Fwp%2Fv2%2Fcategories&post=17356"},{"taxonomy":"post_tag","embeddable":true,"href":"https:\/\/www.cathjack.ch\/wordpress\/index.php?rest_route=%2Fwp%2Fv2%2Ftags&post=17356"}],"curies":[{"name":"wp","href":"https:\/\/api.w.org\/{rel}","templated":true}]}}