{"id":17837,"date":"2023-03-02T12:34:23","date_gmt":"2023-03-02T10:34:23","guid":{"rendered":"https:\/\/www.cathjack.ch\/wordpress\/?p=17837"},"modified":"2023-03-02T13:42:14","modified_gmt":"2023-03-02T11:42:14","slug":"voltenauer-marc-cendres-ardentes-2023-serie-andreas-auer-tome-5-400-pages","status":"publish","type":"post","link":"https:\/\/www.cathjack.ch\/wordpress\/?p=17837","title":{"rendered":"Voltenauer, Marc \u00abCendres ardentes\u00a0\u00bb (2023) S\u00e9rie : Andreas Auer (tome 5) 400 pages"},"content":{"rendered":"<p><b>Auteur\u00a0<\/b>: Ecrivain suisse, Marc Voltenauer est n\u00e9 en 1973 \u00e0 Gen\u00e8ve, d&rsquo;une m\u00e8re su\u00e9doise et d&rsquo;un p\u00e8re allemand et a v\u00e9cu \u00e0 Versoix, au bord du L\u00e9man, les vingt premi\u00e8res ann\u00e9es de sa vie. Enfant, il est partag\u00e9 entre sa passion pour le foot et son attrait pour une carri\u00e8re de pasteur, peut-\u00eatre pour suivre les traces de son grand-p\u00e8re, \u00e9v\u00eaque au sein de l\u2019\u00e9glise luth\u00e9rienne de Su\u00e8de. Apr\u00e8s des \u00e9tudes de Th\u00e9ologie \u00e0 l\u2019Universit\u00e9 de Gen\u00e8ve, Marc Voltenauer s\u2019engage comme Secr\u00e9taire g\u00e9n\u00e9ral des Unions Chr\u00e9tiennes de Gen\u00e8ve et opte ensuite pour un poste dans les ressources humaines au sein d\u2019une banque. C\u2019est suite \u00e0 un voyage autour du monde qu\u2019il d\u00e9cide de se mettre \u00e0 l\u2019\u00e9criture, et trouve \u00e0 son retour son inspiration dans le pittoresque village montagnard de Gryon. Grand amateur de films et de romans policiers, il se dirige tout naturellement vers le polar.<\/p>\n<p><b>S\u00e9rie : Andreas Auer<\/b> \u00ab<span style=\"color: #0000ff;\"><a style=\"color: #0000ff;\" href=\"https:\/\/www.cathjack.ch\/wordpress\/?p=5957\">Le Dragon du Muveran<\/a><\/span>\u00bb est le 1er roman de cet auteur mettant en sc\u00e8ne l\u2019Inspecteur Andreas Auer. La 2<sup>\u00e8me<\/sup> enqu\u00eate de Auer \u00ab<span style=\"color: #0000ff;\"><a style=\"color: #0000ff;\" href=\"http:\/\/www.cathjack.ch\/wordpress\/?p=5290\">Qui a tu\u00e9 Heidi ?<\/a><\/span>\u00bb(septembre 2017).\u00a0 \u00ab <span style=\"color: #0000ff;\"><a style=\"color: #0000ff;\" href=\"https:\/\/www.cathjack.ch\/wordpress\/?p=8135\">L\u2019aigle de sang<\/a>\u00bb<\/span> (14 mars 2019), \u00a0\u00ab<span style=\"color: #0000ff;\"><a style=\"color: #0000ff;\" href=\"https:\/\/www.cathjack.ch\/wordpress\/?p=11924\">Les prot\u00e9g\u00e9s de Sainte Kinga<\/a><\/span>\u00bb(1 octobre 2020);\u00a0\u00ab<span style=\"color: #0000ff;\"><a style=\"color: #0000ff;\" title=\"Voltenauer, Marc \u00abCendres ardentes\u00a0\u00bb (2023) S\u00e9rie : Andreas Auer (tome 5) 400 pages\" href=\"https:\/\/www.cathjack.ch\/wordpress\/?p=17837\">Cendres ardentes<\/a><\/span>\u00a0\u00bb (3 mars 2023)<\/p>\n<p>Editions Slatkine &amp; Cie &#8211; 02.03.2023 &#8211; 400 pages<\/p>\n<p><b>R\u00e9sum\u00e9:<\/b><br \/>\nLe corps atrocement mutil\u00e9 d\u2019une femme est d\u00e9couvert dans le lac L\u00e9man. Sans l\u2019identit\u00e9 de la victime, le d\u00e9but de l\u2019enqu\u00eate patine. Andreas Auer, de la Brigade criminelle, dirige les investigations qui ne s\u2019annoncent pas sous les meilleurs auspices et vont lui faire d\u00e9couvrir jusqu\u2019\u00e0 quelles monstruosit\u00e9s les d\u00e9viances de l\u2019\u00eatre humain peuvent mener. Dans le m\u00eame temps, Hubert, un sourd-muet, dou\u00e9 d\u2019un sens de l\u2019observation redoutable, est sans nouvelles de Sokol son ami albanais depuis plusieurs semaines. Avec s\u0153ur Laura, religieuse lucide et tenace, ils d\u00e9cident de mener leur propre enqu\u00eate\u2026\u00a0sur fond de vendetta.<br \/>\nLa cinqui\u00e8me aventure de l&rsquo;inspecteur Auer, le retour attendu du num\u00e9ro 1 des ventes en Suisse.<\/p>\n<p><b>Mon avis<\/b>:<br \/>\nDepuis le temps que je l\u2019attendais celui-l\u00e0! Et je n\u2019ai pas \u00e9t\u00e9 d\u00e9\u00e7ue! Un vrai coup de coeur pour ce livre complet! Tout y est : l\u2019action, l\u2019\u00e9motion, le suspense, les personnages, l\u2019atmosph\u00e8re, le cot\u00e9 d\u00e9couverte des lieux, des traditions, de l\u2019Histoire.<br \/>\nEmbarquement imm\u00e9diat pour les bords du lac L\u00e9man et l&rsquo;Albanie : qui a dit que la Suisse c&rsquo;\u00e9tait tranquillou ???<br \/>\nJ\u2019ai retrouv\u00e9 avec un plaisir infini Andreas et son adjointe Karine, sans oublier son compagnon Mikael. J\u2019ai aussi fait la connaissance de deux personnes magnifiques : une jeune religieuse Laura et un sourd-muet qui lit sur les l\u00e8vres et qui ont tout deux un grand sens de l\u2019amiti\u00e9. Deux personnages pour qui j\u2019ai eu le coup de coeur.\u00a0Faut quand m\u00eame avoir le coeur bien accroch\u00e9 par moments &#8230; (C&rsquo;est bien si on connait d\u00e9j\u00e0 les personnages mais peut se lire sans avoir lu les pr\u00e9c\u00e9dents)<\/p>\n<p>Tout commence par une d\u00e9couverte macabre : un tronc f\u00e9minin a \u00e9t\u00e9 balanc\u00e9 dans le Lac L\u00e9man. Juste le tronc, dans un sac poubelle. Pas de jambes, de bras, de t\u00eate\u2026<br \/>\nDans le m\u00eame temps Mirjan, un homme de 63 ans, Albanais d\u2019origine naturalis\u00e9 suisse retourne en Albanie pour y faire enterrer le corps de sa femme, Janina, d\u00e9c\u00e9d\u00e9e d\u2019un cancer. Il n\u2019y \u00e9tait pas retourn\u00e9 depuis 30 ans et tous ses souvenirs remontent: l\u2019atmosph\u00e8re de ce pays totalitaire, les guerres de clans\u2026 Mirjan fait partie de la minorit\u00e9 catholique d\u2019origine albanaise du Sud du Montenegro.<\/p>\n<p>Les r\u00e8glements de comptes sont au programme\u2026 et au niveau international :<span class=\"Apple-converted-space\">\u00a0 <\/span>Suisse-Albanie. Il faut dire que la communaut\u00e9 albanaise est importante en Suisse et l\u2019auteur nous en apprend \u00e9norm\u00e9ment sur cette communaut\u00e9 qui est bien int\u00e9gr\u00e9e en Suisse et sur l\u2019Albanie, ses traditions, ses coutumes, ses clans, son histoire. Parmi les traditions, il faut retenir l\u2019existence des vierges jur\u00e9es dont je n\u2019avais jamais entendu parler et qui est une tradition fascinante. Je vous laisse la d\u00e9couvrir. J\u2019ai \u00e9galement \u00e9t\u00e9 plong\u00e9e dans le \u00ab\u00a0Kanun\u00a0\u00bb, un code qui date du XVI si\u00e8cle et qui r\u00e9git la vie dans le pays. On y apprend entre autres choses que dans ce pays la libert\u00e9 religieuse et l\u2019hospitalit\u00e9 sont des r\u00e8gles de vie.<\/p>\n<p>Dans le roman nous allons fr\u00e9quenter des albanais qui sont venus en Suisse et se sont int\u00e9gr\u00e9s et \u00ab\u00a0suissiz\u00e9s\u00a0\u00bb et des albanais qui n\u2019ont pas souhait\u00e9 s\u2019int\u00e9grer et qui, au contraire ont souhait\u00e9 vivre en vase clos, qui sont rest\u00e9s albanais dans l\u2019\u00e2me et dans leur mani\u00e8re de vivre, en suivant les pr\u00e9ceptes du fameux Kanun, et entre autre la vendetta.. Le seul souci c\u2019est que le codex en question comprend 59 chapitres et que les fanatiques n\u2019en retiennent qu\u2019un : celui de la vengeance\u2026 Mais c\u2019est le cas de tous les fanatiques\u2026 une phrase hors de son contexte pour justifier \u00e0 tort des actions. Et l\u2019interpr\u00e9tation des textes est toujours un immense probl\u00e8me et le terrain de l\u2019extr\u00e9misme.<span class=\"Apple-converted-space\">\u00a0<\/span><\/p>\n<p>Comme toujours tout est remarquablement document\u00e9. L\u2019auteur fait la part belle aux l\u00e9gistes et aux observations\u2026 J\u2019ai l\u2019impression d\u2019avoir tout appris sur les petites b\u00e9b\u00eates qui \u00e9closent dans les corps ; je savais bien qu\u2019elles \u00e9taient utiles pour d\u00e9couvrir le laps de temps \u00e9coul\u00e9 entre la mort et le moment de la d\u00e9couverte des corps mais l\u00e0\u2026 c\u2019est extr\u00eamement d\u00e9taill\u00e9. On approfondira aussi la question du d\u00e9membrement, tant physique que psychologique\u2026 Et je vous informe que certaines sc\u00e8nes sont difficilement soutenables\u2026 mais j\u2019y ai surv\u00e9cu et je vous engage \u00e0 survivre \u00e0 l\u2019exp\u00e9rience\u2026<br \/>\nLe monde des psychopathes est aussi mis \u00e0 l\u2019honneur \u2026 jusqu\u2019o\u00f9 peut aller l\u2019horreur ? On d\u00e9couvre des cas comme l\u2019Ogre de Santa-Cruz ou la Cannibale de Milwaukee\u2026 l\u2019inconscient collectif prend soudain une nouvelle dimension et le concept de la fusion se regarde autrement\u2026<br \/>\nMarc Voltenauer aurait-il \u00e9t\u00e9 l\u00e9giste ou profiler dans une autre vie ?<br \/>\nLes moteurs psychologiques, les troubles psychiques, les d\u00e9g\u00e2ts de l\u2019\u00e9go susmentionn\u00e9, l\u2019importance des relations m\u00e8re\/enfant dans le d\u00e9veloppement de la personnalit\u00e9 sont autant de th\u00e8mes abord\u00e9s dans le roman.<span class=\"Apple-converted-space\"><br \/>\n<\/span>R\u00e8glements de compte, vengeances, trafics en tous genres (drogue, \u00eatres humains\u2026), violence faites aux femmes, condition f\u00e9minine, f\u00e9minicides, matriarcat\/patriarcat\/chef de famille, possession, anthropophagie, meurtres, viols,<span class=\"Apple-converted-space\">\u00a0 <\/span>il y en a pour tous les gouts\u2026<\/p>\n<p>Alors oui, il y a des moments crus\u2026 mais le suspense est permanent et on ne s\u2019ennuie pas une seconde. Il y a la famille, les amis, les crimes, les voyages, la gastronomie, l\u2019adr\u00e9naline\u2026 et aussi l\u2019amour\u2026<\/p>\n<p>Et cot\u00e9 culture, l\u2019auteur m\u2019a donn\u00e9 bien envie de me faire offrir \u00ab\u00a0l\u2019enfer de Dante\u00a0\u00bb illustr\u00e9 par Sandro Botticelli..<br \/>\nUn tr\u00e8s grand merci \u00e0 l\u2019auteur et aux Editions Slatkine et Cie de m\u2019avoir permis de d\u00e9couvrir ce roman en avant-premi\u00e8re. En plus, j\u2019ai toujours un plaisir infini \u00e0 lire ce qui se passe pas loin de chez moi\u2026<span class=\"Apple-converted-space\">\u00a0 <\/span>Plongez la t\u00eate la premi\u00e8re -peut-\u00eatre\u00a0pas dans le Lac &#8211; mais dans le livre oui !<span class=\"Apple-converted-space\">\u00a0<\/span><\/p>\n<p><strong>Extraits<\/strong>:<\/p>\n<p>Pour reconstruire son avenir, on ne pouvait pas rester otage du pass\u00e9.<\/p>\n<p>Le pass\u00e9 ne s&rsquo;effa\u00e7ait pas. Pour avancer et reconstruire sa vie, seul le pardon permettait de se lib\u00e9rer du poids du pass\u00e9.<\/p>\n<p>&nbsp;<\/p>\n<p><strong>Image<\/strong> : Le drapeau de l&rsquo;Albanie est constitu\u00e9 d&rsquo;un fond rouge avec un aigle \u00e0 deux t\u00eates en son centre. Il provient du sceau similaire de Gjergj Kastriot Skanderbeg, un Albanais du XV\u1d49 si\u00e8cle, meneur de la r\u00e9volte contre l&rsquo;Empire ottoman qui conduisit \u00e0 une p\u00e9riode d&rsquo;ind\u00e9pendance.<\/p>\n","protected":false},"excerpt":{"rendered":"<p>Auteur\u00a0: Ecrivain suisse, Marc Voltenauer est n\u00e9 en 1973 \u00e0 Gen\u00e8ve, d&rsquo;une m\u00e8re su\u00e9doise et d&rsquo;un p\u00e8re allemand et a v\u00e9cu \u00e0 Versoix, au bord du L\u00e9man, les vingt premi\u00e8res ann\u00e9es de sa vie. Enfant, il est partag\u00e9 entre sa passion pour le foot et son attrait pour une carri\u00e8re de pasteur, peut-\u00eatre pour suivre &hellip; <\/p>\n<p class=\"read-more\"><a class=\"readmore-btn\" href=\"https:\/\/www.cathjack.ch\/wordpress\/?p=17837\">+<span class=\"screen-reader-text\">  Read More<\/span><\/a><\/p>\n","protected":false},"author":1,"featured_media":17838,"comment_status":"open","ping_status":"open","sticky":false,"template":"","format":"standard","meta":{"_crdt_document":"","_monsterinsights_skip_tracking":false,"_monsterinsights_sitenote_active":false,"_monsterinsights_sitenote_note":"","_monsterinsights_sitenote_category":0,"footnotes":""},"categories":[1719,446,5,1288,193,28,1,66,1224,192],"tags":[1744,254,863,159,186,199,869,232,708,334,285,314,927,1303,1278,400,275,169,1307],"class_list":["post-17837","post","type-post","status-publish","format-standard","has-post-thumbnail","hentry","category-1719","category-serie","category-lecture-polar","category-coup-de-coeur-polar-thriller","category-etude-de-societe","category-suisse","category-non-classe","category-suisse-destinations","category-traditions","category-xxieme-siecle","tag-albanie","tag-amitie","tag-condition-feminine","tag-drogue","tag-enquete","tag-famille","tag-guerre-de-gangs","tag-immigration","tag-integration","tag-meurtres","tag-psychopathe","tag-rapports-familiaux","tag-rapports-sociaux","tag-reglement-de-comptes","tag-trafic-detres-humains","tag-vengeance","tag-viol","tag-violence","tag-violence-conjugale"],"aioseo_notices":[],"_links":{"self":[{"href":"https:\/\/www.cathjack.ch\/wordpress\/index.php?rest_route=\/wp\/v2\/posts\/17837","targetHints":{"allow":["GET"]}}],"collection":[{"href":"https:\/\/www.cathjack.ch\/wordpress\/index.php?rest_route=\/wp\/v2\/posts"}],"about":[{"href":"https:\/\/www.cathjack.ch\/wordpress\/index.php?rest_route=\/wp\/v2\/types\/post"}],"author":[{"embeddable":true,"href":"https:\/\/www.cathjack.ch\/wordpress\/index.php?rest_route=\/wp\/v2\/users\/1"}],"replies":[{"embeddable":true,"href":"https:\/\/www.cathjack.ch\/wordpress\/index.php?rest_route=%2Fwp%2Fv2%2Fcomments&post=17837"}],"version-history":[{"count":9,"href":"https:\/\/www.cathjack.ch\/wordpress\/index.php?rest_route=\/wp\/v2\/posts\/17837\/revisions"}],"predecessor-version":[{"id":17858,"href":"https:\/\/www.cathjack.ch\/wordpress\/index.php?rest_route=\/wp\/v2\/posts\/17837\/revisions\/17858"}],"wp:featuredmedia":[{"embeddable":true,"href":"https:\/\/www.cathjack.ch\/wordpress\/index.php?rest_route=\/wp\/v2\/media\/17838"}],"wp:attachment":[{"href":"https:\/\/www.cathjack.ch\/wordpress\/index.php?rest_route=%2Fwp%2Fv2%2Fmedia&parent=17837"}],"wp:term":[{"taxonomy":"category","embeddable":true,"href":"https:\/\/www.cathjack.ch\/wordpress\/index.php?rest_route=%2Fwp%2Fv2%2Fcategories&post=17837"},{"taxonomy":"post_tag","embeddable":true,"href":"https:\/\/www.cathjack.ch\/wordpress\/index.php?rest_route=%2Fwp%2Fv2%2Ftags&post=17837"}],"curies":[{"name":"wp","href":"https:\/\/api.w.org\/{rel}","templated":true}]}}