{"id":1901,"date":"2015-07-03T11:01:51","date_gmt":"2015-07-03T10:01:51","guid":{"rendered":"http:\/\/www.cathjack.ch\/wordpress\/?p=1901"},"modified":"2021-12-26T17:27:36","modified_gmt":"2021-12-26T15:27:36","slug":"schenkel-andrea-maria-finsterau-2015","status":"publish","type":"post","link":"https:\/\/www.cathjack.ch\/wordpress\/?p=1901","title":{"rendered":"Schenkel, Andrea Maria \u00ab Finsterau \u00bb (2015)"},"content":{"rendered":"<p><strong>Autrice\u00a0<\/strong>:<br \/>\nAndrea Maria Schenkel, n\u00e9e le 21 mars 1962 \u00e0 Ratisbonne en Allemagne, est une romanci\u00e8re de langue allemande.<br \/>\n<strong>Romans<\/strong>\u00a0: <span style=\"color: #0000ff;\"><a style=\"color: #0000ff;\" href=\"https:\/\/www.cathjack.ch\/wordpress\/?p=2327\"><em>La Ferme du crime<\/em><\/a> <\/span>(2008) \u2013 <em>Un tueur \u00e0 Munich<\/em> (2009) \u2013 <em>Bunker<\/em> (2010) \u2013 <em><span style=\"color: #0000ff;\"><a style=\"color: #0000ff;\" href=\"https:\/\/www.cathjack.ch\/wordpress\/?p=1901\">Finsterau<\/a><\/span> <\/em>(2015) \u2013 <em>Tromperie<\/em> (2020)<\/p>\n<p>&nbsp;<\/p>\n<p><strong>R\u00e9sum\u00e9\u00a0<\/strong>: 1947 \u00e0 Finsterau, un petit village de Bavi\u00e8re. La jeune Afra et son fils de deux ans trouvent une mort sanglante dans le salon de la maison de ses parents, Johann et Theres Zauner, surnomm\u00e9s les \u201csans-terre\u201d en raison de leur extr\u00eame pauvret\u00e9. Afra \u00e9tait retourn\u00e9e vivre dans sa mis\u00e8re natale en 1944 apr\u00e8s avoir perdu son emploi en ville. Ses parents, tr\u00e8s croyants, \u00e9taient devenus la honte du village quand elle avait donn\u00e9 naissance au \u201cb\u00e2tard\u201d d\u2019un Fran\u00e7ais en 1945. Son p\u00e8re avait alors fait de sa vie un enfer ; querelles permanentes entre elle et lui, plaintes incessantes \u00e0 propos du petit Albert. Ces faits connus de tous ainsi que d\u2019autres \u00e9l\u00e9ments troublants am\u00e8nent Johann \u00e0 se retrouver accus\u00e9 des meurtres d\u2019Afra et de son petit-fils. Condamn\u00e9 \u00e0 une peine de dix ans, il sera ensuite intern\u00e9 au vu de son \u00e9tat psychologique tr\u00e8s perturb\u00e9. L\u2019affaire Zauner est close. Pourtant un soir, dix-huit ans apr\u00e8s les faits, un aubergiste se voit confier par un client ivre que le meurtrier court toujours. Il informe alors le procureur de l\u2019\u00e9poque, qui rouvre l\u2019enqu\u00eate. <em>Cold Case<\/em> \u00e0 la bavaroise, <em>Finsterau<\/em> superpose deux enqu\u00eates, celle de la police qui entend les t\u00e9moins, et celle de la romanci\u00e8re qui les \u00e9coute. Le commissaire et l\u2019\u00e9crivain ne cherchent-ils pas, tous deux, \u00e0 saisir la v\u00e9rit\u00e9 des caract\u00e8res ?<\/p>\n<p>S\u00e9lectionn\u00e9 pour Le Grand Prix de Litt\u00e9rature polici\u00e8re 2015 \u2013 cat\u00e9gorie roman \u00e9tranger (17 s\u00e9lectionn\u00e9s)<\/p>\n<p>&nbsp;<\/p>\n<p><strong>Mon avis<\/strong>\u00a0: 112 petites pages\u2026 j\u2019ai bien aim\u00e9 mais, il ne va pas laisser de traces.. la s\u00e9lection pour le grand Prix de la Litt\u00e9rature polici\u00e8re c\u2019est un peu trop\u2026 Ce livre, j\u2019ai eu envie de le lire apr\u00e8s avoir lu le livre de Seigle \u00abJe vous \u00e9cris dans le noir\u00a0\u00bb\u00a0; J\u2019en avais entendu parler et cela me donne envie de lire les autres livres de cet auteur. M\u00eame \u00e9poque, m\u00eame honte, espoirs d\u00e9\u00e7us \u2026 C\u2019est un livre sur la m\u00e9moire (ou le manque de m\u00e9moire)\u00a0; m\u00e9moire des lieux, absence de m\u00e9moire du coupable d\u00e9sign\u00e9, erreur judiciaire par manque d\u2019enqu\u00eate.. Un monde de mis\u00e8re, une fille m\u00e8re, un enfant fait avec un fran\u00e7ais dans l\u2019Allemagne d\u2019apr\u00e8s-guerre\u2026 Des personnes qui d\u00e9rangent.. c\u2019est bien pratique de les charger et les ranger dans l\u2019oubli.. de classer.. Un roman tir\u00e9 d\u2019un fait r\u00e9el..<\/p>\n<p><strong>Extraits<\/strong>\u00a0:<\/p>\n<p>Rien n\u2019avait chang\u00e9 ici, et rien ne changerait jamais, le temps s\u2019\u00e9tait arr\u00eat\u00e9. \u201cPour les si\u00e8cles des si\u00e8cles, amen.\u201d<\/p>\n<p>Si au d\u00e9but elle se souvenait encore des moindres d\u00e9tails, dans sa t\u00eate la couleur des images avait pass\u00e9 comme celle de v\u00eatements souvent lav\u00e9s, avant de se perdre compl\u00e8tement. C\u2019est d\u2019abord son visage qui avait disparu.<\/p>\n<p>Si la m\u00e9moire \u00e9tait un r\u00e9cipient rempli \u00e0 ras bord de tout ce qu\u2019on avait v\u00e9cu, le sien \u00e9tait comme la bouteille bris\u00e9e dont il avait \u00e9cras\u00e9 les d\u00e9bris dans la cuisine. Ses souvenirs \u00e9taient fragmentaires, et entre ces fragments les blancs ne pouvaient \u00eatre combl\u00e9s, certains jours il ne pouvait plus faire la diff\u00e9rence entre ce qui s\u2019\u00e9tait r\u00e9ellement pass\u00e9 et ce dont il avait r\u00eav\u00e9<\/p>\n<p>Ce n\u2019\u00e9tait pas des morts qu\u2019il fallait se m\u00e9fier, c\u2019\u00e9tait plut\u00f4t des vivants qu\u2019il fallait avoir peur.<\/p>\n<p>C\u2019est peut-\u00eatre une vision des choses tr\u00e8s simpliste, mais l\u2019aveu du crime par le suspect est un acte de purification psychique comparable \u00e0 la confession. Le coupable reconna\u00eet sa culpabilit\u00e9, comme le p\u00e9cheur, ce qui lui apporte le soulagement et la paix de l\u2019\u00e2me. Enfin, c\u2019est ce qu\u2019on nous apprenait \u00e0 l\u2019\u00e9poque o\u00f9 j\u2019ai fait mes \u00e9tudes<\/p>\n<p>Malheureusement, notre interpr\u00e9tation de la v\u00e9rit\u00e9 est trop souvent fausse ou, de notre point de vue, nous n\u2019en voyons qu\u2019une petite partie. La v\u00e9rit\u00e9 est un enfant farouche et sa m\u00e8re, la justice, est souvent aveugle<\/p>\n<p>Il essayait de lutter, il aurait voulu se d\u00e9barrasser de ces pens\u00e9es qui le tourmentaient en les couchant sur le papier, mais ses mains ne lui ob\u00e9issaient plus, alors il se mit \u00e0 emmagasiner ses souvenirs dans des bouteilles vides, qu\u2019il remplissait \u00e0 ras bord de mots avant de les refermer soigneusement. Lorsqu\u2019il tenait une de ces bouteilles pr\u00e8s de son oreille, il avait l\u2019impression d\u2019entendre sa propre voix. Et s\u2019il \u00f4tait le bouchon, les mots s\u2019\u00e9chappaient<\/p>\n<p>Il fallait qu\u2019il emprisonne les mots avant qu\u2019ils soient perdus \u00e0 jamais, car \u00e0 chaque phrase qu\u2019il pronon\u00e7ait, il semblait oublier davantage de choses<\/p>\n<p>du m\u00eame auteur :\u00a0 <a href=\"http:\/\/www.cathjack.ch\/wordpress\/?p=2327\">\u00ab La ferme du crime \u00bb (2008)<\/a><\/p>\n","protected":false},"excerpt":{"rendered":"<p>Autrice\u00a0: Andrea Maria Schenkel, n\u00e9e le 21 mars 1962 \u00e0 Ratisbonne en Allemagne, est une romanci\u00e8re de langue allemande. Romans\u00a0: La Ferme du crime (2008) \u2013 Un tueur \u00e0 Munich (2009) \u2013 Bunker (2010) \u2013 Finsterau (2015) \u2013 Tromperie (2020) &nbsp; R\u00e9sum\u00e9\u00a0: 1947 \u00e0 Finsterau, un petit village de Bavi\u00e8re. La jeune Afra et son &hellip; <\/p>\n<p class=\"read-more\"><a class=\"readmore-btn\" href=\"https:\/\/www.cathjack.ch\/wordpress\/?p=1901\">+<span class=\"screen-reader-text\">  Read More<\/span><\/a><\/p>\n","protected":false},"author":1,"featured_media":1903,"comment_status":"open","ping_status":"open","sticky":false,"template":"","format":"standard","meta":{"_crdt_document":"","_monsterinsights_skip_tracking":false,"_monsterinsights_sitenote_active":false,"_monsterinsights_sitenote_note":"","_monsterinsights_sitenote_category":0,"footnotes":""},"categories":[2,5,54,78],"tags":[],"class_list":["post-1901","post","type-post","status-publish","format-standard","has-post-thumbnail","hentry","category-lectures","category-lecture-polar","category-litterature-allemande","category-xxeme"],"aioseo_notices":[],"_links":{"self":[{"href":"https:\/\/www.cathjack.ch\/wordpress\/index.php?rest_route=\/wp\/v2\/posts\/1901","targetHints":{"allow":["GET"]}}],"collection":[{"href":"https:\/\/www.cathjack.ch\/wordpress\/index.php?rest_route=\/wp\/v2\/posts"}],"about":[{"href":"https:\/\/www.cathjack.ch\/wordpress\/index.php?rest_route=\/wp\/v2\/types\/post"}],"author":[{"embeddable":true,"href":"https:\/\/www.cathjack.ch\/wordpress\/index.php?rest_route=\/wp\/v2\/users\/1"}],"replies":[{"embeddable":true,"href":"https:\/\/www.cathjack.ch\/wordpress\/index.php?rest_route=%2Fwp%2Fv2%2Fcomments&post=1901"}],"version-history":[{"count":4,"href":"https:\/\/www.cathjack.ch\/wordpress\/index.php?rest_route=\/wp\/v2\/posts\/1901\/revisions"}],"predecessor-version":[{"id":15068,"href":"https:\/\/www.cathjack.ch\/wordpress\/index.php?rest_route=\/wp\/v2\/posts\/1901\/revisions\/15068"}],"wp:featuredmedia":[{"embeddable":true,"href":"https:\/\/www.cathjack.ch\/wordpress\/index.php?rest_route=\/wp\/v2\/media\/1903"}],"wp:attachment":[{"href":"https:\/\/www.cathjack.ch\/wordpress\/index.php?rest_route=%2Fwp%2Fv2%2Fmedia&parent=1901"}],"wp:term":[{"taxonomy":"category","embeddable":true,"href":"https:\/\/www.cathjack.ch\/wordpress\/index.php?rest_route=%2Fwp%2Fv2%2Fcategories&post=1901"},{"taxonomy":"post_tag","embeddable":true,"href":"https:\/\/www.cathjack.ch\/wordpress\/index.php?rest_route=%2Fwp%2Fv2%2Ftags&post=1901"}],"curies":[{"name":"wp","href":"https:\/\/api.w.org\/{rel}","templated":true}]}}