{"id":19062,"date":"2023-10-05T11:39:11","date_gmt":"2023-10-05T09:39:11","guid":{"rendered":"https:\/\/www.cathjack.ch\/wordpress\/?p=19062"},"modified":"2023-10-05T11:43:32","modified_gmt":"2023-10-05T09:43:32","slug":"alaux-jean-pierre-balen-noel-noces-dor-a-yquem-2014-232-pages-serie-le-sang-de-la-vigne-tome-2","status":"publish","type":"post","link":"https:\/\/www.cathjack.ch\/wordpress\/?p=19062","title":{"rendered":"Alaux, Jean-Pierre &#038; Balen, No\u00ebl \u00ab\u00a0Noces d\u2019or \u00e0 Yquem\u00a0\u00bb (2014)  232 pages &#8211; S\u00e9rie Le sang de la vigne &#8211; tome 2"},"content":{"rendered":"<p><b>Auteurs<\/b>:<br \/>\nJean-Pierre Alaux est directeur de la r\u00e9daction du magazine Cigares &amp; Co. Il vit au milieu des vignobles de la vall\u00e9e du Lot. No\u00ebl Balen partage ses activit\u00e9s entre litt\u00e9rature et production musicale. Il a choisi Bordeaux comme port d&rsquo;attache.<br \/>\nNo\u00ebl Balen, \u00e9crivain et musicien, partage son temps entre sa table d\u2019\u00e9criture, les studios d\u2019enregistrement et les fourneaux de la cuisine familiale. (<span style=\"color: #0000ff;\"><a style=\"color: #0000ff;\" title=\"Balen, No\u00ebl \u2013 Barrot, Vanessa \u00abLa cr\u00e8me \u00e9tait presque parfaite \u00bb(2014)\" href=\"https:\/\/www.cathjack.ch\/wordpress\/?p=2490\">S\u00e9rie \u00ab Crimes gourmands \u00bb<\/a><\/span> sur le blog co-\u00e9crite avec Vanessa Barrot)<\/p>\n<p>Fayard &#8211; 17.02.2004 &#8211; 232 pages<\/p>\n<p>S\u00e9rie de 26 romans \u00ab\u00a0Le sang de la vigne\u00a0\u00bb<span class=\"Apple-converted-space\">\u00a0 <\/span>&#8211; tome 2<br \/>\nEn 2003, No\u00ebl Balen a inaugur\u00e9 la s\u00e9rie de romans policiers \u00ab Le sang de la vigne \u00bb, co-\u00e9crite avec son \u00ab alcoolyte \u00bb Jean-Pierre Alaux. Sous l\u2019impulsion de la productrice Lissa Pillu (Telecip) et du r\u00e9alisateur Marc Rivi\u00e8re, tous les romans sont d\u00e9sormais adapt\u00e9s pour la t\u00e9l\u00e9vision. Pierre Arditi incarne \u00e0 merveille le personnage principal dont les enqu\u00eates se d\u00e9roulent au c\u0153ur des terroirs viticoles.<\/p>\n<p><b>R\u00e9sum\u00e9<\/b>: Il ne fait pas bon r\u00e9veiller les souvenirs douloureux. Dans les brumes du Ciron, au pied de la colline d&rsquo;Yquem, il suffit d&rsquo;une macabre d\u00e9couverte pour que les rumeurs enflent, les soup\u00e7ons s&rsquo;aiguisent, les amiti\u00e9s et les amours s&rsquo;effilochent. A quelques pas de la Tour Blanche, se cache un secret qui repose \u00e0 l&rsquo;abri de la lumi\u00e8re. Benjamin Cooker, \u0153nologue aussi r\u00e9put\u00e9 que passionn\u00e9, se retrouve plong\u00e9 dans la l\u00e9gende dor\u00e9e des vins de Sauternes. Comment pourra-t-il effacer le trouble qui vient ternir cette r\u00e9gion o\u00f9 l&rsquo;on \u00e9l\u00e8ve le vin le plus \u00e9blouissant qui soit ?<\/p>\n<p><b>Mon avis<\/b>:<\/p>\n<p>Petit polar d\u00e9lassant \u00a0qui se laisse lire facilement. J\u2019ai toujours trouv\u00e9 la s\u00e9rie \u00ab Crimes gourmands \u00bb sympa et j\u2019adore le Sauternes\u2026<span class=\"Apple-converted-space\"> Alors un\u00a0<\/span>petit tour dans le Bordelais..<br \/>\nJ\u2019ai lu le tome 2 sans lire le tome 1 et je n\u2019ai pas l\u2019intention de lire la s\u00e9rie.. Je n\u2019ai pas non plus regard\u00e9 la s\u00e9rie \u00ab Le Sang de la vigne \u00bb. Mais ce petit moment dans le vignoble bordelais m\u2019a bien plu; c\u2019est comme les vacances, c\u2019est la route des vins de la r\u00e9gion avec une mini enqu\u00eate<span class=\"Apple-converted-space\">\u00a0 <\/span>polici\u00e8re l\u00e0 au milieu\u2026 C\u2019est s\u00fbr que cela va vite \u00eatre oubli\u00e9. Mais cela retrace la vie du domaine du \u00ab Ch\u00e2teau Yquem \u00bbet j\u2019en ai appris un peu plus sur le Sauternes.<span class=\"Apple-converted-space\">\u00a0<\/span><\/p>\n<p><b>Extraits<\/b>:<\/p>\n<p>En Sauternais, on vendangeait aux grains. Travail d\u2019orf\u00e8vre. Les vendangeuses\u00a0\u2013 car les femmes \u00e9taient souvent les plus dou\u00e9es\u00a0\u2013 hasardaient la pointe de leurs s\u00e9cateurs sur ces ceps d\u00e9shabill\u00e9s de leurs feuilles mordor\u00e9es.<\/p>\n<p>\u00ab\u00a0Peloter la blonde\u00a0\u00bb, c\u2019est pr\u00e9f\u00e9rer un vin blanc \u00e0 un rouge.<\/p>\n<p>\u2014\u00a0\u00c0 moins que vous ne choisissiez d\u2019\u00ab\u00a0\u00e9touffer une n\u00e9gresse\u00a0\u00bb\u00a0?<br \/>\n\u2014\u00a0En clair, que nous options pour un rouge\u00a0?<\/p>\n<p>\u2014\u00a0Oui, mais c\u2019est un\u2026 1947\u00a0!<br \/>\nEntre-temps, Virgile avait pu lire l\u2019ann\u00e9e mentionn\u00e9e sous le nom \u00ab\u00a0Lur-Saluces\u00a0\u00bb. Mill\u00e9sime magique pour les vins de bordeaux\u00a0! Saint-\u00e9milion, pomerol, graves, m\u00e9doc, blancs liquoreux\u00a0: cette ann\u00e9e-l\u00e0, ce furent les noces de Cana\u00a0!<span class=\"Apple-converted-space\">\u00a0<\/span><\/p>\n<p>Que serait le sauternes sans ces bancs de brouillard qui montent du Ciron puis partent \u00e0 l\u2019assaut de la colline d\u2019Yquem et des mamelons qui l\u2019entourent\u00a0? On les voit d\u00e9ployer leurs immenses drap\u00e9s d\u00e8s le 15\u00a0ao\u00fbt. Ils se forment \u00e0 la tomb\u00e9e du soir, quand les ombres s\u2019\u00e9tirent au point de dispara\u00eetre. Au gr\u00e9 des matins, ils sont plus ou moins \u00e9pais et ne se dissipent que lorsque le soleil se montre conqu\u00e9rant. C\u2019est \u00e0 midi que l\u2019on sait qui, du brouillard ou du soleil, remportera l\u2019\u00e2pre partie.<\/p>\n<p>P\u00e9rir noy\u00e9, pour un individu habitu\u00e9 \u00e0 \u00e9voluer en eaux troubles, quoi de plus naturel en somme\u00a0?<\/p>\n<p>\u2014\u00a0\u00ab\u00a0Les folies sont les seules choses que l\u2019on ne regrette jamais dans une vie\u00a0\u00bb, disait ce bon Oscar\u00a0; je crois qu\u2019il avait raison\u00a0!<br \/>\n\u2014\u00a0Wilde avait toujours raison\u00a0!<\/p>\n<p><b>Information<\/b> : Le ch\u00e2teau d&rsquo;Yquem est un domaine viticole dans le vignoble de Bordeaux, produisant un vin liquoreux du m\u00eame nom. Il s&rsquo;agit du seul sauternes class\u00e9 premier cru sup\u00e9rieur. Le ch\u00e2teau est inscrit aux monuments historiques depuis 2003.<br \/>\n(Wikipedia)<\/p>\n","protected":false},"excerpt":{"rendered":"<p>Auteurs: Jean-Pierre Alaux est directeur de la r\u00e9daction du magazine Cigares &amp; Co. Il vit au milieu des vignobles de la vall\u00e9e du Lot. No\u00ebl Balen partage ses activit\u00e9s entre litt\u00e9rature et production musicale. Il a choisi Bordeaux comme port d&rsquo;attache. No\u00ebl Balen, \u00e9crivain et musicien, partage son temps entre sa table d\u2019\u00e9criture, les studios &hellip; <\/p>\n<p class=\"read-more\"><a class=\"readmore-btn\" href=\"https:\/\/www.cathjack.ch\/wordpress\/?p=19062\">+<span class=\"screen-reader-text\">  Read More<\/span><\/a><\/p>\n","protected":false},"author":1,"featured_media":19063,"comment_status":"open","ping_status":"open","sticky":false,"template":"","format":"standard","meta":{"_crdt_document":"","_monsterinsights_skip_tracking":false,"_monsterinsights_sitenote_active":false,"_monsterinsights_sitenote_note":"","_monsterinsights_sitenote_category":0,"footnotes":""},"categories":[446,489,98,12,192],"tags":[1876,180,334,1879,1880,1878,1877],"class_list":["post-19062","post","type-post","status-publish","format-standard","has-post-thumbnail","hentry","category-serie","category-au-fil-du-rasoir-polars","category-france","category-litterature-france","category-xxieme-siecle","tag-bordelais","tag-gastronomie","tag-meurtres","tag-sauternes","tag-serie-tele","tag-vin","tag-oenologie"],"aioseo_notices":[],"_links":{"self":[{"href":"https:\/\/www.cathjack.ch\/wordpress\/index.php?rest_route=\/wp\/v2\/posts\/19062","targetHints":{"allow":["GET"]}}],"collection":[{"href":"https:\/\/www.cathjack.ch\/wordpress\/index.php?rest_route=\/wp\/v2\/posts"}],"about":[{"href":"https:\/\/www.cathjack.ch\/wordpress\/index.php?rest_route=\/wp\/v2\/types\/post"}],"author":[{"embeddable":true,"href":"https:\/\/www.cathjack.ch\/wordpress\/index.php?rest_route=\/wp\/v2\/users\/1"}],"replies":[{"embeddable":true,"href":"https:\/\/www.cathjack.ch\/wordpress\/index.php?rest_route=%2Fwp%2Fv2%2Fcomments&post=19062"}],"version-history":[{"count":4,"href":"https:\/\/www.cathjack.ch\/wordpress\/index.php?rest_route=\/wp\/v2\/posts\/19062\/revisions"}],"predecessor-version":[{"id":19067,"href":"https:\/\/www.cathjack.ch\/wordpress\/index.php?rest_route=\/wp\/v2\/posts\/19062\/revisions\/19067"}],"wp:featuredmedia":[{"embeddable":true,"href":"https:\/\/www.cathjack.ch\/wordpress\/index.php?rest_route=\/wp\/v2\/media\/19063"}],"wp:attachment":[{"href":"https:\/\/www.cathjack.ch\/wordpress\/index.php?rest_route=%2Fwp%2Fv2%2Fmedia&parent=19062"}],"wp:term":[{"taxonomy":"category","embeddable":true,"href":"https:\/\/www.cathjack.ch\/wordpress\/index.php?rest_route=%2Fwp%2Fv2%2Fcategories&post=19062"},{"taxonomy":"post_tag","embeddable":true,"href":"https:\/\/www.cathjack.ch\/wordpress\/index.php?rest_route=%2Fwp%2Fv2%2Ftags&post=19062"}],"curies":[{"name":"wp","href":"https:\/\/api.w.org\/{rel}","templated":true}]}}