{"id":19148,"date":"2023-10-26T12:47:39","date_gmt":"2023-10-26T10:47:39","guid":{"rendered":"https:\/\/www.cathjack.ch\/wordpress\/?p=19148"},"modified":"2025-11-24T18:38:52","modified_gmt":"2025-11-24T16:38:52","slug":"feuz-nicolas-le-philateliste-2023-332-pages","status":"publish","type":"post","link":"https:\/\/www.cathjack.ch\/wordpress\/?p=19148","title":{"rendered":"Feuz, Nicolas \u00ab\u00a0Le Philat\u00e9liste\u00a0\u00bb (2023) 332 pages (S\u00e9rie Jemsen &#8211; tome 6)"},"content":{"rendered":"<p><b>Auteur\u00a0<\/b>: N\u00e9 en 1971, Nicolas Feuz a exerc\u00e9 les professions d\u2019avocat et de juge d\u2019instruction. Il est actuellement procureur de la R\u00e9publique du canton de Neuch\u00e2tel, en Suisse. Depuis plus de 16 ans, il s\u2019est sp\u00e9cialis\u00e9 dans la lutte contre le trafic de stup\u00e9fiants. Nicolas Feuz a \u00e9tudi\u00e9 le droit \u00e0 l\u2019Universit\u00e9 et obtenu le brevet d\u2019avocat, avant d\u2019\u00eatre \u00e9lu en 1999 comme juge d\u2019instruction, puis en 2008 comme pr\u00e9sident du coll\u00e8ge des juges d\u2019instruction, et enfin en 2011 comme procureur de cette petite R\u00e9publique helv\u00e9tique. En 2010, il s\u2019est lanc\u00e9 dans l\u2019\u00e9criture de romans noirs, m\u00ealant librement r\u00e9alit\u00e9 du terrain et fictions obscures.<\/p>\n<p><b>Romans<\/b>:<br \/>\n<b>La S\u00e9rie Mike Donner<\/b> :<br \/>\n&#8211; <span style=\"color: #0000ff;\"><a style=\"color: #0000ff;\" href=\"https:\/\/www.cathjack.ch\/wordpress\/?p=7183\">EMORATA, pour quelques grammes de chair<\/a>\u00a0<\/span>(2014)<br \/>\n&#8211; \u00a0<span style=\"color: #0000ff;\"><a style=\"color: #0000ff;\" href=\"https:\/\/www.cathjack.ch\/wordpress\/?p=7098\">EUNOTO, les noces de sang<\/a>\u00a0<\/span>(2017)<br \/>\n&#8211;<span class=\"Apple-converted-space\">\u00a0 <\/span>La TrilogieMassa\u00ef (<span style=\"color: #0000ff;\"><a style=\"color: #0000ff;\" href=\"https:\/\/www.cathjack.ch\/wordpress\/?p=20327\">ILMORAN, l\u2019av\u00e8nement du guerrier<\/a><\/span> (2010) \u2013 ILAYOK, le berceau de la folie (2011) \u2013 ILPAYIANI, le cr\u00e9puscule massa\u00ef (2012)<br \/>\n&#8211;<b>Dipyque du confinement:<br \/>\n<\/b>&#8211; <span style=\"color: #0000ff;\"><a style=\"color: #0000ff;\" href=\"https:\/\/www.cathjack.ch\/wordpress\/?p=10890\">Restez chez vous<\/a><\/span>(2020) &#8211;<span style=\"color: #0000ff;\"> <a style=\"color: #0000ff;\" href=\"https:\/\/www.cathjack.ch\/wordpress\/?p=12520\">Le Calendrier de l&rsquo;Apr\u00e8s<\/a><\/span> (2020)<br \/>\n<b>S\u00e9rie Jemsen\u00a0<\/b>: \u2013\u00a0<span style=\"color: #0000ff;\"><a style=\"color: #0000ff;\" href=\"https:\/\/www.cathjack.ch\/wordpress\/?p=7287\">Le Miroir des \u00e2mes<\/a>\u00a0<\/span>(23.08.2018)\u00a0\u2013\u00a0<span style=\"color: #0000ff;\"><a style=\"color: #0000ff;\" href=\"https:\/\/www.cathjack.ch\/wordpress\/?p=9289\">L\u2019ombre du Renard<\/a>\u00a0<\/span>(22.08.2019) \u2013\u00a0<span style=\"color: #0000ff;\"><a style=\"color: #0000ff;\" href=\"https:\/\/www.cathjack.ch\/wordpress\/?p=10978\">L\u2019engrenage du mal<\/a>\u00a0<\/span>(2020)- <span style=\"color: #0000ff;\"><a style=\"color: #0000ff;\" href=\"https:\/\/www.cathjack.ch\/wordpress\/?p=15618\">Brume rouge<\/a> <\/span>(23.02 2022) \u2013 <span style=\"color: #0000ff;\"><a style=\"color: #0000ff;\" href=\"https:\/\/www.cathjack.ch\/wordpress\/?p=17228\">Les larmes du lagon<\/a> <\/span>(10.11.2022) &#8211; <span style=\"color: #0000ff;\"><a style=\"color: #0000ff;\" href=\"https:\/\/www.cathjack.ch\/wordpress\/?p=19148\">Le Philat\u00e9liste<\/a><\/span> (2023) &#8211; <span style=\"color: #0000ff;\"><a style=\"color: #0000ff;\" href=\"https:\/\/www.cathjack.ch\/wordpress\/?p=21240\">Les extrad\u00e9es<\/a> <\/span>(3.10.2024)<br \/>\n<b>Autres<\/b>: La septi\u00e8me vigne (2013)\u2013\u00a0<span style=\"color: #0000ff;\"><a style=\"color: #0000ff;\" href=\"https:\/\/www.cathjack.ch\/wordpress\/?p=8191\">Les Bouches<\/a>\u00a0<\/span>(2015) \u2013\u00a0<span style=\"color: #0000ff;\"><a style=\"color: #0000ff;\" href=\"https:\/\/www.cathjack.ch\/wordpress\/?p=6027\">Horrora borealis<\/a><\/span>\u00a0(2016)- <span style=\"color: #0000ff;\"><a style=\"color: #0000ff;\" href=\"https:\/\/www.cathjack.ch\/wordpress\/?p=13658\">Heresix<\/a> <\/span>(2021) &#8211; <span style=\"color: #0000ff;\">\u00a0<a style=\"color: #0000ff;\" title=\"Feuz, Nicolas \u00ab\u00a0La secte\u00a0\u00bb (2025) 384 pages\" href=\"https:\/\/www.cathjack.ch\/wordpress\/?p=23260\">La secte<\/a> <\/span>(2025)<\/p>\n<p>Rosie &amp; Wolf \u2013 5.10.2023 \u2013332 pages<\/p>\n<p><b>R\u00e9sum\u00e9<\/b> :<span class=\"Apple-converted-space\">\u00a0<\/span><\/p>\n<p>\u00c0 l&rsquo;approche de No\u00ebl, un vent d&rsquo;effroi parcourt la Suisse. Un tueur organise un jeu de piste sordide avec des colis postaux. Sa signature ? Des timbres-poste fabriqu\u00e9s \u00e0 partir de peau humaine.<\/p>\n<p>L&rsquo;inspectrice de la Police judiciaire genevoise Ana Bartomeu est saisie de l&rsquo;affaire. Son enqu\u00eate va la conduire des beaux quartiers de Gen\u00e8ve \u00e0 la vieille ville d&rsquo;Annecy, des impasses sombres de Lausanne aux rues pav\u00e9es de Del\u00e9mont. R\u00e9ussira-t-elle \u00e0 d\u00e9masquer cet assassin myst\u00e9rieux que les m\u00e9dias suisses et fran\u00e7ais ont surnomm\u00e9 Le Philat\u00e9liste.<\/p>\n<p><b>Mon avis<\/b>:<\/p>\n<p>Toujours un bonheur de se plonger dans un Nicolas Feuz:<span class=\"Apple-converted-space\">\u00a0 <\/span>je ne suis jamais d\u00e9\u00e7ue; et bien au contraire cette fois-ci! Certes il ne fait pas dans la dentelle mais mis \u00e0 part quelques sc\u00e8nes, et surtout celle du d\u00e9but du livre, je l\u2019ai trouv\u00e9 moins sanglant que les pr\u00e9c\u00e9dents mais tout aussi efficace et rythm\u00e9. Et petit plus, il se d\u00e9roule principalement \u00e0 Gen\u00e8ve, qui est bien mise en valeur; on s\u2019y retrouve, on reconnait les endroits cit\u00e9s et c\u2019est tr\u00e8s sympa. Pour ce qui est de la police et de la justice du canton, elles ne sont pas mises en valeur du tout ! Faudrait voir \u00e0 mettre un peu d\u2019ordre dans les comportements des fonctionnaires<span class=\"Apple-converted-space\">\u00a0 <\/span>car c\u2019est pas joli joli!<span class=\"Apple-converted-space\">\u00a0<\/span><\/p>\n<p>Nouveaux personnages dans ce roman noir &#8211; tr\u00e8s noir &#8211; de Nicolas Feuz. mais on y retrouve aussi des anciens comme l&rsquo;inspectrice de la Police judiciaire genevoise Ana Bartomeu \u00a0et plein de petits clins d\u2019oeil aux anciens personnages de sa s\u00e9rie pr\u00e9c\u00e9dente, <em>la s\u00e9rie Jemsen<\/em> qui font juste une mini apparition: on y croise Jemsen, Flavie Keller, Tanja Stokaj ainsi que le personnage phare de Marc Voltenauer, le Commissaire Andreas Auer\u2026 Et pour la premi\u00e8re fois j\u2019ai eu l\u2019impression de faire davantage connaissance avec les personnages, comme si l\u2019auteur avait d\u00e9velopp\u00e9 \u00e0 la fois l\u2019intrigue, l\u2019enqu\u00eate et le cot\u00e9 personnages. Et pour moi c\u2019est tr\u00e8s important. Et il a r\u00e9ussi le tour de force de rendre les personnages attachants alors qu\u2019il aurait \u00e9t\u00e9 facile d\u2019\u00eatre caricatural.<span class=\"Apple-converted-space\">\u00a0<\/span><\/p>\n<p>Nous allons faire<span class=\"Apple-converted-space\">\u00a0 <\/span>la connaissance de Sam, qui aime les timbres, l\u2019informatique et les jeux vid\u00e9o et une petite fille qu\u2019il surmonte \u00ab\u00a0Ma Princesse\u00a0\u00bb\u2026<span class=\"Apple-converted-space\">\u00a0<\/span><\/p>\n<p>Nous allons suivre des colis \u00e0 la trace, en Suisse et en France voisine. Le tout suite \u00e0 la d\u00e9couverte d\u2019un premier colis affranchi avec des timbres bien particuliers, raison pour laquelle les journalistes ont surnomm\u00e9 le tueur \u00ab\u00a0le Philat\u00e9liste\u00a0\u00bb. Et comme toujours, le fait que l\u2019auteur soit procureur nous permet d\u2019avoir en prime des informations int\u00e9ressantes sur les dessous de l\u2019affaire.<\/p>\n<p>C\u2019est un roman qu\u2019on ne l\u00e2che pas ! Il y a de la tension, des fausses pistes, du rythme, une vraie construction, de la psychologie. C\u2019est vraiment un coup de coeur pour un thriller noir avec des personnages sombres et tortur\u00e9s qui trainent un lourd pass\u00e9 dans une ambiance glaciale tant au niveau de l\u2019intrigue que de la m\u00e9t\u00e9o.<span class=\"Apple-converted-space\">\u00a0<\/span><\/p>\n<p><b>Extraits<\/b>:<\/p>\n<p>Gen\u00e8ve connaissait les m\u00eames embouteillages que Paris aux heures de pointe, sauf qu\u2019on \u00e9tait en Suisse, pays du respect et de la discr\u00e9tion o\u00f9 les c\u00e9l\u00e9brit\u00e9s aimaient notoirement se ressourcer \u2013 on ne les abordait pas dans la rue, on leur fichait la paix. Sur la route, m\u00eame r\u00e9gime\u00a0: ni d\u00e9passements intempestifs, ni coups de klaxon. Les bouchons genevois \u00e9taient aussi c\u00e9l\u00e8bres que les bouchons lyonnais, mais ils n\u2019avaient pas la m\u00eame saveur. On attendait, sans trop d\u2019impatience. \u00c7a faisait partie du quotidien.<\/p>\n<p>\u2014 Folle\u00a0? coupa Morin.<br \/>\n\u2014 Je pr\u00e9f\u00e8re le terme de qu\u00e9rulente \u00e0 tendances parano\u00efaques.<\/p>\n<p>\u2014 Aujourd\u2019hui, la loi sur l\u2019ADN ne permet que de d\u00e9finir le sexe de l\u2019auteur d\u2019un d\u00e9lit. Avec le ph\u00e9notypage, on pourra aussi conna\u00eetre la couleur de ses yeux, de ses cheveux, son \u00e2ge et son origine ethnique. Politiquement, ce dernier point ne pla\u00eet pas \u00e0 la gauche ni aux Verts. Quoi qu\u2019il en soit, la technique du ph\u00e9notypage n\u2019est pas encore totalement au point et ce ne sera probablement jamais une preuve absolue, en tout cas pas dans un avenir proche.<\/p>\n<p>La psychiatrie n\u2019est pas une science exacte, la justice non plus. Tu dois l\u2019accepter. Et passer \u00e0 autre chose.<\/p>\n<p>L\u2019emprise n\u2019\u00e9tait pas encore de la manipulation, mais elle partait d\u2019un pr\u00e9cepte du dominateur\u00a0: \u00ab\u00a0L\u2019autre m\u2019appartient, il est \u00e0 moi et il n\u2019a pas le droit de partir.\u00a0\u00bb<\/p>\n<p>Il\u00a0avait peur, mais cherchait \u00e0 ne pas le montrer. La peur de la victime attisait toujours la jouissance du bourreau<\/p>\n<p>La question ne se pose donc pas. Alors, cesse de jouer les orchidoclastes\u00a0!<br \/>\n\u2014 Les quoi\u00a0?<br \/>\n\u2014 Les casse-couilles,<span class=\"Apple-converted-space\">\u00a0 <\/span>(\u2026)<span class=\"Apple-converted-space\">\u00a0<\/span><\/p>\n<p>RTS, R\u00e9pression du trafic de stup\u00e9fiants. En termes plus communs, la brigade des Stups. ( dans le canton de Neuch\u00e2tel)<\/p>\n<p>On dit que les comportements du pass\u00e9 sont les meilleurs pr\u00e9dicteurs des comportements \u00e0 venir, mais dans les f\u00e9minicides, c\u2019est des conneries. Les statistiques d\u00e9montrent le contraire. Dans la plupart des f\u00e9minicides, l\u2019auteur n\u2019avait aucun ant\u00e9c\u00e9dent.<\/p>\n<p><b>Image<\/b> : quelques timbres de la s\u00e9rie des coeurs<\/p>\n","protected":false},"excerpt":{"rendered":"<p>Auteur\u00a0: N\u00e9 en 1971, Nicolas Feuz a exerc\u00e9 les professions d\u2019avocat et de juge d\u2019instruction. Il est actuellement procureur de la R\u00e9publique du canton de Neuch\u00e2tel, en Suisse. Depuis plus de 16 ans, il s\u2019est sp\u00e9cialis\u00e9 dans la lutte contre le trafic de stup\u00e9fiants. Nicolas Feuz a \u00e9tudi\u00e9 le droit \u00e0 l\u2019Universit\u00e9 et obtenu le &hellip; <\/p>\n<p class=\"read-more\"><a class=\"readmore-btn\" href=\"https:\/\/www.cathjack.ch\/wordpress\/?p=19148\">+<span class=\"screen-reader-text\">  Read More<\/span><\/a><\/p>\n","protected":false},"author":1,"featured_media":19149,"comment_status":"open","ping_status":"open","sticky":false,"template":"","format":"standard","meta":{"_crdt_document":"","_monsterinsights_skip_tracking":false,"_monsterinsights_sitenote_active":false,"_monsterinsights_sitenote_note":"","_monsterinsights_sitenote_category":0,"footnotes":""},"categories":[1719,5,1288,98,92,28,66,78,192],"tags":[926,345,186,265,1614,214,334,277,1899,240,1900,285,370,1898],"class_list":["post-19148","post","type-post","status-publish","format-standard","has-post-thumbnail","hentry","category-1719","category-lecture-polar","category-coup-de-coeur-polar-thriller","category-france","category-geneve","category-suisse","category-suisse-destinations","category-xxeme","category-xxieme-siecle","tag-emprise","tag-enfance","tag-enquete","tag-harcelement","tag-haute-savoie","tag-manipulation","tag-meurtres","tag-passe","tag-philatelie","tag-police","tag-poste","tag-psychopathe","tag-suspense","tag-traumatisme-de-lenfance"],"aioseo_notices":[],"_links":{"self":[{"href":"https:\/\/www.cathjack.ch\/wordpress\/index.php?rest_route=\/wp\/v2\/posts\/19148","targetHints":{"allow":["GET"]}}],"collection":[{"href":"https:\/\/www.cathjack.ch\/wordpress\/index.php?rest_route=\/wp\/v2\/posts"}],"about":[{"href":"https:\/\/www.cathjack.ch\/wordpress\/index.php?rest_route=\/wp\/v2\/types\/post"}],"author":[{"embeddable":true,"href":"https:\/\/www.cathjack.ch\/wordpress\/index.php?rest_route=\/wp\/v2\/users\/1"}],"replies":[{"embeddable":true,"href":"https:\/\/www.cathjack.ch\/wordpress\/index.php?rest_route=%2Fwp%2Fv2%2Fcomments&post=19148"}],"version-history":[{"count":9,"href":"https:\/\/www.cathjack.ch\/wordpress\/index.php?rest_route=\/wp\/v2\/posts\/19148\/revisions"}],"predecessor-version":[{"id":23276,"href":"https:\/\/www.cathjack.ch\/wordpress\/index.php?rest_route=\/wp\/v2\/posts\/19148\/revisions\/23276"}],"wp:featuredmedia":[{"embeddable":true,"href":"https:\/\/www.cathjack.ch\/wordpress\/index.php?rest_route=\/wp\/v2\/media\/19149"}],"wp:attachment":[{"href":"https:\/\/www.cathjack.ch\/wordpress\/index.php?rest_route=%2Fwp%2Fv2%2Fmedia&parent=19148"}],"wp:term":[{"taxonomy":"category","embeddable":true,"href":"https:\/\/www.cathjack.ch\/wordpress\/index.php?rest_route=%2Fwp%2Fv2%2Fcategories&post=19148"},{"taxonomy":"post_tag","embeddable":true,"href":"https:\/\/www.cathjack.ch\/wordpress\/index.php?rest_route=%2Fwp%2Fv2%2Ftags&post=19148"}],"curies":[{"name":"wp","href":"https:\/\/api.w.org\/{rel}","templated":true}]}}