{"id":19535,"date":"2024-01-06T13:21:08","date_gmt":"2024-01-06T11:21:08","guid":{"rendered":"https:\/\/www.cathjack.ch\/wordpress\/?p=19535"},"modified":"2024-01-06T13:21:32","modified_gmt":"2024-01-06T11:21:32","slug":"wagner-jan-costin-lune-de-glace-2006-390-pages-serie-kimmo-joentaa-tome-1","status":"publish","type":"post","link":"https:\/\/www.cathjack.ch\/wordpress\/?p=19535","title":{"rendered":"Wagner, Jan Costin \u00ab\u00a0Lune de glace\u00a0\u00bb (2006) 390 pages &#8211; S\u00e9rie Kimmo-Joentaa &#8211; tome 1"},"content":{"rendered":"<p><b>Auteur:<\/b> N\u00e9 le 13 octobre 1972 \u00e0 Langen (Hesse &#8211; Allemagne), Jan Costin Wagner vit la moiti\u00e9 de l&rsquo;ann\u00e9e \u00e0 Francfort et l&rsquo;autre en Finlande, patrie de son \u00e9pouse. Il est titulaire d&rsquo;une licence d&rsquo;allemand et d&rsquo;histoire de l\u2019Universit\u00e9 de Francfort-sur-le-Main, avec une th\u00e8se sur Adalbert Stifter.<\/p>\n<p>Ses romans ont pour cadre la Finlande, d\u2019o\u00f9 sa femme est originaire.<\/p>\n<p><b>S\u00e9rie <i>Kimmo-Joentaa: <\/i><\/b><i><span style=\"color: #0000ff;\"><a style=\"color: #0000ff;\" title=\"Wagner, Jan Costin \u00ab\u00a0Lune de glace\u00a0\u00bb (2006) 390 pages \u2013 S\u00e9rie Kimmo-Joentaa \u2013 tome 1\" href=\"https:\/\/www.cathjack.ch\/wordpress\/?p=19535\">Lune de glace<\/a><\/span> (2006), Le silence (2009), laur\u00e9at du Deutschen Krimipreis et adapt\u00e9 au cin\u00e9ma par Baran Bo Odar sous le titre Il \u00e9tait une fois un meurtre), L&rsquo;hiver des lions (2010), Lumi\u00e8re dans une maison obscure (2012), Le premier mai tomba la derni\u00e8re neige (2015), Sakari traverse les nuages (2018)<br \/>\n<\/i><b><i>Roman ind\u00e9pendant <\/i><\/b><i>: L\u2019Et\u00e9 la nuit (2021)<\/i><\/p>\n<p>Gallimard &#8211; 16.02.2006 &#8211; 317 pages \/ <i>03.12.2012 &#8211; Babel Noir &#8211; 390 pages<\/i> (traduit de l\u2019allemand par St\u00e9phanie Lux)<\/p>\n<p><b>R\u00e9sum\u00e9<\/b>:<br \/>\nDans une chambre d&rsquo;h\u00f4pital, l&rsquo;inspecteur finlandais Kimmo Joentaa assiste, impuissant, \u00e0 la mort de sa jeune \u00e9pouse, atteinte d&rsquo;une maladie incurable. D&rsquo;abord anesth\u00e9si\u00e9 par cette disparition, Kimmo sombre dans un chagrin terrible, \u00e0 la fois mutique, furieux et travers\u00e9 d&rsquo;hallucinations dues au manque de sommeil. D\u00e8s le lendemain, l&rsquo;inspecteur, qui refuse de prendre quelques jours de cong\u00e9, est charg\u00e9 par ses sup\u00e9rieurs d&rsquo;une affaire de meurtre : une jeune femme a \u00e9t\u00e9 \u00e9touff\u00e9e pendant son sommeil. La porte de sa villa n&rsquo;a pas \u00e9t\u00e9 fractur\u00e9e et aucun vol n&rsquo;a \u00e9t\u00e9 constat\u00e9. Tr\u00e8s vite, la mort de cette inconnue rappelle \u00e0 Kimmo celle de sa femme et son d\u00e9sespoir redouble. C&rsquo;est d&rsquo;ailleurs cette douleur si lourde \u00e0 porter qui va rapprocher le policier et l&rsquo;assassin, ces deux protagonistes incapables d&rsquo;affronter la vie telle qu&rsquo;elle est. Entre le chasseur et sa proie, une \u00e9trange relation d&#8217;empathie va s&rsquo;installer&#8230; \u00c0 mi-chemin entre le pur thriller et le roman psychologique, Lune de glace est un roman envo\u00fbtant.<\/p>\n<p><b>Mon avis<\/b>:<\/p>\n<p>Un livre que j\u2019ai bien aim\u00e9 et qui m\u2019a toutefois laiss\u00e9e un peu perplexe car je ne voyais pas trop o\u00f9 l\u2019auteur voulait m\u2019embarquer.<span class=\"Apple-converted-space\"><br \/>\n<\/span>On plonge dans l\u2019inexplicable, l\u2019inconcevable, le d\u00e9stabilisant\u2026<span class=\"Apple-converted-space\"><br \/>\n<\/span>Une enqu\u00eate polici\u00e8re ? Certes il y a des meurtres inexpliqu\u00e9s et inexplicables mais c\u2019est presque secondaire\u2026 Le cot\u00e9 psychologie des personnages est nettement mis en avant, et j\u2019appr\u00e9cie \u00e9norm\u00e9ment.<br \/>\nIl y a surtout des rapports humains, des personnages emmur\u00e9s dans leurs vie, prisonniers de leur vie, incapables de communiquer\u2026<span class=\"Apple-converted-space\"><br \/>\n<\/span>Tout est froid, tout est recouvert, que ce soit par une chape de silence ou une chape de neige\u2026 et le pass\u00e9 est omnipr\u00e9sent<br \/>\nC\u2019est un livre sur le manque, la solitude, le regret, la tristesse, le deuil, la mort\u2026<br \/>\nEt on ne peut l\u2019emp\u00eacher de trouver Kimmo, cet \u00eatre bless\u00e9 et d\u00e9truit par la disparition de sa femme, qui vit dans un monde ou r\u00e9el et apparitions se confondent, tr\u00e8s attachant.<span class=\"Apple-converted-space\">\u00a0 <\/span>On pourrait presque qualifier ce roman de roman d\u2019ambiance avant tout\u2026 La nature est en ad\u00e9quation avec la situation, le caract\u00e8re des personnages\u2026<span class=\"Apple-converted-space\"><br \/>\n<\/span>Si vous rechercher un thriller avec de l\u2019action\u2026 passez directement \u00e0 un autre auteur. Pour ma part je suis curieuse de suivre l\u2019\u00e9volution du personnage.<span class=\"Apple-converted-space\">\u00a0<\/span><\/p>\n<p><span class=\"Apple-converted-space\">\u00a0<\/span><\/p>\n<p><b>Extraits<\/b>:<\/p>\n<p>Le soulagement de ne rien ressentir fit place \u00e0 la peur de ne pas pouvoir pleurer. La peur diffuse que la douleur le ronge de l\u2019int\u00e9rieur avant qu\u2019il ne s\u2019en rende compte.<\/p>\n<p>\u2014\u00a0Je crois que je dois rester seul maintenant. En ce moment, il n\u2019y a que moi qui puisse me venir en aide.\u201d<\/p>\n<p>L\u2019id\u00e9e que le criminel avait \u00e9t\u00e9 arr\u00eat\u00e9 lui avait fait peur. Avec son arrestation dispara\u00eetrait l\u2019\u00e9nigme qui le pr\u00e9servait du vide d\u00e9finitif.<\/p>\n<p>Quand le silence commen\u00e7a \u00e0 s\u2019\u00e9terniser, il sentit ses pens\u00e9es se faire plus l\u00e9g\u00e8res, jusqu\u2019\u00e0 se mettre \u00e0 flotter.<\/p>\n<p>Il vivait, mais tout \u00e9tait immobile.<\/p>\n<p>La douleur s\u2019\u00e9tait \u00e9loign\u00e9e et rapproch\u00e9e en m\u00eame temps. Elle ne le blessait plus aussi profond\u00e9ment, elle ne lui coupait plus subitement le souffle. Mais elle \u00e9tait omnipr\u00e9sente, elle l\u2019engourdissait,<\/p>\n<p>Il imagine revenir dans un monde dans lequel tout ce qu\u2019il a fait n\u2019est jamais arriv\u00e9.<\/p>\n<p>Il savait qu\u2019il ne la perdrait jamais, elle serait avec lui tant qu\u2019il vivrait, et cette id\u00e9e le faisait souffrir.<\/p>\n<p>Il comprit qu&rsquo;il avait peur de la piti\u00e9 des autres, peur de devoir exposer ses sentiments, des sentiments que lui m\u00eame ne pouvait pas vraiment saisir.<\/p>\n<p>Il avait toujours eu du mal \u00e0 trouver la premi\u00e8re phrase, un grand nombre de conversations avaient tourn\u00e9 court \u00e0 cause de cette premi\u00e8re phrase. Parfois elle lui \u00e9tait venue \u00e0 l\u2019esprit plus tard, alors que l\u2019occasion \u00e9tait pass\u00e9e depuis longtemps, des ann\u00e9es plus tard, alors que plus personne ne voulait entendre ce qu\u2019il avait \u00e0 dire.<br \/>\nIl fallait qu\u2019il r\u00e9fl\u00e9chisse \u00e0 cette phrase, elle \u00e9tait importante, c\u2019\u00e9tait la base de tout.<\/p>\n","protected":false},"excerpt":{"rendered":"<p>Auteur: N\u00e9 le 13 octobre 1972 \u00e0 Langen (Hesse &#8211; Allemagne), Jan Costin Wagner vit la moiti\u00e9 de l&rsquo;ann\u00e9e \u00e0 Francfort et l&rsquo;autre en Finlande, patrie de son \u00e9pouse. Il est titulaire d&rsquo;une licence d&rsquo;allemand et d&rsquo;histoire de l\u2019Universit\u00e9 de Francfort-sur-le-Main, avec une th\u00e8se sur Adalbert Stifter. Ses romans ont pour cadre la Finlande, d\u2019o\u00f9 &hellip; <\/p>\n<p class=\"read-more\"><a class=\"readmore-btn\" href=\"https:\/\/www.cathjack.ch\/wordpress\/?p=19535\">+<span class=\"screen-reader-text\">  Read More<\/span><\/a><\/p>\n","protected":false},"author":1,"featured_media":19536,"comment_status":"open","ping_status":"open","sticky":false,"template":"","format":"standard","meta":{"_crdt_document":"","_monsterinsights_skip_tracking":false,"_monsterinsights_sitenote_active":false,"_monsterinsights_sitenote_note":"","_monsterinsights_sitenote_category":0,"footnotes":""},"categories":[446,91,5,54,192],"tags":[175,343,186,650,326,1954,325,317,1953,277,927,1253],"class_list":["post-19535","post","type-post","status-publish","format-standard","has-post-thumbnail","hentry","category-serie","category-polar-psychologique","category-lecture-polar","category-litterature-allemande","category-xxieme-siecle","tag-deuil","tag-douleur","tag-enquete","tag-finlande","tag-hiver","tag-incommunicabilite","tag-mal-etre","tag-maladie","tag-maladie-de-hodgkin","tag-passe","tag-rapports-sociaux","tag-silence"],"aioseo_notices":[],"_links":{"self":[{"href":"https:\/\/www.cathjack.ch\/wordpress\/index.php?rest_route=\/wp\/v2\/posts\/19535","targetHints":{"allow":["GET"]}}],"collection":[{"href":"https:\/\/www.cathjack.ch\/wordpress\/index.php?rest_route=\/wp\/v2\/posts"}],"about":[{"href":"https:\/\/www.cathjack.ch\/wordpress\/index.php?rest_route=\/wp\/v2\/types\/post"}],"author":[{"embeddable":true,"href":"https:\/\/www.cathjack.ch\/wordpress\/index.php?rest_route=\/wp\/v2\/users\/1"}],"replies":[{"embeddable":true,"href":"https:\/\/www.cathjack.ch\/wordpress\/index.php?rest_route=%2Fwp%2Fv2%2Fcomments&post=19535"}],"version-history":[{"count":2,"href":"https:\/\/www.cathjack.ch\/wordpress\/index.php?rest_route=\/wp\/v2\/posts\/19535\/revisions"}],"predecessor-version":[{"id":19538,"href":"https:\/\/www.cathjack.ch\/wordpress\/index.php?rest_route=\/wp\/v2\/posts\/19535\/revisions\/19538"}],"wp:featuredmedia":[{"embeddable":true,"href":"https:\/\/www.cathjack.ch\/wordpress\/index.php?rest_route=\/wp\/v2\/media\/19536"}],"wp:attachment":[{"href":"https:\/\/www.cathjack.ch\/wordpress\/index.php?rest_route=%2Fwp%2Fv2%2Fmedia&parent=19535"}],"wp:term":[{"taxonomy":"category","embeddable":true,"href":"https:\/\/www.cathjack.ch\/wordpress\/index.php?rest_route=%2Fwp%2Fv2%2Fcategories&post=19535"},{"taxonomy":"post_tag","embeddable":true,"href":"https:\/\/www.cathjack.ch\/wordpress\/index.php?rest_route=%2Fwp%2Fv2%2Ftags&post=19535"}],"curies":[{"name":"wp","href":"https:\/\/api.w.org\/{rel}","templated":true}]}}