{"id":20597,"date":"2024-07-30T07:50:07","date_gmt":"2024-07-30T05:50:07","guid":{"rendered":"https:\/\/www.cathjack.ch\/wordpress\/?p=20597"},"modified":"2026-04-10T15:06:00","modified_gmt":"2026-04-10T13:06:00","slug":"garcia-saenz-de-urturi-eva-un-piege-de-papier-2024-544-pages-serie-kraken-tome-3","status":"publish","type":"post","link":"https:\/\/www.cathjack.ch\/wordpress\/?p=20597","title":{"rendered":"Garc\u00eda S\u00e1enz de Urturi, Eva : \u00ab\u00a0Un pi\u00e8ge de papier\u00a0\u00bb (2024) 544 pages S\u00e9rie Kraken tome 3"},"content":{"rendered":"<p><b>Autrice<\/b>: Eva Garc\u00eda S\u00e1enz de Urturi (n\u00e9e \u00e0 Vitoria-Gasteiz, Pays basque, 20 ao\u00fbt 1972) est une romanci\u00e8re espagnole. Elle a obtenu le Prix Planeta en 2020.<\/p>\n<p><b>Romans<\/b>:<br \/>\n<b>S\u00e9rie Kraken<\/b> \u2013 La ville blanche : <span style=\"color: #0000ff;\"><a style=\"color: #0000ff;\" href=\"https:\/\/www.cathjack.ch\/wordpress\/?p=19351\">Le silence de la ville blanche<\/a><\/span> (tome 1)<span class=\"Apple-converted-space\">\u00a0 <\/span>\u2013 <span style=\"color: #0000ff;\"><a style=\"color: #0000ff;\" href=\"https:\/\/www.cathjack.ch\/wordpress\/?p=20564\">Les rites de l\u2019eau<\/a><\/span> (tome 2) \u2013 <span style=\"color: #0000ff;\"><a style=\"color: #0000ff;\" href=\"https:\/\/www.cathjack.ch\/wordpress\/?p=20597\">Un pi\u00e8ge de papier<\/a> <\/span>(tome 3) \u2013 <span style=\"color: #0000ff;\"><a style=\"color: #0000ff;\" title=\"Garc\u00eda S\u00e1enz de Urturi, Eva : \u00ab\u00a0L\u2019enfant prodige\u00a0\u00bb (2025) 400 pages\" href=\"https:\/\/www.cathjack.ch\/wordpress\/?p=24159\">L\u2019enfant prodige<\/a>\u00a0<\/span> (tome 4) \u2013 El Angel de la Ciudad (tome 5)<\/p>\n<p><b>S\u00e9rie \u2013 La saga des Longevos<span class=\"Apple-converted-space\">\u00a0 <\/span><\/b>( \u00e0 para\u00eetre en fran\u00e7ais) : La Vieja Familia<span class=\"Apple-converted-space\">\u00a0 <\/span>(tome1) \u2013 Los Hijos de Ad\u00e1n<span class=\"Apple-converted-space\">\u00a0 <\/span>(tome 2) \u2013<br \/>\n<b>Autres<\/b>: Pasaje a Tahit\u00ed \u2013 Aquitania<\/p>\n<p>Fleuve noir \u2013 15.02.2024 \u2013 544 pages \/ (traduit par Judith Vernant) &#8211; titre original \u00ab\u00a0Los se\u00f1ores del tiempo\u00a0\u00bb<\/p>\n<p><b>R\u00e9sum\u00e9<\/b>:<\/p>\n<p>Et si l&rsquo;histoire se r\u00e9p\u00e9tait ? Alors que la r\u00e9cente publication d&rsquo;un roman historique, \u00ab\u00a0Les Seigneurs du temps\u00a0\u00bb, rencontre un immense succ\u00e8s aupr\u00e8s des habitants de Vitoria, l&rsquo;inspecteur et profiler Unai L\u00f3pez de Ayala, dit Kraken, est confront\u00e9 \u00e0 des meurtres aussi cruels qu&rsquo;abjects. Quand il comprend que le modus operandi imite celui des ex\u00e9cutions moyen\u00e2geuses d\u00e9crites dans le livre, l&rsquo;auteur devient rapidement un suspect.<span class=\"Apple-converted-space\"><br \/>\n<\/span>Or, personne ne conna\u00eet ni son nom ni son visage. Pour d\u00e9m\u00ealer le vrai du faux dans cette enqu\u00eate, Kraken devra creuser dans le pass\u00e9 de la ville et affronter ses propres d\u00e9mons. Car, entre les pages de ce manuscrit maudit, se cache un lourd secret\u2026<\/p>\n<p><b>Mon avis<\/b>:<br \/>\nRare que je me dise que le tome 3 est mon pr\u00e9f\u00e9r\u00e9 mais c\u2019est le cas. Et pourtant la barre \u00e9tait haute avec les pr\u00e9c\u00e9dents. La s\u00e9rie est \u00e0 la fois historique, thriller actuel et psycho-psychiatrique. Les personnages sont complexes et attachants. Tout pour me plaire. Et une fois de plus &#8211; je dis et le redis &#8211; la litt\u00e9rature espagnole ( de toute les r\u00e9gions) devient de plus en plus ma favorite.<br \/>\nUn roman qui nous plonge dans deux \u00e9poques :<br \/>\n&#8211; au Moyen-Age, en 1192, au Pays Basque, dans la ville de Vitoria, en pleines guerres dynastiques<br \/>\n&#8211; en 2019 : l&rsquo;inspecteur\/profiler Unai L\u00f3pez de Ayala est confront\u00e9 \u00e0 une succession de meurtres qui sont la copie conforme de meurtres d\u2019inspiration m\u00e9di\u00e9vale , tels l\u2019emmurement , l\u2019utilisation de la<span class=\"Apple-converted-space\">\u00a0 <\/span>poudre de cantharide officinale ou mouche espagnole, la peine du sac, les ordalies (jugement par l\u2019eau et le feu)<br \/>\nCela co\u00efncide avec la sortie d\u2019un roman \u00ab\u00a0Les seigneurs du temps\u00a0\u00bb, publi\u00e9 sous le pseudonyme Diego Veilaz et qui encontre un \u00e9norme succ\u00e8s.<br \/>\nCette enqu\u00eate va nous permettre de visiter la r\u00e9gion de Vitoria et d\u2019en savoir plus sur son histoire, de retrouver tous les personnages des deux tomes pr\u00e9c\u00e9dents, de d\u00e9couvrir le personnage d\u2019Unai plus en profondeur et &#8211; en m\u00eame temps que lui &#8211; une partie de son pass\u00e9.<br \/>\nCot\u00e9 pathologies et troubles du comportement, on plonge, avec le seigneur de la tour de Nograro, dans le monde des troubles<span class=\"Apple-converted-space\">\u00a0 <\/span>de dissociation de l\u2019identit\u00e9. Et une fois encore le psychopathe est gratin\u00e9 !<\/p>\n<p>J\u2019ai une fois de plus aim\u00e9 le m\u00e9lange des histoires personnelles et de l\u2019enqu\u00eate, l\u2019implication des enqu\u00eateurs tant au niveau professionnel que l\u2019intensit\u00e9 dramatique qu\u2019apportait le cot\u00e9 \u00ab\u00a0priv\u00e9\u00a0\u00bb.<span class=\"Apple-converted-space\"><br \/>\n<\/span>Et je vais m\u2019arr\u00eater l\u00e0 en vous recommandant de lire cette s\u00e9rie. Certes il est possible de lire ce tome sans avoir lu les pr\u00e9c\u00e9dents mais ce serait dommage.<span class=\"Apple-converted-space\"><br \/>\n<\/span>Je ne peux pas m\u2019emp\u00eacher de me poser la question du changement de titre ? Pourquoi ne pas avoir gard\u00e9 le titre original \u00ab Les seigneurs du temps \u00bb ? (bien que le titre fran\u00e7ais soit en parfaite ad\u00e9quation avec le roman)<\/p>\n<p>Pour terminer, l\u2019autrice nous dit : \u00ab\u00a0ce livre constitue le carrefour de mes deux univers litt\u00e9raires :\u00a0<i>La Trilogie de la Ville Blanche\u00a0<\/i>et\u00a0<i>La Saga de los Longevos<\/i>.\u00a0\u00bb<br \/>\n(<i>La Saga de los Longevos va para\u00eetre fin 2024 \/2025 en fran\u00e7ais )<\/i><\/p>\n<p>.<span class=\"Apple-converted-space\">\u00a0<\/span><\/p>\n<p><b>Extraits<\/b>:<\/p>\n<p>Ce n\u2019\u00e9tait pas un livre, mais un pi\u00e8ge de papier, une embuscade de mots\u2026 et il n\u2019y avait pas moyen d\u2019y r\u00e9chapper.<\/p>\n<p>Mais la victime\u2026 La victime occupait la une de tous les journaux du pays. Sa vie priv\u00e9e, qu\u2019il avait jalousement pr\u00e9serv\u00e9e de son vivant, s\u2019en \u00e9tait all\u00e9e par la bonde de la salle d\u2019autopsie.<\/p>\n<p>Elles ne croyaient jamais en mes premi\u00e8res hypoth\u00e8ses, mais \u00e7a ne m\u2019emp\u00eachait pas de continuer. C\u2019\u00e9tait ma fa\u00e7on de travailler: je lan\u00e7ais des lignes dans toutes les directions jusqu\u2019\u00e0 ce que \u00e7a morde, puis je tirais les fils.<\/p>\n<p>Ne le r\u00e9p\u00e9tez \u00e0 personne ou on va me prendre pour une folle\u2026 C\u2019est juste que chez moi les sens\u00a0sont tout m\u00e9lang\u00e9s\u00a0: les couleurs ont une odeur et les sons ont un go\u00fbt. Pour moi, chaque personne a une couleur diff\u00e9rente. J\u2019ai toujours \u00e9t\u00e9 comme \u00e7a.<\/p>\n<p>Combien de temps met-on \u00e0 parler au pass\u00e9 d\u2019une personne qu\u2019on a \u00e9norm\u00e9ment aim\u00e9e\u00a0?<br \/>\n<i>Cinq jours en moyenne<\/i>, songeai-je<i>.\u00a0<\/i>Je ne le dis pas. Ce n\u2019\u00e9tait pas le moment de parler statistique.<br \/>\n\u2014\u00a0\u00c7a d\u00e9pend des gens, je le crains, r\u00e9pondis-je \u00e0 voix basse.<\/p>\n<p>j\u2019avais \u00e9crit une phrase de Joan Margarit\u00a0: \u00ab\u00a0Une blessure est aussi un endroit o\u00f9 vivre.\u00a0\u00bb<\/p>\n<p>\u2014\u00a0Les psychopathes narcissiques s\u2019ennuient, r\u00e9citai-je. Ils se lassent vite des personnes et des choses, comme un enfant g\u00e2t\u00e9 qui balance son nouveau jouet au bout de quelques minutes. Ils se moquent des cons\u00e9quences de leurs actes. Ils ne pensent qu\u2019\u00e0 manipuler les gens pour atteindre leurs objectifs<\/p>\n<p>Les psychopathes n\u2019ont aucune empathie, ils sont incapables de se mettre \u00e0 la place de quelqu\u2019un qui souffre, mais ils savent simuler \u00e0 la perfection les sentiments qu\u2019on attend d\u2019eux dans toutes les situations. Ce sont des cam\u00e9l\u00e9ons \u00e9motionnels, ils fonctionnent comme \u00e7a.<\/p>\n<p>Je lui enviai son incr\u00e9dulit\u00e9, car si j\u2019avais pu regarder \u00e0 nouveau la mort ainsi, cela signifierait que je n\u2019\u00e9tais pas habitu\u00e9 \u00e0 vivre sans tous ces \u00eatres que j\u2019avais perdus.<span class=\"Apple-converted-space\">\u00a0<\/span><\/p>\n<p>C\u2019est une d\u00e9esse, elle aussi. C\u2019est m\u00eame la plus importante de toutes les d\u00e9esses. Autrefois, les gens l\u2019appelaient Lur. Lur est une fileuse, tu vois, et elle aime tisser la nuit sous la lune d\u00e9croissante. Elle tisse les fils du destin.<\/p>\n<p>Ce n\u2019est d\u2019ailleurs pas un hasard si mes parents m\u2019ont baptis\u00e9 suivant la tradition de nos anc\u00eatres\u00a0: Diago, Diego, Didaco, Didacus, Tiago, Santiago, Iago, Yago, Jacobo\u2026 Ce sont des noms r\u00e9currents dans notre lign\u00e9e. Ils viennent du grec didasko, qui signifie \u00ab\u00a0instruire\u00a0\u00bb. Les noms sont importants, tu ne crois pas\u00a0? Ils d\u00e9finissent notre vie.<span class=\"Apple-converted-space\">\u00a0<\/span><\/p>\n<p>Il para\u00eet que la douleur d\u00e9shumanise tellement les malades que les aidants ont eux-m\u00eames besoin d\u2019\u00eatre aid\u00e9s.<span class=\"Apple-converted-space\">\u00a0<\/span><\/p>\n<p>\u2014\u00a0Je suis venu aujourd\u2019hui vous parler des troubles de la personnalit\u00e9 antisociale et en particulier des psychopathes int\u00e9gr\u00e9s, ceux qui se cachent parmi nous sous un masque de normalit\u00e9, et des techniques qui existent pour les d\u00e9pister. En tant que profileurs, la premi\u00e8re chose \u00e0 faire est d\u2019oublier vos id\u00e9es pr\u00e9con\u00e7ues. Le public a tendance \u00e0 penser que nous cherchons des monstres inadapt\u00e9s, des croque-mitaines au cr\u00e2ne difforme, comme si nous \u00e9tions des phr\u00e9nologues du\u00a0XIX<sup>e<\/sup>\u00a0si\u00e8cle. En r\u00e9alit\u00e9, le tueur en s\u00e9rie est le plus souvent un professionnel chevronn\u00e9, un expert dans son domaine, qui consiste \u00e0 tuer en passant entre les mailles du filet. C\u2019est pourquoi les tueurs en s\u00e9rie sont si difficiles \u00e0 arr\u00eater. Ils \u00e9voluent. Ils d\u00e9veloppent des strat\u00e9gies pour nous glisser entre les doigts, pour passer sous les radars, gr\u00e2ce \u00e0 une fa\u00e7ade sociale qui les rend insoup\u00e7onnables.<span class=\"Apple-converted-space\">\u00a0<\/span><\/p>\n<p>Aussi incroyable que \u00e7a puisse para\u00eetre, nous sommes incapables de d\u00e9tecter le mal absolu chez une personne, simplement parce que nous la trouvons gentille et charmante. Les psychopathes utilisent cette dissonance cognitive \u00e0 leur avantage. Ils exploitent notre incapacit\u00e9 \u00e0 discerner la manipulation \u00e0 l\u2019\u0153uvre quand nous sommes abus\u00e9s, voire agress\u00e9s physiquement ou verbalement par un individu charismatique.<\/p>\n<p>Pour entrer dans la t\u00eate de leur victime, les psychopathes suivent la strat\u00e9gie du cam\u00e9l\u00e9on\u00a0: l\u2019imitation. \u00c7a se passe dans la plupart des cas en quatre \u00e9tapes. Premi\u00e8re \u00e9tape\u00a0: flatter l\u2019ego de la personne, la complimenter, en particulier si elle a une faible estime d\u2019elle-m\u00eame. Deuxi\u00e8me \u00e9tape\u00a0: devenir l\u2019\u00e2me s\u0153ur de la victime. Toi et moi, on est pareils, on \u00e9tait destin\u00e9s \u00e0 \u00eatre ensemble. Troisi\u00e8me \u00e9tape\u00a0: gagner la confiance de l\u2019autre. Tu peux compter sur moi, raconte-moi toutes tes faiblesses. Enfin, \u00e0 la quatri\u00e8me \u00e9tape, le psychopathe est per\u00e7u comme l\u2019ami id\u00e9al, le compagnon id\u00e9al, le fils ou le fr\u00e8re id\u00e9al\u2026<\/p>\n<p>on ne peut pas gu\u00e9rir un psychopathe. Ils ne r\u00e9pondent pas \u00e0 la psychoth\u00e9rapie. Au contraire, la th\u00e9rapie peut aggraver les choses, \u00e0 moins qu\u2019ils soient d\u00e9tect\u00e9s tr\u00e8s t\u00f4t et r\u00e9\u00e9duqu\u00e9s. Pourquoi\u00a0? Parce que la psychopathie n\u2019est pas une maladie. C\u2019est une mani\u00e8re d\u2019\u00eatre.<\/p>\n<p>N\u2019essayez pas de changer un psychopathe ou de le pousser \u00e0 consulter. Il vous d\u00e9truirait. Je n\u2019ai donc qu\u2019un seul conseil \u00e0 vous donner. Quand vous identifiez un psychopathe, il n\u2019y a qu\u2019une solution\u00a0: z\u00e9ro contact. Laissez tout tomber et fuyez.<\/p>\n<p>Nous \u00e9tions pass\u00e9s \u00e0 la deuxi\u00e8me \u00e9tape\u00a0: les justifications. La\u00a0partie la plus d\u00e9plaisante de mon travail. \u00c9couter la litanie d\u2019excuses ignobles que tous les criminels invoquaient quand ils \u00e9taient contraints d\u2019admettre leur culpabilit\u00e9. Violeurs, assassins, escrocs, braqueurs, agresseurs\u2026 Ils entraient tous dans cette pi\u00e8ce sous une sorte d\u2019anesth\u00e9sie morale que je tol\u00e9rais de moins en moins bien.<\/p>\n<p>Les actes des narcissiques sont comme des pierres lanc\u00e9es dans une mare. Ils provoquent des ondes qui deviennent des vagues et finissent par d\u00e9vaster la vie de ceux qui les entourent.<\/p>\n<p><b>Info:<\/b><br \/>\n<i>Le kraken ([krak\u025bn]\u00a0; transcription \u00ab\u00a0krakenn\u00a0\u00bb) est une cr\u00e9ature fantastique issue des l\u00e9gendes scandinaves m\u00e9di\u00e9vales. Il s&rsquo;agit d&rsquo;un monstre marin de tr\u00e8s grande taille et dot\u00e9 de nombreux tentacules.<\/i><\/p>\n","protected":false},"excerpt":{"rendered":"<p>Autrice: Eva Garc\u00eda S\u00e1enz de Urturi (n\u00e9e \u00e0 Vitoria-Gasteiz, Pays basque, 20 ao\u00fbt 1972) est une romanci\u00e8re espagnole. Elle a obtenu le Prix Planeta en 2020. Romans: S\u00e9rie Kraken \u2013 La ville blanche : Le silence de la ville blanche (tome 1)\u00a0 \u2013 Les rites de l\u2019eau (tome 2) \u2013 Un pi\u00e8ge de papier (tome &hellip; <\/p>\n<p class=\"read-more\"><a class=\"readmore-btn\" href=\"https:\/\/www.cathjack.ch\/wordpress\/?p=20597\">+<span class=\"screen-reader-text\">  Read More<\/span><\/a><\/p>\n","protected":false},"author":1,"featured_media":20598,"comment_status":"open","ping_status":"open","sticky":false,"template":"","format":"standard","meta":{"_crdt_document":"","_monsterinsights_skip_tracking":false,"_monsterinsights_sitenote_active":false,"_monsterinsights_sitenote_note":"","_monsterinsights_sitenote_category":0,"footnotes":""},"categories":[1947,446,46,91,5,1288,583,23,8,25,1,73,1948,192],"tags":[2096,188,2059,1499,199,1247,281,721,214,334,690,277,1936,2140,2142,314,927,1303,1853,2141,370,213,2038,400],"class_list":["post-20597","post","type-post","status-publish","format-standard","has-post-thumbnail","hentry","category-1947","category-serie","category-polhist","category-polar-psychologique","category-lecture-polar","category-coup-de-coeur-polar-thriller","category-coup-de-coeur","category-espagne","category-espagnol","category-moyen-age","category-non-classe","category-basque","category-rlh2024","category-xxieme-siecle","tag-brigade-denqueteurs","tag-couple","tag-disparition-denfant","tag-drame-familial","tag-famille","tag-genealogie","tag-guerre","tag-maladie-mentale","tag-manipulation","tag-meurtres","tag-mystere","tag-passe","tag-poison","tag-predateur","tag-pseudonyme","tag-rapports-familiaux","tag-rapports-sociaux","tag-reglement-de-comptes","tag-relations-pere-fille","tag-roman","tag-suspense","tag-trahison","tag-troubles-mentaux","tag-vengeance"],"aioseo_notices":[],"_links":{"self":[{"href":"https:\/\/www.cathjack.ch\/wordpress\/index.php?rest_route=\/wp\/v2\/posts\/20597","targetHints":{"allow":["GET"]}}],"collection":[{"href":"https:\/\/www.cathjack.ch\/wordpress\/index.php?rest_route=\/wp\/v2\/posts"}],"about":[{"href":"https:\/\/www.cathjack.ch\/wordpress\/index.php?rest_route=\/wp\/v2\/types\/post"}],"author":[{"embeddable":true,"href":"https:\/\/www.cathjack.ch\/wordpress\/index.php?rest_route=\/wp\/v2\/users\/1"}],"replies":[{"embeddable":true,"href":"https:\/\/www.cathjack.ch\/wordpress\/index.php?rest_route=%2Fwp%2Fv2%2Fcomments&post=20597"}],"version-history":[{"count":5,"href":"https:\/\/www.cathjack.ch\/wordpress\/index.php?rest_route=\/wp\/v2\/posts\/20597\/revisions"}],"predecessor-version":[{"id":24165,"href":"https:\/\/www.cathjack.ch\/wordpress\/index.php?rest_route=\/wp\/v2\/posts\/20597\/revisions\/24165"}],"wp:featuredmedia":[{"embeddable":true,"href":"https:\/\/www.cathjack.ch\/wordpress\/index.php?rest_route=\/wp\/v2\/media\/20598"}],"wp:attachment":[{"href":"https:\/\/www.cathjack.ch\/wordpress\/index.php?rest_route=%2Fwp%2Fv2%2Fmedia&parent=20597"}],"wp:term":[{"taxonomy":"category","embeddable":true,"href":"https:\/\/www.cathjack.ch\/wordpress\/index.php?rest_route=%2Fwp%2Fv2%2Fcategories&post=20597"},{"taxonomy":"post_tag","embeddable":true,"href":"https:\/\/www.cathjack.ch\/wordpress\/index.php?rest_route=%2Fwp%2Fv2%2Ftags&post=20597"}],"curies":[{"name":"wp","href":"https:\/\/api.w.org\/{rel}","templated":true}]}}