{"id":21123,"date":"2024-11-11T12:37:59","date_gmt":"2024-11-11T10:37:59","guid":{"rendered":"https:\/\/www.cathjack.ch\/wordpress\/?p=21123"},"modified":"2026-01-28T13:24:48","modified_gmt":"2026-01-28T11:24:48","slug":"rochat-anne-frederique-le-trouble-rl2024-142-pages","status":"publish","type":"post","link":"https:\/\/www.cathjack.ch\/wordpress\/?p=21123","title":{"rendered":"Rochat, Anne-Fr\u00e9d\u00e9rique \u00ab\u00a0Le trouble\u00a0\u00bb (RL2024) 142 pages"},"content":{"rendered":"<p><b>Autrice<\/b>\u00a0: N\u00e9e \u00e0 Clarens, pr\u00e8s de Montreux elle 29 mars 1977, Anne-Fr\u00e9d\u00e9rique Rochat est com\u00e9dienne et auteure de pi\u00e8ces de th\u00e9\u00e2tre. Son premier roman, Accident de personne, est paru en 2012 aux \u00c9ditions Luce Wilquin. Suivent six autres romans, chez la m\u00eame \u00e9ditrice. Laur\u00e9ate de plusieurs prix et bourses, Anne-Fr\u00e9d\u00e9rique Rochat alterne d\u00e9sormais \u00e9criture narrative et dramatique.<\/p>\n<p><b>Romans<\/b> :\u00a0 Accident de personne (2012),\u00a0 Le Sous-bois (2013) &#8211; A l\u2019abri des regards (2014) &#8211; Le Chant du canari (2015) &#8211; L&rsquo;Autre Edgar (2016) &#8211; \u00a0La ferme (vue de nuit)<span class=\"Apple-converted-space\">\u00a0 <\/span>(2016) \u00a0\u00a0\u00a0Miradie, (2018) &#8211;\u00a0<span style=\"color: #0000ff;\"><a style=\"color: #0000ff;\" href=\"https:\/\/www.cathjack.ch\/wordpress\/?p=13073\">Longues nuits et petits jours<\/a>\u00a0<\/span>(2021) \u2013 <span style=\"color: #0000ff;\"><a style=\"color: #0000ff;\" href=\"https:\/\/www.cathjack.ch\/wordpress\/?p=16822\">Quand meurent les \u00e9blouissements<\/a><\/span> (2022) &#8211;<span style=\"color: #0000ff;\"> <a style=\"color: #0000ff;\" href=\"https:\/\/www.cathjack.ch\/wordpress\/?p=21123\">Le trouble<\/a> <\/span>(2024) &#8211;<span style=\"color: #0000ff;\"> <a style=\"color: #0000ff;\" title=\"Rochat, Anne-Fr\u00e9d\u00e9rique \u00ab\u00a0Les Corberaux\u00bb (RL2026) 194 pages\" href=\"https:\/\/www.cathjack.ch\/wordpress\/?p=23682\">Les Corberaux<\/a> <\/span>(2026)<\/p>\n<p>Editions Slatkine &#8211; 20.08.2024 &#8211; 142 pages<\/p>\n<p><b>R\u00e9sum\u00e9:<\/b><br \/>\nArmelle fabrique des proth\u00e8ses oculaires\u00a0en verre, dans un atelier\u00a0 accol\u00e9 \u00e0 sa\u00a0maison. Un matin, alors qu\u2019elle se prom\u00e8ne,\u00a0elle croit\u00a0 voir son mari traverser la rue de la\u00a0Clef pour se rendre dans une\u00a0 impasse. Mais\u00a0comment est-ce possible ? Il est cens\u00e9 se\u00a0trouver \u00e0\u00a0 son travail \u00e0 l\u2019autre bout de la\u00a0ville. Est-elle victime d\u2019une\u00a0 hallucination ?<br \/>\nS\u2019agit-il d\u2019un sosie, d\u2019un jumeau cach\u00e9 ? Ou\u00a0la v\u00e9rit\u00e9 est-elle plus\u00a0 d\u00e9rangeante ?<\/p>\n<p><b>Mon avis<\/b>:<br \/>\nAu coeur du roman : le regard, les yeux, l\u2019observation, et m\u00eame l\u2019espionnage.<br \/>\nArmelle et son mari L\u00e9onard vivent dans le monde de l\u2019oeil. Lui travaille chez un opticien, elle fabrique des yeux de verre. Et elle aime tellement ses yeux de verre qu\u2019elle les collectionne. Elle aime leur pr\u00e9sence, elle n\u2019a pas l\u2019impression d\u2019\u00eatre seule en leur compagnie, elle est en quelque sorte accompagn\u00e9e par eux. Elle a m\u00eame l\u2019impression qu\u2019ils sont en elle, qu\u2019ils l\u2019accompagnent et la comprennent. Ils la voient et sont ses complices. Pour Armelle le centre de la vie semble \u00eatre le lien visuel. D\u2019ailleurs les termes<span class=\"Apple-converted-space\">\u00a0 <\/span>du vocabulaire reli\u00e9s \u00e0 la vision sont bien pr\u00e9sents dans le livre.<br \/>\nTout commence par une impression : celle d\u2019avoir vu son mari\u2026 d\u2019ailleurs est-ce bien lui ? Puis elle va \u00a0le suivre, pour l\u2019espionner\u2026 puis commencer \u00e0 l\u2019\u00e9pier s\u00e9rieusement\u2026 Elle qui vivait sous le regard des yeux de verre commence \u00e0 prendre la place de l\u2019oeil de verre pour surveiller, couver, espionner \u2026 Elle ira m\u00eame jusqu\u2019\u00e0 faire de l\u2019oeil de verre un protecteur qui veille sur elle de l\u2019int\u00e9rieur, comme un ange gardien\u2026<span class=\"Apple-converted-space\">\u00a0<\/span><\/p>\n<p>Mais ce qu\u2019elle voit est-ce bien la r\u00e9alit\u00e9 ? Son mari lui ment-il ? Ou celui qu\u2019elle croit \u00eatre son mari serait-il son double? Un sosie? Une jumeau?<br \/>\nEt elle ? O\u00f9 se situe-t-elle vraiment? Qui est le double de qui?<\/p>\n<p>L\u2019autrice parvient \u00e0 nous immerger dans \u00a0une atmosph\u00e8re \u00e0 la fois enveloppante, angoiss\u00e9e et angoissante\u2026 On a l\u2019impression d\u2019\u00eatre dans une esp\u00e8ce de flou\u2026 comme Armelle qui voit\u2026ou croit voir?<span class=\"Apple-converted-space\">\u00a0 <\/span>Qu\u2019est-ce qui est trouble ? Sa vision ? Sa fa\u00e7on de voir ou d\u2019interpr\u00e9ter, de ressentir ce qu\u2019elle voit ?<br \/>\nIl semblerait pourtant<span class=\"Apple-converted-space\">\u00a0 <\/span>bien qu\u2019elle soit dans la situation de la femme tromp\u00e9e\u2026 et en m\u00eame temps, on se pose des questions?<span class=\"Apple-converted-space\">\u00a0<\/span><\/p>\n<p>Ce n\u2019est pas anodin de situer le roman dans une impasse\u2026 qui plus est dans l\u2019Impasse de l\u2019Union\u2026<\/p>\n<p>Tout comme dans les deux autres romans que j\u2019ai lu de cette autrice, j\u2019ai aim\u00e9 sa sensibilit\u00e9 et la sensation de doute qui accompagne ses personnages. Dans \u00ab <span style=\"color: #0000ff;\"><a style=\"color: #0000ff;\" href=\"https:\/\/www.cathjack.ch\/wordpress\/?p=16822\">Quand meurent les \u00e9blouissements<\/a><\/span>\u00bb le personnage se confronte avec son double et vit dans la peau des autres, et sous le regard des autres\u2026 Ici le regard est toujours bien pr\u00e9sent\u2026<br \/>\nD\u00e9j\u00e0 dans \u00ab <span style=\"color: #0000ff;\"><a style=\"color: #0000ff;\" href=\"https:\/\/www.cathjack.ch\/wordpress\/?p=13073\">Longues nuits et petits jours<\/a><\/span> \u00bb le doute est bien install\u00e9 dans la vie du personnage principal, qui est furtif, pr\u00e9sent sans \u00eatre l\u00e0 et navigue entre doute et r\u00e9alit\u00e9.. r\u00e9el, souvenirs, vision ou impressions sont d\u00e9j\u00e0 partie int\u00e9grante du r\u00e9cit.<span class=\"Apple-converted-space\">\u00a0<\/span><\/p>\n<p>Cot\u00e9 vocabulaire, j\u2019ai appris que le pivert picasse et que le hibou bouboule ou bubule\u2026<\/p>\n<p><b>Extraits<\/b>:<\/p>\n<p>Son mari se couchait toujours plus tard qu\u2019elle, il aimait la nuit, son silence bleut\u00e9, ses ombres, ses froissements\u00a0; elle pr\u00e9f\u00e9rait le jour, le petit matin, ses odeurs de pain et d\u2019herbe mouill\u00e9e.<\/p>\n<p>Mais une fois mont\u00e9es les marches qui menaient au couloir, ou franchie la porte qui donnait sur le jardin, tout \u00e9tait possible, et le possible \u00e9tait fr\u00e8re de l\u2019improbable. Ce qui laissait une grande marge de man\u0153uvre au destin pour placer des choses incoh\u00e9rentes ou d\u00e9sagr\u00e9ables sur son chemin.<\/p>\n<p><i>Il faudrait pouvoir retenir certaines lumi\u00e8res<\/i>, se dit-elle. Elle avait essay\u00e9 parfois de capter ces instants magiques avec un appareil photo, cependant ils avaient toujours \u00e9t\u00e9 amoindris par l\u2019op\u00e9ration. C\u2019\u00e9tait dans sa m\u00e9moire que les \u00e9clairs de beaut\u00e9 devaient \u00eatre conserv\u00e9s. Mais la m\u00e9moire \u00e9tait si capricieuse, elle peinait \u00e0 lui faire confiance.<\/p>\n<p>Le temps usait les sentiments comme les habits, les articulations et tout le reste.<\/p>\n<p>Qu\u2019il \u00e9tait difficile de partager ce que l\u2019on ressentait\u00a0! Le malentendu \u00e9tait une salet\u00e9 de virus qui n\u2019attendait qu\u2019un refroidissement pour vous sauter \u00e0 la gorge et enrouer vos propos.<span class=\"Apple-converted-space\">\u00a0<\/span><\/p>\n<p>\u2013\u00a0C\u2019est si important que \u00e7a de rester la m\u00eame\u00a0?<br \/>\n\u2013\u00a0Bien s\u00fbr, sinon les autres ne vous reconnaissent pas et, s\u2019ils ne vous reconnaissent pas, o\u00f9 va leur amour\u00a0?<\/p>\n<p>Ensuite elle s\u2019\u00e9loigna de la route pour se retrouver dans la for\u00eat, entour\u00e9e d\u2019arbres, de chants d\u2019oiseaux, d\u2019odeurs d\u2019humus et d\u2019\u00e9corce. Un sentiment d\u2019appartenance l\u2019envahit, elle le savoura. Les arbres, comme ses yeux, la prot\u00e9geaient. Sous leur regard, il ne pouvait rien lui arriver.<\/p>\n","protected":false},"excerpt":{"rendered":"<p>Autrice\u00a0: N\u00e9e \u00e0 Clarens, pr\u00e8s de Montreux elle 29 mars 1977, Anne-Fr\u00e9d\u00e9rique Rochat est com\u00e9dienne et auteure de pi\u00e8ces de th\u00e9\u00e2tre. Son premier roman, Accident de personne, est paru en 2012 aux \u00c9ditions Luce Wilquin. Suivent six autres romans, chez la m\u00eame \u00e9ditrice. Laur\u00e9ate de plusieurs prix et bourses, Anne-Fr\u00e9d\u00e9rique Rochat alterne d\u00e9sormais \u00e9criture narrative &hellip; <\/p>\n<p class=\"read-more\"><a class=\"readmore-btn\" href=\"https:\/\/www.cathjack.ch\/wordpress\/?p=21123\">+<span class=\"screen-reader-text\">  Read More<\/span><\/a><\/p>\n","protected":false},"author":1,"featured_media":21124,"comment_status":"open","ping_status":"open","sticky":false,"template":"","format":"standard","meta":{"_crdt_document":"","_monsterinsights_skip_tracking":false,"_monsterinsights_sitenote_active":false,"_monsterinsights_sitenote_note":"","_monsterinsights_sitenote_category":0,"footnotes":""},"categories":[490,28,1,2166,66,192],"tags":[188,864,116,499,214,2250,2192,1127,680,1367],"class_list":["post-21123","post","type-post","status-publish","format-standard","has-post-thumbnail","hentry","category-thrillers","category-suisse","category-non-classe","category-rle2024","category-suisse-destinations","category-xxieme-siecle","tag-couple","tag-doute","tag-folie","tag-jalousie","tag-manipulation","tag-oeil","tag-paranoia","tag-surveillance","tag-thriller-psycho-psychiatrique","tag-thriller-psychologique"],"aioseo_notices":[],"_links":{"self":[{"href":"https:\/\/www.cathjack.ch\/wordpress\/index.php?rest_route=\/wp\/v2\/posts\/21123","targetHints":{"allow":["GET"]}}],"collection":[{"href":"https:\/\/www.cathjack.ch\/wordpress\/index.php?rest_route=\/wp\/v2\/posts"}],"about":[{"href":"https:\/\/www.cathjack.ch\/wordpress\/index.php?rest_route=\/wp\/v2\/types\/post"}],"author":[{"embeddable":true,"href":"https:\/\/www.cathjack.ch\/wordpress\/index.php?rest_route=\/wp\/v2\/users\/1"}],"replies":[{"embeddable":true,"href":"https:\/\/www.cathjack.ch\/wordpress\/index.php?rest_route=%2Fwp%2Fv2%2Fcomments&post=21123"}],"version-history":[{"count":5,"href":"https:\/\/www.cathjack.ch\/wordpress\/index.php?rest_route=\/wp\/v2\/posts\/21123\/revisions"}],"predecessor-version":[{"id":23689,"href":"https:\/\/www.cathjack.ch\/wordpress\/index.php?rest_route=\/wp\/v2\/posts\/21123\/revisions\/23689"}],"wp:featuredmedia":[{"embeddable":true,"href":"https:\/\/www.cathjack.ch\/wordpress\/index.php?rest_route=\/wp\/v2\/media\/21124"}],"wp:attachment":[{"href":"https:\/\/www.cathjack.ch\/wordpress\/index.php?rest_route=%2Fwp%2Fv2%2Fmedia&parent=21123"}],"wp:term":[{"taxonomy":"category","embeddable":true,"href":"https:\/\/www.cathjack.ch\/wordpress\/index.php?rest_route=%2Fwp%2Fv2%2Fcategories&post=21123"},{"taxonomy":"post_tag","embeddable":true,"href":"https:\/\/www.cathjack.ch\/wordpress\/index.php?rest_route=%2Fwp%2Fv2%2Ftags&post=21123"}],"curies":[{"name":"wp","href":"https:\/\/api.w.org\/{rel}","templated":true}]}}