{"id":21810,"date":"2025-02-20T12:54:11","date_gmt":"2025-02-20T10:54:11","guid":{"rendered":"https:\/\/www.cathjack.ch\/wordpress\/?p=21810"},"modified":"2025-02-20T12:55:02","modified_gmt":"2025-02-20T10:55:02","slug":"geraldy-paul-toi-et-moi-suivi-de-vous-et-moi-1912-192-pages-poesie","status":"publish","type":"post","link":"https:\/\/www.cathjack.ch\/wordpress\/?p=21810","title":{"rendered":"G\u00e9raldy, Paul \u00ab\u00a0Toi et moi : suivi de Vous et moi\u00a0\u00bb (1912) 192 pages (POESIE)"},"content":{"rendered":"<p><b>Auteur<\/b> : Paul Lef\u00e8vre-Geraldy, dit Paul G\u00e9raldy, n\u00e9 le 6 mars 1885 \u00e0 Paris 18e et mort le 10 mars 1983 \u00e0 Neuilly-sur-Seine, est un po\u00e8te et dramaturge fran\u00e7ais.<br \/>\nG\u00e9raldy ne figure pas dans les principales anthologies de la po\u00e9sie fran\u00e7aise de la fin du xx<sup>e<\/sup>\u00a0si\u00e8cle, ce qui l&rsquo;a rendu presque inconnu de la g\u00e9n\u00e9ration n\u00e9e apr\u00e8s-guerre.<\/p>\n<p><b>Po\u00e9sie<\/b>:<br \/>\nLes Petites \u00c2mes (1908) &#8211;<span style=\"color: #0000ff;\"> <a style=\"color: #0000ff;\" title=\"G\u00e9raldy, Paul \u00ab\u00a0Toi et moi : suivi de Vous et moi\u00a0\u00bb (1912) 192 pages (POESIE)\" href=\"https:\/\/www.cathjack.ch\/wordpress\/?p=21810\">Toi et moi<\/a><\/span> (1912), Stock\u00a0; \u00e9dition de bibliophilie illustr\u00e9e par Roger Schardner (1913 &#8211; 1945 &#8211; 1984 &#8211; 2000) pour Les \u00c9ditions de Champrosay &#8211; F\u00e9eries (1946) coll.\u00a0\u00ab\u00a0NRC Plein Midi\u00a0&#8211; Vestiges (1948) &#8211; <span style=\"color: #0000ff;\"><a style=\"color: #0000ff;\" title=\"G\u00e9raldy, Paul \u00ab\u00a0Toi et moi : suivi de Vous et moi\u00a0\u00bb (1912) 192 pages (POESIE)\" href=\"https:\/\/www.cathjack.ch\/wordpress\/?p=21810\">Vous et moi<\/a> <\/span>(1965)<\/p>\n<p>Stock 1945 \/ Livre de poche &#8211; 1975 &#8211; 31.12.1997 &#8211; 192 pages<\/p>\n<p><b>R\u00e9sum\u00e9:<\/b> \u00ab Toi et moi \u00a0\u00bb Si tu m&rsquo;aimais, et si je t&rsquo;aimais, comme je t&rsquo;aimerais ! \u00ab\u00a0<span class=\"Apple-converted-space\"><br \/>\n<\/span><span class=\"Apple-converted-space\">\u00a0<\/span>Toi et moi, c\u2019est l\u2019histoire d\u2019un amour, de sa naissance \u00e0 sa mort, l\u2019exploration de tous les \u00e9tats du tourment amoureux.<br \/>\nClassique \u00e9ternel de la po\u00e9sie amoureuse, Toi et moi est le livre de chevet de tous les amants.<\/p>\n<p><b>Mon avis<\/b>:<br \/>\nEn cette p\u00e9riode de la Saint-Valentin, j\u2019ai eu envie de ressortir un recueil<span class=\"Apple-converted-space\">\u00a0 <\/span>de po\u00e8mes de Paul G\u00e9raldy. Un po\u00e8te malheureusement quelque peu oubli\u00e9 mais qui a toujours \u00e9t\u00e9 sur la table de chevet de ma Maman\u2026 J\u2019aime la po\u00e9sie, et j\u2019ai toujours des recueils de po\u00e8mes \u00e0 port\u00e9e de main\u2026<\/p>\n<p>Des mots simples, qui \u00e9meuvent\u2026 Des \u00e9motions qui me touchent au coeur. Il parle d\u2019amour, d\u2019absence, de nostalgie\u2026<span class=\"Apple-converted-space\">\u00a0 <\/span>Ce sont des mots qui me touchent au coeur, qui m\u2019ont cueilli le coeur \u00e0 mon adolescence et que j\u2019aime toujours autant.<\/p>\n<p><b>Quelques citations<\/b>:<\/p>\n<p><b>TOI ET MOI:<\/b><\/p>\n<p>\u00ab\u00a0<b><i>Chance<\/i><\/b>\u00a0\u00bb<br \/>\n<i>Et pourtant, nous pouvions ne jamais nous conna\u00eetre !<br \/>\n<\/i><i>Mon amour, imaginez-vous<br \/>\n<\/i><i>Tout ce que le sort dut permettre<br \/>\n<\/i><i>Pour qu\u2019on soit l\u00e0, qu\u2019on s\u2019aime, et pour que ce soit nous ?<\/i><\/p>\n<p>\u00ab\u00a0<b><i>M\u00e9ditation<\/i><\/b>\u00a0\u00bb<br \/>\n<i>On aime d\u2019abord par hasard<span class=\"Apple-converted-space\"><br \/>\n<\/span><\/i><i>Par jeu, par curiosit\u00e9<span class=\"Apple-converted-space\"><br \/>\n<\/span><\/i><i>Pour avoir dans un regard<span class=\"Apple-converted-space\"><br \/>\n<\/span><\/i><i>Lu des possibilit\u00e9s<span class=\"Apple-converted-space\">\u00a0<\/span><\/i><\/p>\n<p><i>Et puis comme au fond de soi-m\u00eame<span class=\"Apple-converted-space\"><br \/>\n<\/span><\/i><i>On s\u2019aime beaucoup<span class=\"Apple-converted-space\"><br \/>\n<\/span><\/i><i>Si quelqu\u2019un vous aime, on l\u2019aime<span class=\"Apple-converted-space\"><br \/>\n<\/span><\/i><i>Par conformit\u00e9 de go\u00fbt<\/i><\/p>\n<p>\u00ab\u00a0<b><i>St\u00e9r\u00e9oscope\u00a0<\/i><\/b>\u00bb<br \/>\n<i>Le souvenir est un po\u00e8te, n&rsquo;en fait pas un historien<\/i><\/p>\n<p>\u00ab\u00a0<b><i>Absence<\/i><\/b>\u00a0\u00bb<br \/>\n<i>Tu es plus pr\u00e9sente, absente.<br \/>\n<\/i><i>Tu me parles . Je te vois.<span class=\"Apple-converted-space\"><br \/>\n<\/span><\/i><i>Moins proche, plus attachante<br \/>\n<\/i><i>Moins vivante, plus touchante,<br \/>\n<\/i><i>Tu me hantes, tu m&rsquo;enchantes !<br \/>\n<\/i><i>Je n&rsquo;ai plus besoin de toi.<\/i><\/p>\n<p><b>VOUS ET MOI<\/b> :<span class=\"Apple-converted-space\"><br \/>\n<\/span>\u00ab\u00a0<b>Comme les choses<\/b>\u00a0\u00bb<br \/>\n<i>Mes souvenirs sont l\u00e0 comme des \u00e9trangers<br \/>\n<\/i><i>Qu\u2019on ne reconnait plus au village qu\u2019ils aiment.<\/i><\/p>\n","protected":false},"excerpt":{"rendered":"<p>Auteur : Paul Lef\u00e8vre-Geraldy, dit Paul G\u00e9raldy, n\u00e9 le 6 mars 1885 \u00e0 Paris 18e et mort le 10 mars 1983 \u00e0 Neuilly-sur-Seine, est un po\u00e8te et dramaturge fran\u00e7ais. G\u00e9raldy ne figure pas dans les principales anthologies de la po\u00e9sie fran\u00e7aise de la fin du xxe\u00a0si\u00e8cle, ce qui l&rsquo;a rendu presque inconnu de la g\u00e9n\u00e9ration &hellip; <\/p>\n<p class=\"read-more\"><a class=\"readmore-btn\" href=\"https:\/\/www.cathjack.ch\/wordpress\/?p=21810\">+<span class=\"screen-reader-text\">  Read More<\/span><\/a><\/p>\n","protected":false},"author":1,"featured_media":21811,"comment_status":"open","ping_status":"open","sticky":false,"template":"","format":"standard","meta":{"_crdt_document":"","_monsterinsights_skip_tracking":false,"_monsterinsights_sitenote_active":false,"_monsterinsights_sitenote_note":"","_monsterinsights_sitenote_category":0,"footnotes":""},"categories":[12,79,78],"tags":[],"class_list":["post-21810","post","type-post","status-publish","format-standard","has-post-thumbnail","hentry","category-litterature-france","category-poesie","category-xxeme"],"aioseo_notices":[],"_links":{"self":[{"href":"https:\/\/www.cathjack.ch\/wordpress\/index.php?rest_route=\/wp\/v2\/posts\/21810","targetHints":{"allow":["GET"]}}],"collection":[{"href":"https:\/\/www.cathjack.ch\/wordpress\/index.php?rest_route=\/wp\/v2\/posts"}],"about":[{"href":"https:\/\/www.cathjack.ch\/wordpress\/index.php?rest_route=\/wp\/v2\/types\/post"}],"author":[{"embeddable":true,"href":"https:\/\/www.cathjack.ch\/wordpress\/index.php?rest_route=\/wp\/v2\/users\/1"}],"replies":[{"embeddable":true,"href":"https:\/\/www.cathjack.ch\/wordpress\/index.php?rest_route=%2Fwp%2Fv2%2Fcomments&post=21810"}],"version-history":[{"count":2,"href":"https:\/\/www.cathjack.ch\/wordpress\/index.php?rest_route=\/wp\/v2\/posts\/21810\/revisions"}],"predecessor-version":[{"id":21813,"href":"https:\/\/www.cathjack.ch\/wordpress\/index.php?rest_route=\/wp\/v2\/posts\/21810\/revisions\/21813"}],"wp:featuredmedia":[{"embeddable":true,"href":"https:\/\/www.cathjack.ch\/wordpress\/index.php?rest_route=\/wp\/v2\/media\/21811"}],"wp:attachment":[{"href":"https:\/\/www.cathjack.ch\/wordpress\/index.php?rest_route=%2Fwp%2Fv2%2Fmedia&parent=21810"}],"wp:term":[{"taxonomy":"category","embeddable":true,"href":"https:\/\/www.cathjack.ch\/wordpress\/index.php?rest_route=%2Fwp%2Fv2%2Fcategories&post=21810"},{"taxonomy":"post_tag","embeddable":true,"href":"https:\/\/www.cathjack.ch\/wordpress\/index.php?rest_route=%2Fwp%2Fv2%2Ftags&post=21810"}],"curies":[{"name":"wp","href":"https:\/\/api.w.org\/{rel}","templated":true}]}}