{"id":21851,"date":"2025-02-23T18:15:16","date_gmt":"2025-02-23T16:15:16","guid":{"rendered":"https:\/\/www.cathjack.ch\/wordpress\/?p=21851"},"modified":"2025-06-20T07:28:21","modified_gmt":"2025-06-20T05:28:21","slug":"scerbanenco-giorgio-les-enfants-du-massacre-1968-traduction-2024-304-pages-serie-duca-lamberti-tome-03","status":"publish","type":"post","link":"https:\/\/www.cathjack.ch\/wordpress\/?p=21851","title":{"rendered":"Scerbanenco, Giorgio \u00ab Les Enfants du massacre,\u00bb (1968 \u2013 traduction 2024) 304 pages \u2013 S\u00e9rie Duca Lamberti tome 03\u2028"},"content":{"rendered":"<p><b>Auteur<\/b>\u00a0: (Source Wikip\u00e9dia) Giorgio Scerbanenco, n\u00e9 Volodymyr-Djordjo Chtcherbanenko (en ukrainien\u00a0:\u00a0\u0412\u043e\u043b\u043e\u0434\u0438\u043c\u0438\u0440-\u0414\u0436\u043e\u0440\u0434\u0436\u043e \u0429\u0435\u0440\u0431\u0430\u043d\u0435\u043d\u043a\u043e) \u00e0 Kiev le 27 juillet 1911 et mort \u00e0 Milan le 27 octobre 1969, est un \u00e9crivain de polar italien. Il est n\u00e9 en Ukraine, \u00e0 Kiev, de m\u00e8re italienne et de p\u00e8re ukrainien. Il arrive en Italie, \u00e0 Rome, avec sa m\u00e8re \u00e0 l\u2019\u00e2ge de six mois. En 1917, lors de la r\u00e9volution russe, tous deux retournent en Russie pour retrouver leur mari et p\u00e8re, mais celui-ci a \u00e9t\u00e9 fusill\u00e9 par les bolcheviques. Il rentre donc avec sa m\u00e8re en Italie, d\u2019abord \u00e0 Rome puis, \u00e0 seize ans, \u00e0 Milan. Il est alors orphelin. Il arr\u00eate tr\u00e8s t\u00f4t ses \u00e9tudes pour des raisons financi\u00e8res. Sans dipl\u00f4me, il gagne sa vie p\u00e9niblement en acceptant des emplois mal pay\u00e9s de man\u0153uvre, de balayeur ou de magasinier. Les privations, la malnutrition et une sant\u00e9 tr\u00e8s fragile entra\u00eenent son hospitalisation dans un sanatorium \u00e0 Sandrio, pr\u00e8s de la fronti\u00e8re suisse. C\u2019est pendant ce repos forc\u00e9 qu\u2019il se met \u00e0 l\u2019\u00e9criture de plusieurs nouvelles publi\u00e9es \u00e0 partir de 1933. Auparavant, il commence \u00e0 collaborer \u00e0 des journaux f\u00e9minins, d\u2019abord comme correcteur, puis comme auteur de nouvelles et de romans \u00e0 l\u2019eau de rose, ainsi qu\u2019au courrier du c\u0153ur. Il \u00e9crira \u00e9galement des westerns et de la science-fiction.<br \/>\nIl publie son premier roman policier Sei giorni di preavviso en 1940, c\u2019est le premier d\u2019une s\u00e9rie qui sera republi\u00e9e dans Cinque Casi per l\u2019Investigatore Jelling.<br \/>\nEn 1943, il se r\u00e9fugie en Suisse o\u00f9 il restera jusqu\u2019en 1945. Il passe d\u2019abord par le camp de r\u00e9fugi\u00e9s de B\u00fcsserach puis est accueilli, dans le canton du Tessin, par des amies suisses de son \u00e9pouse, Teresa. Pendant son exil il \u00e9crit un roman Non rimanere soli qui en transpose l\u2019exp\u00e9rience bien qu\u2019il ait d\u00fb, comme il l\u2019\u00e9crit lui-m\u00eame dans l\u2019avis au lecteur (al lettore) qui pr\u00e9c\u00e8de le roman, ob\u00e9ir aux prescriptions minutieuses de la police du pays dans lequel il a pass\u00e9 ses ann\u00e9es d\u2019exil et se contraindre \u00e0 une neutralit\u00e9 hypersensible (ipersensibile neutralit\u00e0) et donc \u00e0 changer les noms des personnes et des lieux. C\u2019est \u00e9galement en Suisse qu\u2019il \u00e9crira Lupa in convento, Annalisa e il passagio a livello, Tecla e Rosellina ainsi qu\u2019un roman de science-fiction \u2014\u00a0qualifi\u00e9 de sombre (cupo) par sa fille Cecilia dans l\u2019avant-propos du recueil intitul\u00e9 Annalisa e il passagio a livello contenant la nouvelle de m\u00eame titre et Tecla e Rosellina, publi\u00e9 en 2007 par Sellerio \u00e0 Palerme.<\/p>\n<p>La renomm\u00e9e internationale intervient avec la s\u00e9rie des Duca Lamberti \u2014\u00a0quatre romans dont V\u00e9nus priv\u00e9e, adapt\u00e9 \u00e0 l\u2019\u00e9cran par Yves Boisset sous le titre Cran d\u2019arr\u00eat en 1970. Il y d\u00e9peint une Italie des ann\u00e9es 1960 difficile, parfois m\u00e9chante, d\u00e9sireuse de se d\u00e9velopper mais d\u00e9senchant\u00e9e, loin de l\u2019image \u00e9dulcor\u00e9e et brillante de l\u2019Italie du boom \u00e9conomique.<br \/>\nIl obtient le grand prix de litt\u00e9rature polici\u00e8re en 1968.<br \/>\nIl peut \u00eatre consid\u00e9r\u00e9 comme un des ma\u00eetres des \u00e9crivains italiens de romans noirs \u00e0 partir des ann\u00e9es 1970.<br \/>\nDepuis 1993, le prix Scerbanenco r\u00e9compense le meilleur roman policier ou noir italien publi\u00e9 l\u2019ann\u00e9e pr\u00e9c\u00e9dente. Ce prix est d\u00e9cern\u00e9 lors du Festival du film noir de Courmayeur.<\/p>\n<p><b>S\u00e9rie<\/b> <b>La trilogie de la mer<\/b>\u00a0: <span style=\"color: #0000ff;\"><a style=\"color: #0000ff;\" href=\"http:\/\/www.cathjack.ch\/wordpress\/?p=4533\">Le Sable ne se souvient pas<\/a><\/span>, <span style=\"color: #0000ff;\"><a style=\"color: #0000ff;\" href=\"http:\/\/www.cathjack.ch\/wordpress\/?p=5707\">Mort sur la lagune<\/a><\/span>, <span style=\"color: #0000ff;\"><a style=\"color: #0000ff;\" href=\"http:\/\/www.cathjack.ch\/wordpress\/?p=5489\">Les Amants du bord de mer<\/a><\/span>)<br \/>\n<b>S\u00e9rie Duca Lamberti <\/b>: <span style=\"color: #0000ff;\"><a style=\"color: #0000ff;\" href=\"https:\/\/www.cathjack.ch\/wordpress\/?p=19190\">V\u00e9nus priv\u00e9e<\/a><\/span> (tome 1) &#8211; \u00c0 tous les rateliers \/ Ils nous trahiront tous \/ <span style=\"color: #0000ff;\"><a style=\"color: #0000ff;\" href=\"https:\/\/www.cathjack.ch\/wordpress\/?p=19723\">Tous des tra\u00eetres<\/a><\/span> (tome 2- Grand prix de litt\u00e9rature polici\u00e8re 1968) &#8211; <span style=\"color: #0000ff;\"><a style=\"color: #0000ff;\" href=\"https:\/\/www.cathjack.ch\/wordpress\/?p=21851\">Les Enfants du massacre<\/a><\/span>, (tome 3) &#8211; Les Milanais tuent le samedi (<span style=\"color: #0000ff;\"><a style=\"color: #0000ff;\" title=\"Scerbanenco, Giorgio \u00ab I milanesi ammazzano al sabato\u00bb (1969) S\u00e9rie Duca Lamberti tome 04\" href=\"https:\/\/www.cathjack.ch\/wordpress\/?p=22076\">I milanesi ammazzano al sabato<\/a><\/span> tome 4)<\/p>\n<p>Rivages\/noir 16.11.2011 &#8211; 2654 pages\/ Gallmeister &#8211; Totem (poche) 04.17.2024 &#8211; 304 pages &#8211; nouvelle traduction par Laura Brignon (<i>Titre original<\/i>\u00a0: I Ragazzi Del Massacro)<span class=\"Apple-converted-space\">\u00a0<\/span><\/p>\n<p><b>R\u00e9sum\u00e9<\/b>\u00a0:<br \/>\nUne salle de classe, un tableau noir recouvert de dessins obsc\u00e8nes, et le cadavre d&rsquo;une femme enti\u00e8rement nue, atrocement battue. La victime est Matilde Crescenzaghi, jeune institutrice dans une \u00e9cole du soir fr\u00e9quent\u00e9e par onze gar\u00e7ons particuli\u00e8rement difficiles.<br \/>\nLes \u00e9l\u00e8ves sont les premiers suspects, mais face \u00e0 la loi du silence l&rsquo;enqu\u00eate semble au point mort. Duca Lamberti est pr\u00eat \u00e0 tout pour r\u00e9soudre cette affaire d&rsquo;une violence hallucinante.<span class=\"Apple-converted-space\">\u00a0<\/span><\/p>\n<p>Entre interrogatoires et rencontres interdites, le d\u00e9tective entame une v\u00e9ritable descente dans l&rsquo;Italie des laiss\u00e9s-pour-compte et des marginaux.<\/p>\n<p><i>Ce roman a paru en Italie en 1968. Il est \u00e0 lire dans le contexte de l\u2019\u00e9poque.<\/i><\/p>\n<p><b>Mon avis:<\/b><\/p>\n<p>Une enseignante martyris\u00e9e, viol\u00e9e et tu\u00e9e, 11 \u00e9l\u00e8ves d\u00e9linquants, l\u2019interrogatoire des 11 jeunes qui d\u00e9bitent tranquillement des mensonges.<br \/>\nCeux qui connaissent d\u00e9j\u00e0 le personnage de Duca savent qu\u2019il ne voit pas les choses de la m\u00eame mani\u00e8re que les policiers traditionnel. En effet il a \u00e9t\u00e9 m\u00e9decin avant de collaborer avec la police en tant que policier et qu\u2019il a de ce fait une strat\u00e9gie d\u2019interrogatoire bien particuli\u00e8re, des m\u00e9thodes qui sont les siennes; Il utilise la violence verbale et l\u2019on ne peut donc pas accuser de maltraitance sur mineurs car il ne les brutalise pas physiquement , des m\u00e9thodes psychologiques qui lui sont propres. Il d\u00e9stabilise les personnes qu\u2019il a en face de lui.<br \/>\nUne approche particuli\u00e8re, bas\u00e9e sur la confiance et le lien qu\u2019il veut \u00e9tablir entre lui et les jeunes, car il est persuad\u00e9 que c\u2019est le seul moyen de d\u00e9couvrir la v\u00e9rit\u00e9. Mais pas facile d\u2019\u00e9tablir une relation de confiance avec des jeunes qui ont peur, surtout quand on fait partie de la police. Parmi ces jeunes un gar\u00e7on semble plus fragile, car il s\u2019av\u00e8re qu\u2019il est \u00ab\u00a0inverti\u00a0\u00bb et que cet \u00e9tat de fait le terrorise et qui parait moins dangereux que les autres\u2026<br \/>\nDuca va creuser dans le contexte familial et social des 11 coupables potentiels &#8211; tous mineurs \u00e2g\u00e9s de 13 \u00e0 18 ans\u2026<br \/>\nEncore une fois l\u2019enqu\u00eate et l\u2019approche de Duca vont se r\u00e9v\u00e9ler passionnantes.<br \/>\nM\u00eame si cette enqu\u00eate peut se lire sans avoir lu les deux tomes pr\u00e9c\u00e9dents, ce serait vraiment dommage de ne pas suivre le personnage depuis le d\u00e9but.<br \/>\nScerbanenco reste pour moi le ma\u00eetre absolu des auteurs de \u00ab\u00a0gialli\u00a0\u00bb italiens. Pas \u00e9tonnant que le Prix Scerbanenco r\u00e9compense chaque ann\u00e9e le meilleur roman policier ou noir italien.<span class=\"Apple-converted-space\">\u00a0<\/span><\/p>\n<p><b>Extraits:<\/b><\/p>\n<p>Ces hurlements secou\u00e8rent le gamin : simple effet de la violence des ondes sonores.<\/p>\n<p>Il baissa l\u2019abat-jour pour ne pas \u00e9blouir l\u2019adolescent et lui permettre de mentir plus \u00e0 son aise dans la p\u00e9nombre. Il aimait s\u2019entendre raconter des histoires et laisser croire \u00e0 ces mis\u00e9rables qu\u2019ils avaient r\u00e9ussi \u00e0 le tromper.<\/p>\n<p>Les mensonges font toujours l\u2019effet d\u2019une fausse note, d\u2019un couac, et ce gamin avait dit quelque chose d\u2019harmonieux, qui sonnait juste.<\/p>\n<p>Personnellement, il n\u2019aimait pas Duca Lamberti. Il creusait trop, il \u00e9tait capable de faire un trait\u00e9 de philosophie \u00e0 partir d\u2019un modeste vol \u00e0 la tire dans un supermarch\u00e9, pour sa part il pr\u00e9f\u00e9rait le noir et le blanc, le dehors et le dedans, pas les subtilit\u00e9s \u00e0 la Whitehead. Cependant, il acceptait la v\u00e9rit\u00e9, m\u00eame si elle arrivait par un chemin diff\u00e9rent, tapiss\u00e9 de ces subtilit\u00e9s qu\u2019il d\u00e9testait.<\/p>\n<p>Tu connais l\u2019\u00e9tymologie d\u2019\u201chyst\u00e9rie\u201d ? S\u00fbrement, mais tu ne t\u2019en souviens pas. \u00c7a vient du grec yst\u00e9rikos, et du sanscrit ustera, qui d\u00e9signe une partie profond\u00e9ment f\u00e9minine.<\/p>\n<p>\u2014\u2002J\u2019ai saisi, d\u00e9veloppe.<br \/>\n\u2014\u2002Une partie profond\u00e9ment f\u00e9minine, disais-je. Et selon certains philologues, \u201chistrion\u201d a la m\u00eame origine.<\/p>\n<p>Comme la chasse, attraper des voleurs demande de la patience et de la ferveur. Quand quelqu\u2019un parle, laissez-le parler, dans son discours fluvial, on peut finir par trouver la p\u00e9pite d\u2019or de la v\u00e9rit\u00e9, et ils attendaient de la voir briller dans cette mar\u00e9e de mots.<\/p>\n","protected":false},"excerpt":{"rendered":"<p>Auteur\u00a0: (Source Wikip\u00e9dia) Giorgio Scerbanenco, n\u00e9 Volodymyr-Djordjo Chtcherbanenko (en ukrainien\u00a0:\u00a0\u0412\u043e\u043b\u043e\u0434\u0438\u043c\u0438\u0440-\u0414\u0436\u043e\u0440\u0434\u0436\u043e \u0429\u0435\u0440\u0431\u0430\u043d\u0435\u043d\u043a\u043e) \u00e0 Kiev le 27 juillet 1911 et mort \u00e0 Milan le 27 octobre 1969, est un \u00e9crivain de polar italien. Il est n\u00e9 en Ukraine, \u00e0 Kiev, de m\u00e8re italienne et de p\u00e8re ukrainien. Il arrive en Italie, \u00e0 Rome, avec sa m\u00e8re \u00e0 &hellip; <\/p>\n<p class=\"read-more\"><a class=\"readmore-btn\" href=\"https:\/\/www.cathjack.ch\/wordpress\/?p=21851\">+<span class=\"screen-reader-text\">  Read More<\/span><\/a><\/p>\n","protected":false},"author":1,"featured_media":21852,"comment_status":"open","ping_status":"open","sticky":false,"template":"","format":"standard","meta":{"_crdt_document":"","_monsterinsights_skip_tracking":false,"_monsterinsights_sitenote_active":false,"_monsterinsights_sitenote_note":"","_monsterinsights_sitenote_category":0,"footnotes":""},"categories":[446,5,1288,193,101,9,155,78],"tags":[1069,2363,920,2366,186,458,2364,1419,214,2365,1367,169,2347],"class_list":["post-21851","post","type-post","status-publish","format-standard","has-post-thumbnail","hentry","category-serie","category-lecture-polar","category-coup-de-coeur-polar-thriller","category-etude-de-societe","category-italie-2","category-italie","category-milan","category-xxeme","tag-annees-60","tag-critique-sociale","tag-delinquance","tag-delinquance-juvenile","tag-enquete","tag-giallo","tag-interrogatoires","tag-lgbtqia","tag-manipulation","tag-marginaux","tag-thriller-psychologique","tag-violence","tag-violence-morale"],"aioseo_notices":[],"_links":{"self":[{"href":"https:\/\/www.cathjack.ch\/wordpress\/index.php?rest_route=\/wp\/v2\/posts\/21851","targetHints":{"allow":["GET"]}}],"collection":[{"href":"https:\/\/www.cathjack.ch\/wordpress\/index.php?rest_route=\/wp\/v2\/posts"}],"about":[{"href":"https:\/\/www.cathjack.ch\/wordpress\/index.php?rest_route=\/wp\/v2\/types\/post"}],"author":[{"embeddable":true,"href":"https:\/\/www.cathjack.ch\/wordpress\/index.php?rest_route=\/wp\/v2\/users\/1"}],"replies":[{"embeddable":true,"href":"https:\/\/www.cathjack.ch\/wordpress\/index.php?rest_route=%2Fwp%2Fv2%2Fcomments&post=21851"}],"version-history":[{"count":5,"href":"https:\/\/www.cathjack.ch\/wordpress\/index.php?rest_route=\/wp\/v2\/posts\/21851\/revisions"}],"predecessor-version":[{"id":22495,"href":"https:\/\/www.cathjack.ch\/wordpress\/index.php?rest_route=\/wp\/v2\/posts\/21851\/revisions\/22495"}],"wp:featuredmedia":[{"embeddable":true,"href":"https:\/\/www.cathjack.ch\/wordpress\/index.php?rest_route=\/wp\/v2\/media\/21852"}],"wp:attachment":[{"href":"https:\/\/www.cathjack.ch\/wordpress\/index.php?rest_route=%2Fwp%2Fv2%2Fmedia&parent=21851"}],"wp:term":[{"taxonomy":"category","embeddable":true,"href":"https:\/\/www.cathjack.ch\/wordpress\/index.php?rest_route=%2Fwp%2Fv2%2Fcategories&post=21851"},{"taxonomy":"post_tag","embeddable":true,"href":"https:\/\/www.cathjack.ch\/wordpress\/index.php?rest_route=%2Fwp%2Fv2%2Ftags&post=21851"}],"curies":[{"name":"wp","href":"https:\/\/api.w.org\/{rel}","templated":true}]}}