{"id":22218,"date":"2025-04-26T11:07:24","date_gmt":"2025-04-26T09:07:24","guid":{"rendered":"https:\/\/www.cathjack.ch\/wordpress\/?p=22218"},"modified":"2025-04-26T11:08:55","modified_gmt":"2025-04-26T09:08:55","slug":"bonnec-sidonie-la-fille-au-pair-2025-320-pages","status":"publish","type":"post","link":"https:\/\/www.cathjack.ch\/wordpress\/?p=22218","title":{"rendered":"Bonnec, Sidonie \u00ab\u00a0La fille au pair\u00a0\u00bb (2025) 320 pages"},"content":{"rendered":"<p><b>Autrice<\/b>: Sidonie Bonnec, n\u00e9e le 25 f\u00e9vrier 1977 \u00e0 Reims (Marne). Elle est journaliste, animatrice de radio et de t\u00e9l\u00e9vision. Elle a incarn\u00e9 plusieurs documentaires d\u2019immersion (Dans un monde \u00e0 part, La vie la nuit), a pr\u00e9sent\u00e9 Enqu\u00eates criminelles de 2008 \u00e0 2015 sur W9 et a anim\u00e9 La Curiosit\u00e9 est un Vilain d\u00e9faut sur RTL pendant 7 ans. Depuis 2017, elle co-anime sur France 2 le divertissement culturel et quotidien : Tout le monde \u00e0 son mot \u00e0 dire.<br \/>\n<span class=\"Apple-converted-space\">\u00a0\u00ab\u00a0<\/span><span style=\"color: #0000ff;\"><a style=\"color: #0000ff;\" title=\"Bonnec, Sidonie \u00ab\u00a0La fille au pair\u00a0\u00bb (2025) 320 pages\" href=\"https:\/\/www.cathjack.ch\/wordpress\/?p=22218\">La fille au pair<\/a><\/span>\u00a0\u00bb est son premier roman.<\/p>\n<p>Albin-Michel &#8211; 03.03.2025 &#8211; 320 pages &#8211; Finaliste &#8211; Prix Le Point du Polar europ\u00e9en 2025<\/p>\n<p><b>R\u00e9sum\u00e9:<br \/>\n<\/b>Hidden Grove, un domaine priv\u00e9 de la banlieue londonienne. L\u2019immense grille noire s\u2019ouvre sur cinq manoirs, des voitures de luxe et un parc savamment entretenu. Emmylou, une lyc\u00e9enne d\u2019origine modeste qui a fui sa Bretagne natale pour \u00eatre fille au pair, a l\u2019impression d\u2019arriver au paradis.<br \/>\nMais son quotidien se met rapidement \u00e0 vaciller : le linge sale qui ne cesse de s\u2019accumuler, des pleurs nocturnes \u00e0 travers les cloisons, des pri\u00e8res murmur\u00e9es, des r\u00eaves effroyables et cette maladie qui touche l\u2019a\u00een\u00e9 des enfants et dont personne ne parle\u2026<br \/>\nCoup\u00e9e du monde, Emmylou est entr\u00e9e dans un pi\u00e8ge monstrueux. Pourquoi elle ? Comment s\u2019\u00e9chapper ?<br \/>\nS\u2019inspirant de sa propre histoire, Sidonie Bonnec d\u00e9ploie dans ce premier roman un suspense psychologique oppressant, o\u00f9 derri\u00e8re les faux-semblants d\u2019une famille id\u00e9ale se cache la folie la plus noire.<\/p>\n<p><b>Mon avis<\/b>:<br \/>\nC\u2019est par curiosit\u00e9 que je me suis lanc\u00e9e dans la lecture de ce roman. j\u2019aime bien suivre le jeu \u00ab\u00a0Tout le monde \u00e0 son mot \u00e0 dire\u00a0\u00bb.<span class=\"Apple-converted-space\">\u00a0 <\/span>Je savais que l\u2019autrice avait \u00e9t\u00e9 au pair \u00e0 22 ans en Angleterre, que l\u2019exp\u00e9rience avait \u00e9t\u00e9 traumatisante, et qu\u2019elle avait pu s\u2019\u00e9chapper alors qu\u2019elle courrait un danger dans la famille o\u00f9 elle \u00e9tait.<br \/>\nEt si elle n\u2019avait pas pu s\u2019\u00e9chapper ? L\u2019imagination de la romanci\u00e8re a fait le reste\u2026 Et nous<span class=\"Apple-converted-space\">\u00a0 <\/span>entraine dans ce qui aurait pu se passer \u2026 Bonjour le cauchemar!<br \/>\nLe roman commence doucement, peut-\u00eatre un peu trop lent \u00e0 d\u00e9marrer \u00e0 mon go\u00fbt mais ensuite tout s\u2019acc\u00e9l\u00e8re une fois le d\u00e9cor mis-en-place. Derri\u00e8re le thriller, une exp\u00e9rience de jeune fille au pair qui va virer au cauchemar. Le monde dans lequel on vit, m\u00eame si il peut sembler un peu mis\u00e9rable est-il pire qu\u2019une immersion chez des riches et leur monde cloisonn\u00e9?<br \/>\nEmmylou, qui r\u00eave de devenir journaliste et veut apprendre l\u2019anglais va suivre les conseils d\u2019une camarade de classe et postuler pour un job d\u2019au pair dans une famille hupp\u00e9e dans les environs de Londres suite au suicide de sa meilleure amie; une amiti\u00e9 broy\u00e9e mais dont le fant\u00f4me accompagnera toute la vie de cette jeune fille et la soutiendra dans les moments difficiles.<br \/>\nOn est \u00e0 la fin des ann\u00e9es 90, et elle va se retrouver dans un monde qui est en fait un domaine avec 5 maisons &#8211; 4 habit\u00e9es &#8211;<span class=\"Apple-converted-space\">\u00a0 <\/span>dans un univers clos. D\u00e9stabilisation et ins\u00e9curit\u00e9 sont les maitres sentiments ressentis. L\u2019argent est domination, la classe sociale \u00e9crase tout..<br \/>\nPlus les jours passent et plus le malaise s\u2019installe\u2026 D\u2019abord diffus, puis de plus en plus pesant\u2026 Un environnement toxique, des fa\u00e7ades plus que des \u00eatres humains, un secret qui enveloppe tout\u2026 On se sent pris \u00e0 la gorge, tout comme la jeune fille, pris au pi\u00e8ge derri\u00e8re les grilles de cet environnement luxueux\u2026<br \/>\nExcellent premier roman qui met l\u2019accent sur l\u2019importance des relations parents-enfants et l\u2019importance des liens et de la communication entre les \u00eatres.<span class=\"Apple-converted-space\">\u00a0<\/span><\/p>\n<p><b>Extraits<\/b>:<span class=\"Apple-converted-space\">\u00a0<\/span><\/p>\n<p>En cours de philo, on \u00e9tudie \u00e7a, la notion du temps et ces questions tout \u00e0 fait pertinentes\u00a0: dans quelle mesure le temps nous appartient-il\u00a0? En quel sens peut-on dire que l\u2019homme ne vit pas que dans le pr\u00e9sent\u00a0? Le temps est-il pour l\u2019homme une limite\u00a0? Le temps est-il notre ennemi ou notre alli\u00e9\u00a0? Mais qui a le loisir de se poser ces questions\u00a0? Et d\u2019y r\u00e9pondre\u00a0? Chez nous, la seule r\u00e9ponse qu\u2019on a c\u2019est\u00a0: J\u2019ai pas le temps.<span class=\"Apple-converted-space\">\u00a0<\/span><\/p>\n<p><span class=\"Apple-converted-space\">\u00a0<\/span>La salle de bains est immense, inond\u00e9e de lumi\u00e8re, tout est assorti, la baignoire sur pieds, les toilettes, the washbasins, \u00ab\u00a0les vasques\u00a0\u00bb (j\u2019ai appris en feuilletant les magazines de d\u00e9co aux W.-C.\u00a0que les riches ne disent pas sinks, \u00ab\u00a0lavabos\u00a0\u00bb). La fa\u00efence blanche contraste avec la couleur linen, \u00ab\u00a0lin\u00a0\u00bb, du sol et des serviettes (les riches ne disent pas \u00ab\u00a0beige\u00a0\u00bb non plus). Je me r\u00e9jouis d\u2019apprendre deux langues\u00a0: l\u2019anglais et le riche.<span class=\"Apple-converted-space\">\u00a0<\/span><\/p>\n<p>Ton suicide a tout d\u00e9chiquet\u00e9, je ne sais pas comment recoudre \u00e7a.<span class=\"Apple-converted-space\">\u00a0<\/span><\/p>\n<p>je veux \u00eatre journaliste depuis que j\u2019ai neuf ans, c\u2019est pour moi un moyen de vivre d\u2019autres vies que la mienne.<\/p>\n<p>Le malaise s\u2019insinue dans tout ce que l\u2019on ne me dit pas. Peut-\u00eatre est-ce par pudeur, pour ne pas m\u2019encombrer, par oubli ou par m\u00e9pris, quel int\u00e9r\u00eat qu\u2019elle sache \u00e7a\u00a0? Le doute aime bien ces interstices, il y coule comme un poison lent, puis s\u00e8che et reste l\u00e0.<span class=\"Apple-converted-space\">\u00a0<\/span><\/p>\n<p>Je pensais pouvoir m\u2019int\u00e9grer et conna\u00eetre la famille, adopter leurs codes, pourtant chaque jour m\u2019enfonce dans un brouillard et une ins\u00e9curit\u00e9 nouvelle.<span class=\"Apple-converted-space\">\u00a0<\/span><\/p>\n<p>Ils ont un caract\u00e8re diff\u00e9rent et, pourtant, ils se ressemblent, sans doute les effets d\u2019une longue vie de couple, un certain mim\u00e9tisme. Ils sont tous les deux bruns et longs. Oui, ce sont des gens longs. Je dis \u00e7a parce que mes parents, par exemple, sont bas et trapus. On dirait deux commodes.<\/p>\n<p>Voil\u00e0 ce que l\u2019on d\u00e9couvre en vivant seule, seule parmi les autres\u00a0: chaque jour est une nouvelle chance, chaque mauvaise journ\u00e9e est nettoy\u00e9e par la nuit, cette pause obligatoire dans ton calendrier, m\u00eame si tu n\u2019en veux pas, m\u00eame si tu n\u2019as pas le temps, la nuit est l\u00e0. Et m\u00eame si la journ\u00e9e a \u00e9t\u00e9 bouleversante, ennuyeuse, rat\u00e9e, m\u00eame si ta vie semble fichue, irr\u00e9m\u00e9diablement fichue, gr\u00e2ce \u00e0 la nuit, ta vie est sauv\u00e9e. En tout cas, l\u2019image que tu en as. Je ne sais pas ce qui se passe dans mon cerveau pendant mon sommeil, j\u2019ai l\u2019impression qu\u2019une bonne f\u00e9e s\u2019agite pour endormir le moisi, la merde, le pourri, et qu\u2019au r\u00e9veil, tout semble plus doux, plus raisonnable. Toi, tu te souviens que \u00e7a a foir\u00e9, bascul\u00e9, tu te souviens du bizarre, de ce qui t\u2019a alert\u00e9e, tu t\u2019en souviens, mais tu acceptes le voile que Clochette a pos\u00e9 dessus, parce que sinon tu ne te l\u00e8verais pas ce matin, ou tu te jetterais par la fen\u00eatre grande ouverte au-dessus de ton lit.<\/p>\n<p>\u00c7a co\u00fbte tellement cher, une fille au pair\u2026 Une poign\u00e9e de livres, de l\u2019argent de poche contre une servitude vingt-quatre heures sur vingt-quatre. Je suis \u00e9c\u0153ur\u00e9e, envie de faire demi-tour et de lui rentrer dedans. Les pauvres me faisaient chier en Bretagne, mais les riches, c\u2019est pas ma came non plus, pourtant je reste l\u2019animal docile que je suis devenue ici. Je reviens sur mes pas et je retourne \u00e0 la niche.<\/p>\n<p>Pour \u00e9chapper \u00e0 mon angoisse, je me plonge dans ce roman o\u00f9 tout est pire que ma vie, cette histoire qui me r\u00e9conforte\u00a0:\u00a0<i>American Psycho<\/i>.<\/p>\n<p>Des phrases en cascade, des exclamations bruyantes, excessives, des fiert\u00e9s exhib\u00e9es, mais pas d\u2019\u00e9changes, ni de discussions. On n\u2019a rien \u00e0 se dire, mais on se le dit. On brasse chacun dans sa ligne, des longueurs interminables.<span class=\"Apple-converted-space\">\u00a0<\/span><\/p>\n<p>Les murs d\u2019une prison invisible se sont \u00e9rig\u00e9s autour de moi. Personne ne les touche, mais tout le monde les \u00e9vite.<\/p>\n<p>Le silence, le noir, tout m\u2019oppresse. J\u2019ai un go\u00fbt \u00e2cre dans la bouche, je me l\u00e8ve pour boire de l\u2019eau, je ne savais pas que la peur avait une saveur, elle a contamin\u00e9 chacune de mes papilles.<\/p>\n<p>J\u2019essaie de me concentrer sur ce nouveau roman de Jay McInerney,\u00a0<i>Glamour attitude\u00a0<\/i>: paillettes et cynisme dans le showbiz. Je ne veux pas penser \u00e0 tout ce que j\u2019ai d\u00e9couvert. Je n\u2019entre pas, je reste \u00e0 fleur d\u2019histoire, les mots qui d\u2019habitude me saisissent me font l\u2019effet d\u2019une arm\u00e9e de caract\u00e8res r\u00e9fractaires qui prot\u00e8gent furieusement leur monde. Je n\u2019y arrive pas.<\/p>\n<p>J\u2019entends le mot \u00ab\u00a0suicide\u00a0\u00bb. Un mot facile \u00e0 susurrer, il glisse tout seul, avec ses \u00ab\u00a0s\u00a0\u00bb et ses \u00ab\u00a0i\u00a0\u00bb, une symphonie macabre<\/p>\n","protected":false},"excerpt":{"rendered":"<p>Autrice: Sidonie Bonnec, n\u00e9e le 25 f\u00e9vrier 1977 \u00e0 Reims (Marne). Elle est journaliste, animatrice de radio et de t\u00e9l\u00e9vision. Elle a incarn\u00e9 plusieurs documentaires d\u2019immersion (Dans un monde \u00e0 part, La vie la nuit), a pr\u00e9sent\u00e9 Enqu\u00eates criminelles de 2008 \u00e0 2015 sur W9 et a anim\u00e9 La Curiosit\u00e9 est un Vilain d\u00e9faut sur &hellip; <\/p>\n<p class=\"read-more\"><a class=\"readmore-btn\" href=\"https:\/\/www.cathjack.ch\/wordpress\/?p=22218\">+<span class=\"screen-reader-text\">  Read More<\/span><\/a><\/p>\n","protected":false},"author":1,"featured_media":22219,"comment_status":"open","ping_status":"open","sticky":false,"template":"","format":"standard","meta":{"_crdt_document":"","_monsterinsights_skip_tracking":false,"_monsterinsights_sitenote_active":false,"_monsterinsights_sitenote_note":"","_monsterinsights_sitenote_category":0,"footnotes":""},"categories":[501,2283,140,91,467,193,12,78],"tags":[254,112,1774,889,819,199,347,2445,317,953,214,314,927,151,319,406,370,213,2446,275],"class_list":["post-22218","post","type-post","status-publish","format-standard","has-post-thumbnail","hentry","category-1er-roman","category-2283","category-angleterre","category-polar-psychologique","category-campagne-anglaise","category-etude-de-societe","category-litterature-france","category-xxeme","tag-amitie","tag-angoisse","tag-enfants","tag-enfermement","tag-exploitation","tag-famille","tag-huis-clos","tag-lignee-familiale","tag-maladie","tag-malaise","tag-manipulation","tag-rapports-familiaux","tag-rapports-sociaux","tag-religion","tag-suicide","tag-survie","tag-suspense","tag-trahison","tag-traumatisme","tag-viol"],"aioseo_notices":[],"_links":{"self":[{"href":"https:\/\/www.cathjack.ch\/wordpress\/index.php?rest_route=\/wp\/v2\/posts\/22218","targetHints":{"allow":["GET"]}}],"collection":[{"href":"https:\/\/www.cathjack.ch\/wordpress\/index.php?rest_route=\/wp\/v2\/posts"}],"about":[{"href":"https:\/\/www.cathjack.ch\/wordpress\/index.php?rest_route=\/wp\/v2\/types\/post"}],"author":[{"embeddable":true,"href":"https:\/\/www.cathjack.ch\/wordpress\/index.php?rest_route=\/wp\/v2\/users\/1"}],"replies":[{"embeddable":true,"href":"https:\/\/www.cathjack.ch\/wordpress\/index.php?rest_route=%2Fwp%2Fv2%2Fcomments&post=22218"}],"version-history":[{"count":2,"href":"https:\/\/www.cathjack.ch\/wordpress\/index.php?rest_route=\/wp\/v2\/posts\/22218\/revisions"}],"predecessor-version":[{"id":22221,"href":"https:\/\/www.cathjack.ch\/wordpress\/index.php?rest_route=\/wp\/v2\/posts\/22218\/revisions\/22221"}],"wp:featuredmedia":[{"embeddable":true,"href":"https:\/\/www.cathjack.ch\/wordpress\/index.php?rest_route=\/wp\/v2\/media\/22219"}],"wp:attachment":[{"href":"https:\/\/www.cathjack.ch\/wordpress\/index.php?rest_route=%2Fwp%2Fv2%2Fmedia&parent=22218"}],"wp:term":[{"taxonomy":"category","embeddable":true,"href":"https:\/\/www.cathjack.ch\/wordpress\/index.php?rest_route=%2Fwp%2Fv2%2Fcategories&post=22218"},{"taxonomy":"post_tag","embeddable":true,"href":"https:\/\/www.cathjack.ch\/wordpress\/index.php?rest_route=%2Fwp%2Fv2%2Ftags&post=22218"}],"curies":[{"name":"wp","href":"https:\/\/api.w.org\/{rel}","templated":true}]}}