{"id":22441,"date":"2025-06-08T12:43:39","date_gmt":"2025-06-08T10:43:39","guid":{"rendered":"https:\/\/www.cathjack.ch\/wordpress\/?p=22441"},"modified":"2025-06-12T20:00:12","modified_gmt":"2025-06-12T18:00:12","slug":"dos-santos-jose-rodrigues-le-magicien-dauschwitz-2021-476-pages","status":"publish","type":"post","link":"https:\/\/www.cathjack.ch\/wordpress\/?p=22441","title":{"rendered":"Dos Santos, Jos\u00e9 Rodrigues \u00ab Le Magicien d&rsquo;Auschwitz (2021) 476 pages"},"content":{"rendered":"<p><b>L\u2019auteur<\/b>\u00a0: Jos\u00e9 Ant\u00f3nio Afonso Rodrigues dos Santos, n\u00e9 le 1er avril 1964 \u00e0 Beira au Mozambique, est un journaliste et \u00e9crivain portugais. Il est actuellement le pr\u00e9sentateur phare du journal t\u00e9l\u00e9vis\u00e9 de 20 h de la cha\u00eene publique RTP1. Journaliste, reporter de guerre, pr\u00e9sentateur vedette du journal de 20h au Portugal, Jos\u00e9 Rodrigues dos Santos est l\u2019un des plus grands auteurs europ\u00e9ens de thrillers historiques, plusieurs fois prim\u00e9. En 2000, il obtient son doctorat en sciences de la communication avec une th\u00e8se portant sur les reportages de guerre, \u00ab\u00a0Cr\u00f3nicas de Guerra\u00a0\u00bb, \u00e0 l&rsquo;Universit\u00e9 nouvelle de Lisbonne, il y est \u00e9galement professeur.<\/p>\n<p>S\u00e9rie <b>Tom\u00e1s Noronha : <\/b>\u00a0\u00a0<span style=\"color: #0000ff;\"><a style=\"color: #0000ff;\" href=\"http:\/\/www.cathjack.ch\/wordpress\/?p=3139\">La Formule de Dieu<\/a><\/span>\u00a0(2012), traduit dans plus de 17 langues et en cours d\u2019adaptation au cin\u00e9ma,\u00a0<span style=\"color: #0000ff;\"><a style=\"color: #0000ff;\" href=\"http:\/\/www.cathjack.ch\/wordpress\/?p=3147\">L\u2019Ultime Secret du Christ<\/a>\u00a0<\/span>(2013),<a href=\"http:\/\/www.cathjack.ch\/wordpress\/?p=3155\">\u00a0<span style=\"color: #0000ff;\">La Cl\u00e9 de Salomon<\/span><\/a>\u00a0(2014) \u2013 suite de La Formule de Dieu \u2013,\u00a0<span style=\"color: #0000ff;\"><a style=\"color: #0000ff;\" href=\"http:\/\/www.cathjack.ch\/wordpress\/?p=3212\">Codex 632<\/a>\u00a0<\/span>(2015) ,\u00a0\u00a0<span style=\"color: #0000ff;\"><a style=\"color: #0000ff;\" href=\"https:\/\/www.cathjack.ch\/wordpress\/?p=7140\">Furie divine<\/a><\/span>\u00a0(2016),\u00a0<span style=\"color: #0000ff;\"><a style=\"color: #0000ff;\" href=\"https:\/\/www.cathjack.ch\/wordpress\/?p=8495\">Vaticanum<\/a><\/span>\u00a0(2017),<span style=\"color: #0000ff;\"> <a style=\"color: #0000ff;\" href=\"https:\/\/www.cathjack.ch\/wordpress\/?p=14190\">Signe de vie<\/a><\/span> (2018), <span style=\"color: #0000ff;\"><a style=\"color: #0000ff;\" href=\"https:\/\/www.cathjack.ch\/wordpress\/?p=20999\">Immortel<\/a><\/span> (RL2020), Ames animales \u00a0(2022) \u00a0, La Femme au dragon rouge (2023)<br \/>\nS\u00e9rie <b>Calouste Gulbenkian<\/b> \u00ab L\u2019homme de Constantinople \u00bb (2019) \u00a0suivi de \u00ab Un millionnaire \u00e0 Lisbonne\u00bb (2020) .<br \/>\nS\u00e9rie <b>Francisco Latino<\/b> : <span style=\"color: #0000ff;\"><a style=\"color: #0000ff;\" title=\"Dos Santos, Jos\u00e9 Rodrigues \u00ab Le Magicien d\u2019Auschwitz (2021) 476 pages\" href=\"https:\/\/www.cathjack.ch\/wordpress\/?p=22441\">Le Magicien d&rsquo;Auschwitz<\/a><\/span> (2021) &#8211;<span style=\"color: #0000ff;\"> <a style=\"color: #0000ff;\" title=\"Dos Santos, Jos\u00e9 Rodrigues \u00ab Le Manuscrit de Birkenau (2021) 552 pages\" href=\"https:\/\/www.cathjack.ch\/wordpress\/?p=22451\">Le Manuscrit de Birkenau<\/a><\/span> (2021)<br \/>\n<b>Autres<\/b>: Spinoza, l&rsquo;homme qui a tu\u00e9 Dieu, (2023) &#8211; Oubli\u00e9s (2024)<\/p>\n<p>HC Editions Herv\u00e9 Chopin &#8211; 21.10.2021 &#8211; 445 pages<span class=\"Apple-converted-space\">\u00a0 <\/span>\/ Pocket &#8211; 06.10.2022 &#8211; 552 pages (<i>Traduit du portugais par Adelino Pereira.<\/i>)<\/p>\n<p>S\u00e9rie <b>Francisco Latino<\/b> : <span style=\"color: #0000ff;\"><a style=\"color: #0000ff;\" title=\"Dos Santos, Jos\u00e9 Rodrigues \u00ab Le Magicien d\u2019Auschwitz (2021) 476 pages\" href=\"https:\/\/www.cathjack.ch\/wordpress\/?p=22441\">Le Magicien d&rsquo;Auschwitz<\/a><\/span> (2021) &#8211;<span style=\"color: #0000ff;\"> <a style=\"color: #0000ff;\" title=\"Dos Santos, Jos\u00e9 Rodrigues \u00ab Le Manuscrit de Birkenau (2021) 552 pages\" href=\"https:\/\/www.cathjack.ch\/wordpress\/?p=22451\">Le Manuscrit de Birkenau<\/a><\/span> (2021)<br \/>\n<b>R\u00e9sum\u00e9<\/b>: (Tome 1)<\/p>\n<p>Prague, 1939. Les troupes du Reich entrent dans la ville. De sa fen\u00eatre, Herbert Levin aimerait les faire dispara\u00eetre comme, sur sc\u00e8ne, un illusionniste escamote ses colombes. Lui-m\u00eame magicien sous le nom du \u00ab\u00a0Grand Nivelli\u00a0\u00bb, l&rsquo;homme esp\u00e8re trouver chez les SS, ces grands mystiques amateurs d&rsquo;occulte, un public trop na\u00eff pour percer son secret. Car Levin est juif, comme toute sa famille&#8230; Croire ou ne pas croire&#8230;<span class=\"Apple-converted-space\"><br \/>\n<\/span>C&rsquo;est toute la trag\u00e9die de ces ann\u00e9es barbares, o\u00f9 nul ne veut croire au mal absolu. Levin y sera bient\u00f4t confront\u00e9, l\u00e0-bas, dans la boue de la Pologne, au coeur gris de l\u2019enfer\u2026<br \/>\nCette \u0153uvre de fiction est inspir\u00e9e de faits r\u00e9els.<\/p>\n<p><b>Mon avis<\/b>:<\/p>\n<p><b><i>Tout d\u2019abord je pr\u00e9viens <\/i><\/b>: A mon avis cela aurait du \u00eatre un seul \u00ab\u00a0pav\u00e9\u00a0\u00bb et \u00e0 la fin du premier tome, on est au plein milieu de l\u2019histoire. A la fin du roman, pas d\u2019autre solution que d\u2019enchainer directement<span class=\"Apple-converted-space\">\u00a0 <\/span>sur la suite. <span class=\"Apple-converted-space\">\u00a0<\/span><\/p>\n<p>Un vrai coup de point, un t\u00e9moignage de ce que furent les camps de concentration et les actions des SS\u2026 une vision d\u2019horreur absolue\u2026 mais un livre qui devrait \u00eatre lu par tous, surtout en cette p\u00e9riode ou l\u2019antis\u00e9mitisme ne fait plus partie du pass\u00e9\u2026 Tout le monde devrait savoir..<\/p>\n<p>Comme c\u2019est le cas dans tous les romans de cet auteur, le cot\u00e9 historique est toujours extr\u00eamement pr\u00e9sent et tr\u00e8s bien document\u00e9. Il s\u2019est bas\u00e9 sur des manuscrits retrouv\u00e9s enterr\u00e9s pr\u00e8s des fours cr\u00e9matoires.<span class=\"Apple-converted-space\">\u00a0<\/span><\/p>\n<p>Dans le roman on suit deux personnages :<br \/>\n&#8211; Herbert Levin, magicien juif connu sous le nom de Nivelli (sa femme et son fils).-<br \/>\n<span class=\"Apple-converted-space\">\u00a0<\/span>&#8211; Francisco Latino, Portugais engag\u00e9 dans la l\u00e9gion \u00e9trang\u00e8re espagnole qui va se retrouver sur le Front de l\u2019Est pour contrer les Russes. Au d\u00e9but on ne comprend pas tr\u00e8s bien ce que Francisco vient faire dans l\u2019histoire sa pr\u00e9sence va s\u2019expliquer par la suite. Et dans ce premier tome il deviendra pour moi nettement plus le personnage principal que le \u00ab\u00a0magicien\u00a0\u00bb. Il se retrouvera \u00e0 Auschwitz et bien qu\u2019ayant \u00e9t\u00e9 l\u00e9gionnaire pendant la guerre d\u2019Espagne et avoir vu des horreurs, il se trouvera projet\u00e9 dans un monde surr\u00e9aliste, tant par les comportements que par les explications et justifications des actions.. Il d\u00e9couvrira non seulement les monstruosit\u00e9s commises par les Allemands mais aussi le r\u00f4le des juifs dans les fours cr\u00e9matoires\u2026<\/p>\n<p>Le premier tiers du roman se d\u00e9roule avant l\u2019arriv\u00e9e dans le camp de concentration. On vit avec Levin la d\u00e9gradation de la situation des juifs. On fait sa connaissance \u00e0 Prague, au moment o\u00f9 les juifs sont pers\u00e9cut\u00e9s et les interdictions d\u2019exercer leurs m\u00e9tiers et fonctions entrent en vigueur ainsi que les interdictions de fr\u00e9quenter les lieux publics. On va croiser des Nazis comme Hendrix Avec lui on commence par d\u00e9couvrir \u00e0 quel point l\u2019astrologie, l\u2019occultisme, l\u2019\u00e9sot\u00e9risme sont pr\u00e9sents dans la mentalit\u00e9 et l\u2019action des responsables nazis. Je le savais d\u00e9j\u00e0 mais je n\u2019imaginais pas que c\u2019\u00e9tait pouss\u00e9 \u00e0 ce point !<br \/>\nOn va suivre le parcours des d\u00e9port\u00e9s, d\u2019abord vers Terez\u00edn (Theresienstadt) puis Auschwitz. La \u00ab\u00a0visite\u00a0\u00bb des camps est grav\u00e9e \u00e0 jamais dans ma m\u00e9moire. Auschwitz se compose d\u2019une quarantaine de camps<span class=\"Apple-converted-space\">\u00a0 <\/span>(Auschwitz\u00a0I\u00a0, Auschwitz\u00a0II-Birkenau, Auschwitz\u00a0III &#8211; Monowitz \u2026)<span class=\"Apple-converted-space\"><br \/>\n<\/span>En parall\u00e8le on suit le parcours de Francisco et son compagnon de guerre, Juanito. Bien que l\u00e9gionnaire, il va se r\u00e9v\u00e9ler moins barbare que ses co-l\u00e9gionnaires, va tomber amoureux d\u2019une jeune fille alors que ses amis s\u2019envoient en l\u2019air avec ses soeurs, des prostitu\u00e9es. Et cet amour va le mener jusqu\u2019aux camps de concentration\u2026 <span class=\"Apple-converted-space\">\u00a0<\/span><\/p>\n<p>Comme l\u2019explique l\u2019auteur dans une \u00ab\u00a0Note finale\u00a0\u00bb, il a pu \u00e9crire ce livre gr\u00e2ce \u00e0<span class=\"Apple-converted-space\">\u00a0 <\/span>des t\u00e9moignages \u00ab<i>\u00a0il existe un type de t\u00e9moignages des Sonderkommandos qui remonte \u00e0 la p\u00e9riode o\u00f9 les \u00e9v\u00e9nements se sont produits. Il s\u2019agit d\u2019un ensemble de manuscrits r\u00e9dig\u00e9s par des membres de l\u2019unit\u00e9 sp\u00e9ciale au moment des gazages, qui ont \u00e9t\u00e9 enterr\u00e9s \u00e0 proximit\u00e9 des cr\u00e9matoires afin qu\u2019on les d\u00e9couvre plus tard, une fois les camps lib\u00e9r\u00e9s. Tous leurs auteurs ont \u00e9t\u00e9 tu\u00e9s, \u00e0 l\u2019exception de Marcel Nadsari, mais leurs manuscrits nous sont parvenus. Ils constituent les r\u00e9cits les plus terrifiants de ce qu\u2019il s\u2019est r\u00e9ellement pass\u00e9 dans les chambres \u00e0 gaz.<br \/>\n<\/i><i>Quelques jours seulement apr\u00e8s la lib\u00e9ration d\u2019Auschwitz-Birkenau, en f\u00e9vrier 1945, on a trouv\u00e9 le premier de ces documents, un texte en fran\u00e7ais de Chaim Herman, et le mois suivant, certains des textes les plus importants, les manuscrits en yiddish de Zalmen Gradowski,\u00a0Schreiber\u00a0du cr\u00e9matoire num\u00e9ro 3, puis, en avril, celui de Leib Langfus,\u00a0Dayan\u00a0des Sonderkommandos, lui aussi en yiddish. Sept ans plus tard, en 1952, fut d\u00e9couvert un autre texte non sign\u00e9, mais \u00e9galement attribu\u00e9 \u00e0 Langfus, puis en 1961 et 1962, deux textes de Zalmen Lewental, \u00e9galement en yiddish. Un dernier manuscrit est apparu en 1980, \u00e9crit en grec par Marcel Nadsari, presque illisible et qui n\u2019a \u00e9t\u00e9 restaur\u00e9 qu\u2019en 2017.\u00a0<\/i>\u00bb<\/p>\n<p>Un livre qui va rester dans ma m\u00e9moire. Un livre qui est d\u2019une violence rare mais qui n\u2019est rien moins que la r\u00e9v\u00e9lation de ce qui est advenu en r\u00e9alit\u00e9. Il faut se blinder pour le lire, se pincer pour y croire, et pourtant on sait bien que c\u2019et la stricte v\u00e9rit\u00e9. Je pense qu\u2019il a d\u00fb fallu beaucoup de courage et de talent pour se pencher dans cette documentation historique et arriver \u00e0 en tirer un livre avec deux \u00ab histoires \u00bb dans l\u2019Histoire. Je sais que je ne suis pas &#8211; et loin de l\u00e0 &#8211; au bout de l\u2019horreur mais j\u2019encha\u00eene directement sur Le Manuscrit de Birkenau<span class=\"Apple-converted-space\">\u00a0 <\/span>qui ne semble \u00eatre la suite directe<span class=\"Apple-converted-space\">\u00a0 <\/span>de cette histoire (plus qu\u2019un tome 2).<\/p>\n<p><b>Extraits<\/b>:<\/p>\n<p>Aleister Crowley \u00e9tait le magus des magus, un g\u00e9ant de l\u2019occultisme, la grande autorit\u00e9 en mati\u00e8re de ph\u00e9nom\u00e8nes paranormaux. (\u2026) Le nom du grand magus ne laissait personne indiff\u00e9rent dans le milieu de la magie. Fondateur de la secte Thelema et auteur d\u2019une vaste \u0153uvre \u00e9sot\u00e9rique, le mystique anglais avait appartenu \u00e0 l\u2019Ordre herm\u00e9tique de l\u2019Aube dor\u00e9e avant de devenir le chef de la section britannique de l\u2019Ordo Templi Orientis, un ordre occultiste bas\u00e9 en Allemagne.<\/p>\n<p>Prague\u00a0?<br \/>\n\u2014Ma femme y avait de la famille. Et puis, n\u2019oubliez pas qu\u2019avec le Golem, M\u00e9phistoph\u00e9l\u00e8s, Kafka et tout le reste, cette ville est l\u2019une des plus mystiques d\u2019Europe. Quel meilleur endroit pour un magicien\u00a0?<\/p>\n<p>je suis un magicien, et je sais que derri\u00e8re chaque tour, il y a un truc. La magie est illusion, c\u2019est pour \u00e7a qu\u2019on parle d\u2019illusionnisme.<\/p>\n<p>Il ne pouvait se permettre de laisser transpara\u00eetre sa peur. L\u2019\u00eatre importait peu, seul comptait le para\u00eetre\u00a0; c\u2019\u00e9tait comme \u00e7a dans l\u2019illusionnisme et c\u2019\u00e9tait comme \u00e7a aussi dans la vie.<\/p>\n<p>la SS avait deux missions. L\u2019une est constructive. La SS est l\u2019\u00e9cole des chefs de demain, l\u2019\u00e9lite de l\u2019\u00e9lite, ce genre de choses. L\u2019autre est r\u00e9pressive. Il incombe \u00e0 la SS d\u2019\u00e9liminer les ennemis de l\u2019Allemagne, ceux qui veulent d\u00e9truire la civilisation et entra\u00eener l\u2019humanit\u00e9 dans les t\u00e9n\u00e8bres.<\/p>\n<p>Le yiddish est le dialecte des Juifs ashk\u00e9nazes d\u2019Europe centrale et orientale, bas\u00e9 principalement sur l\u2019allemand, tandis que le ladino est un dialecte des Juifs s\u00e9farades de la p\u00e9ninsule Ib\u00e9rique, essentiellement fond\u00e9 sur le castillan. La majorit\u00e9 des Juifs cultiv\u00e9s d\u2019Amsterdam \u00e9taient portugais et le portugais \u00e9tait leur premi\u00e8re langue, mais ils utilisaient le castillan comme langue litt\u00e9raire. C\u2019est pourquoi le ladino est d\u00e9riv\u00e9 du castillan, avec un peu de portugais. Or, le castillan et le portugais sont des langues latines, tout comme le roumain et\u2026<\/p>\n<p>Un petit Juif innocent aujourd\u2019hui deviendra un m\u00e9chant Juif coupable demain<\/p>\n<p>Le meurtre des Juifs est terrible, personne ne le nie. C\u2019est extr\u00eamement p\u00e9nible. Mais couper une jambe gangren\u00e9e est tout aussi difficile, non\u00a0? Il faut pourtant le faire pour sauver le reste du corps. C\u2019est la m\u00eame chose. Les Juifs sont la jambe gangren\u00e9e et l\u2019humanit\u00e9 est le corps. Nous devons couper la jambe pour sauver le corps.<span class=\"Apple-converted-space\">\u00a0<\/span><\/p>\n<p>Chaque fois que nous doutons, et la plupart d\u2019entre nous doutent, nous devons nous rappeler que nous sommes la SS, nous sommes l\u2019\u00e9lite, nous faisons le travail que personne d\u2019autre ne veut faire, le sale boulot qui doit \u00eatre fait pour le bien de l\u2019humanit\u00e9.<span class=\"Apple-converted-space\">\u00a0<\/span><\/p>\n<p>Tu es un SS. La SS n\u2019est pas un ordre militaire, c\u2019est un ordre initiatique\u00a0! Tu n\u2019es pas un soldat, tu es un moine guerrier. Nous tous, les SS, nous sommes au service de forces que nous ne comprenons pas, des forces qui viennent du cosmos et nous relient \u00e0 la transcendance\u00a0! Nous sommes l\u2019homme nouveau. Notre destin est de d\u00e9truire l\u2019homme-animal et de cr\u00e9er l\u2019homme-Dieu\u00a0! Telle est notre mission.<\/p>\n<p>Sans t\u00e9moin, il n\u2019y a pas d\u2019histoire puisque les morts ne parlent pas. Cela s\u2019est produit, mais puisque personne n\u2019a surv\u00e9cu pour raconter ce qui s\u2019y est pass\u00e9, c\u2019est comme si rien ne s\u2019\u00e9tait pass\u00e9.<\/p>\n<p>Le temps qui passe, c\u2019est la v\u00e9rit\u00e9 qui s\u2019enfuit, dit une vieille maxime fran\u00e7aise, et on pourrait en dire autant des souvenirs. Le temps joue avec eux. Il les efface, les reconstruit, voire les falsifie, un ph\u00e9nom\u00e8ne bien connu des neurosciences.<span class=\"Apple-converted-space\">\u00a0<\/span><\/p>\n<p><b>Informations<\/b>:<br \/>\n<b>L\u2019Ahnenerbe<\/b>, traduit par \u00ab\u00a0H\u00e9ritage ancestral\u00a0\u00bb (ou plus exactement Ahnenerbe Forschungs und Lehrgemeinschaft, c\u2019est-\u00e0-dire \u00ab\u00a0Soci\u00e9t\u00e9 pour la recherche et l&rsquo;enseignement sur l&rsquo;h\u00e9ritage ancestral\u00a0\u00bb), \u00e9tait un institut de recherches pluridisciplinaire nazi, cr\u00e9\u00e9 par le Reichsf\u00fchrer-SS Heinrich Himmler, Herman Wirth et Walther Darr\u00e9 le 1er juillet 1935. Int\u00e9gr\u00e9 aux SS en janvier 1939, l&rsquo;Ahnenerbe avait son si\u00e8ge \u00e0 Munich. L&rsquo;institut avait pour objet d&rsquo;\u00e9tudes \u00ab\u00a0la sph\u00e8re, l&rsquo;esprit, les hauts faits et le patrimoine de la race indo-europ\u00e9enne nordique\u00a0\u00bb avec comme outils la recherche arch\u00e9ologique, l&rsquo;anthropologie raciale et l&rsquo;histoire culturelle de la race aryenne. Son but \u00e9tait de prouver la validit\u00e9 des th\u00e9ories nazies sur la sup\u00e9riorit\u00e9 raciale des Aryens sur les races suppos\u00e9es inf\u00e9rieures ainsi que de germaniser les peuples qui occupaient le Lebensraum nazi. (Wikipedia)<\/p>\n","protected":false},"excerpt":{"rendered":"<p>L\u2019auteur\u00a0: Jos\u00e9 Ant\u00f3nio Afonso Rodrigues dos Santos, n\u00e9 le 1er avril 1964 \u00e0 Beira au Mozambique, est un journaliste et \u00e9crivain portugais. Il est actuellement le pr\u00e9sentateur phare du journal t\u00e9l\u00e9vis\u00e9 de 20 h de la cha\u00eene publique RTP1. Journaliste, reporter de guerre, pr\u00e9sentateur vedette du journal de 20h au Portugal, Jos\u00e9 Rodrigues dos Santos &hellip; <\/p>\n<p class=\"read-more\"><a class=\"readmore-btn\" href=\"https:\/\/www.cathjack.ch\/wordpress\/?p=22441\">+<span class=\"screen-reader-text\">  Read More<\/span><\/a><\/p>\n","protected":false},"author":1,"featured_media":22442,"comment_status":"open","ping_status":"open","sticky":false,"template":"","format":"standard","meta":{"_crdt_document":"","_monsterinsights_skip_tracking":false,"_monsterinsights_sitenote_active":false,"_monsterinsights_sitenote_note":"","_monsterinsights_sitenote_category":0,"footnotes":""},"categories":[1322,446,77,193,43,13,469,1,89,78],"tags":[1374,1429,911,2158,594,2501,597,427,2215,1884,977,768,1496,1763,412],"class_list":["post-22441","post","type-post","status-publish","format-standard","has-post-thumbnail","hentry","category-1322","category-serie","category-deuxieme-guerre-mondiale","category-etude-de-societe","category-histoire","category-litterature-lusitanophone","category-nazisme","category-non-classe","category-pologne","category-xxeme","tag-auschwitz","tag-camps-de-concentration","tag-deportation","tag-esoterisme","tag-genocide","tag-holocauste","tag-horreur","tag-juif","tag-litterature-portugaise","tag-mysticisme","tag-occultisme","tag-roman-historique","tag-shoah","tag-tchecoslovaquie","tag-temoignage"],"aioseo_notices":[],"_links":{"self":[{"href":"https:\/\/www.cathjack.ch\/wordpress\/index.php?rest_route=\/wp\/v2\/posts\/22441","targetHints":{"allow":["GET"]}}],"collection":[{"href":"https:\/\/www.cathjack.ch\/wordpress\/index.php?rest_route=\/wp\/v2\/posts"}],"about":[{"href":"https:\/\/www.cathjack.ch\/wordpress\/index.php?rest_route=\/wp\/v2\/types\/post"}],"author":[{"embeddable":true,"href":"https:\/\/www.cathjack.ch\/wordpress\/index.php?rest_route=\/wp\/v2\/users\/1"}],"replies":[{"embeddable":true,"href":"https:\/\/www.cathjack.ch\/wordpress\/index.php?rest_route=%2Fwp%2Fv2%2Fcomments&post=22441"}],"version-history":[{"count":5,"href":"https:\/\/www.cathjack.ch\/wordpress\/index.php?rest_route=\/wp\/v2\/posts\/22441\/revisions"}],"predecessor-version":[{"id":22456,"href":"https:\/\/www.cathjack.ch\/wordpress\/index.php?rest_route=\/wp\/v2\/posts\/22441\/revisions\/22456"}],"wp:featuredmedia":[{"embeddable":true,"href":"https:\/\/www.cathjack.ch\/wordpress\/index.php?rest_route=\/wp\/v2\/media\/22442"}],"wp:attachment":[{"href":"https:\/\/www.cathjack.ch\/wordpress\/index.php?rest_route=%2Fwp%2Fv2%2Fmedia&parent=22441"}],"wp:term":[{"taxonomy":"category","embeddable":true,"href":"https:\/\/www.cathjack.ch\/wordpress\/index.php?rest_route=%2Fwp%2Fv2%2Fcategories&post=22441"},{"taxonomy":"post_tag","embeddable":true,"href":"https:\/\/www.cathjack.ch\/wordpress\/index.php?rest_route=%2Fwp%2Fv2%2Ftags&post=22441"}],"curies":[{"name":"wp","href":"https:\/\/api.w.org\/{rel}","templated":true}]}}