{"id":22873,"date":"2025-09-11T11:52:26","date_gmt":"2025-09-11T09:52:26","guid":{"rendered":"https:\/\/www.cathjack.ch\/wordpress\/?p=22873"},"modified":"2025-09-11T12:08:14","modified_gmt":"2025-09-11T10:08:14","slug":"marchal-eric-la-ou-revent-les-etoiles-2016-1083-pages","status":"publish","type":"post","link":"https:\/\/www.cathjack.ch\/wordpress\/?p=22873","title":{"rendered":"Marchal Eric \u00ab\u00a0L\u00e0 o\u00f9 r\u00eavent les \u00e9toiles\u00a0\u00bb (2016) 1083 pages"},"content":{"rendered":"<p><b>Auteur<\/b>: \u00e9crivain fran\u00e7ais n\u00e9 \u00e0 Metz le 2 janvier 1963 qui vit actuellement \u00e0 Vittel. Eric Marchal entre \u00e0 l\u2019Universit\u00e9 de Lorraine en 1981 afin d\u2019y poursuivre des \u00e9tudes en pharmacie. Il obtient son dipl\u00f4me de docteur en pharmacie, puis entreprend une th\u00e8se dans le domaine de l\u2019immunologie. En dehors de son activit\u00e9 d\u2019\u00e9crivain, il exerce au sein d\u2019un centre de R&amp;D en tant qu\u2019expert scientifique pour la soci\u00e9t\u00e9 Nestl\u00e9.<span class=\"Apple-converted-space\"><br \/>\n<\/span>Son premier roman, Influenza (Les ombres du ciel, 2009 ; Les Lumi\u00e8res de G\u00e9henne, 2010), paru en deux tomes aux \u00e9ditions Anne Carri\u00e8re, a re\u00e7u le prix Carrefour Savoirs 2009. Il est \u00e9galement l&rsquo;auteur du livre Le Soleil sous la soie (2011)\u00a0; La Part de l\u2019aube (2013); <span style=\"color: #0000ff;\"><a style=\"color: #0000ff;\" title=\"Marchal Eric \u00ab\u00a0L\u00e0 o\u00f9 r\u00eavent les \u00e9toiles\u00a0\u00bb (2016) 1083 pages\" href=\"https:\/\/www.cathjack.ch\/wordpress\/?p=22873\">L\u00e0 o\u00f9 r\u00eavent les \u00e9toiles<\/a> <\/span>(2016)\u00a0; Les Heures indociles (2018)\u00a0; Villa Imago (2019)\u00a0;<br \/>\nTrilogie \u00abLe soleil suivant\u00bb Tome 1\u00a0: Les filles du ch\u0153ur (2021) &#8211; Tome 2 : La belle de Haarlem (2023) &#8211; Tome 3 (2024) Le pas de nos p\u00e8res<\/p>\n<p>Editions Anne Carri\u00e8re &#8211; 26.05.2016<span class=\"Apple-converted-space\">\u00a0 <\/span>719 pages<span class=\"Apple-converted-space\">\u00a0 <\/span>\/Pocket &#8211; 18.05.2017 &#8211; 1088 pages<\/p>\n<p><b>dispaR\u00e9sum\u00e9<\/b>:<\/p>\n<p>Au XIXe si\u00e8cle, il y eut une nouvelle g\u00e9n\u00e9ration de b\u00e2tisseurs de cath\u00e9drales. Ils travaillaient l&rsquo;acier, le fer et le cuivre aussi bien que la pierre, partaient \u00e0 l&rsquo;assaut du ciel comme on ne l&rsquo;avait jamais r\u00eav\u00e9 avant eux. Leur magie s&rsquo;appelait \u00ab ing\u00e9nierie \u00bb, et leurs r\u00e9alisations prenaient la forme de ponts et viaducs impossibles, d&rsquo;usines, de gares, de charpentes aux dimensions prodigieuses, de statues et de tours m\u00e9talliques g\u00e9antes. Ces hommes v\u00e9n\u00e9raient tous le m\u00eame Dieu, et le nommaient Progr\u00e8s. C&rsquo;est \u00e0 eux qu&rsquo;Eric Marchal rend aujourd&rsquo;hui hommage dans cette \u00e9poustouflante histoire de famille, d&rsquo;amiti\u00e9 et de g\u00e9nie humain. Juin 1863. Dans l&rsquo;immensit\u00e9 d\u00e9sertique de la plaine d&rsquo;Andalousie, deux hommes aux temp\u00e9raments oppos\u00e9s mais unis par la passion du progr\u00e8s vont se rencontrer. L&rsquo;un, Cl\u00e9ment Delhorme, pionnier des vols d&rsquo;altitude en ballon, est \u00e0 l&rsquo;origine des premiers mod\u00e8les de pr\u00e9vision m\u00e9t\u00e9orologique. L&rsquo;autre, Gustave Eiffel, jeune ing\u00e9nieur ambitieux, qui vient de se marier, r\u00eave de s&rsquo;\u00e9tablir \u00e0 son compte comme constructeur. \u00e0 partir de ce jour, les deux g\u00e9nies vont lier leurs destins et leurs r\u00eaves de records. Delhorme int\u00e8gre le monde dans une immense \u00e9quation dont il tente de r\u00e9soudre toutes les inconnues pendant qu&rsquo;Alicia, sa femme, s&rsquo;occupe de la r\u00e9novation des palais \u00e0 l&rsquo;abandon de l&rsquo;Alhambra. La naissance de leurs trois enfants aux caract\u00e8res si diff\u00e9rents fa\u00e7onnera la destin\u00e9e de cette famille singuli\u00e8re, pendant qu&rsquo;Eiffel forgera la sienne comme un mythe, du pont Maria Pia \u00e0 la tour qui portera son nom, ainsi qu&rsquo;\u00e0 la statue de la Libert\u00e9. Entre Paris et Grenade se d\u00e9ploient les destins crois\u00e9s de ces deux familles qui vont conna\u00eetre l&rsquo;enchantement du progr\u00e8s, dans un tourbillon de d\u00e9couvertes et d&rsquo;inventions qui ont fait de cette p\u00e9riode le socle de notre modernit\u00e9, o\u00f9 les seules limites \u00e9taient celles de l\u2019imagination.<\/p>\n<p><b>Mon avis<\/b>:<\/p>\n<p>Comme le dit si bien ce proverbe espagnol \u00ab\u00a0Le monde est un fandango et celui qui ne danse pas est un idiot.\u00a0\u00bb<\/p>\n<p>J\u2019ai beaucoup aim\u00e9 ( et heureusement car il fait plus de 1000 pages ) !<br \/>\nCe livre est un livre sur le progr\u00e8s, sur les inventions, sur la perc\u00e9e de la science dans diff\u00e9rents domaines, sur l\u2019art aussi. D\u2019un cot\u00e9 l\u2019ing\u00e9nieur, de l\u2019autre le passionn\u00e9 de vols en ballons et de m\u00e9t\u00e9orologie. Le roman mettra les intuitions de l\u2019un au service de l\u2019autre.<br \/>\nJ\u2019ai tout d\u2019abord \u00e9t\u00e9 attir\u00e9e par les b\u00e2tisseurs de cath\u00e9drale &#8211; pas vraiment le sujet du livre &#8211; (j\u2019ai lu plusieurs romans sur ce th\u00e8me ) et par Grenade et l\u2019Andalousie.<br \/>\nJ\u2019ai vite \u00e9t\u00e9 int\u00e9ress\u00e9e par le parcours de Gustave Eiffel ( que je connaissais comme tout le monde pour sa Tour parisienne) et j\u2019ai bien aim\u00e9 ce m\u00e9lange de vrai et de faux, Cl\u00e9ment Delhorme ayant pris naissance dans l\u2019imagination de l\u2019auteur. On croisera aussi Bartholdi \u00e0 qui l\u2019on doit la Statue de la Libert\u00e9 et on suivra la restauration de l\u2019Alhambra gr\u00e2ce au personnage de la femme de Delhorme et de Contreras. Grenade qui vivra sous nos yeux avec les gitans, le flamenco, les \u00ab neveros \u00bb la vie au XIX\u00e8me et au XX\u00e8me si\u00e8cle.<span class=\"Apple-converted-space\"><br \/>\n<\/span>Le roman se d\u00e9roule sur deux temporalit\u00e9s : 1860 et 1918. Des chemins de vie bien diff\u00e9rents dans ces deux familles ( la vraie et la fausse) mais je dois dire que j\u2019ai trouv\u00e9 les personnages fictifs (la famille Delorme) plus attachants que la famille Eiffel. Mais il faut dire que r\u00eaver aux \u00e9toiles et restaurer l\u2019Alhambra me correspondent nettement plus que de b\u00e2tir des structures m\u00e9talliques\u2026 Entre art et math\u00e9matiques, mon coeur balance toujours du c\u00f4t\u00e9 moins terre-\u00e0-terre\u2026 Gloire \u00e0 ce si\u00e8cle de progr\u00e8s et de d\u00e9couvertes scientifiques et \u00e0 la mani\u00e8re dont l\u2019auteur nous a amen\u00e9 \u00e0 aimer les chemins de vie de ces personnages aux gouts si diff\u00e9rents et pourtant si compl\u00e9mentaires. On y parle aussi des d\u00e9buts de la photographie (Gustave Le Gray) , des grands magasins (Bon March\u00e9), des auteurs comme Zola, Victor Hugo, des universit\u00e9s qui s\u2019ouvrent aux femmes(Zurich, Berne), d\u2019inventions comme les machines \u00e0 glace ou le frigo, de l\u2019importance de d\u00e9poser des brevets pour les inventions. J\u2019ai \u00e9galement appris dans les notes de fin du livre que \u00ab l\u2019Alhambra de Grenade fut sauv\u00e9 de la ruine et des pillages gr\u00e2ce \u00e0 l\u2019ouvrage de l\u2019\u00e9crivain am\u00e9ricain Washington Irving, qui attira l\u2019attention sur son \u00e9tat de d\u00e9gradation dans la premi\u00e8re partie du XIXe si\u00e8cle et surtout gr\u00e2ce \u00e0 la r\u00e9novation effectu\u00e9e par la famille d\u2019architectes Contreras. Rafael en fut la seconde g\u00e9n\u00e9ration et dirigea les travaux pendant plusieurs d\u00e9cennies. \u00bb<\/p>\n<p>35 ans apr\u00e8s son d\u00e9part, Mlle Delhorme est de retour \u00e0 Grenade\u2026 Elle revient sur les traces de son pass\u00e9. Imm\u00e9diatement elle retrouve des personnages de sa jeunesse, comme Kalia.<br \/>\nUn livre passionnant tant par l\u2019<strong>H<\/strong>istoire (avec un grand H) et l\u2019<strong>h<\/strong>istoire des personnages et des familles et personnages qui sont les acteurs du roman. Une vraie saga familiale et un roman sur le progr\u00e8s et les pionniers dans diff\u00e9rents domaines. M\u00eame si il y a m\u00e9lange de personnages ayant exist\u00e9 et personnages invent\u00e9s, les faits sont av\u00e9r\u00e9s, les chantiers et inventions sont vraies.<span class=\"Apple-converted-space\">\u00a0<\/span><\/p>\n<p><b>Extraits<\/b>:<span class=\"Apple-converted-space\">\u00a0<\/span><\/p>\n<p>Les math\u00e9matiques sont la r\u00e9ponse \u00e0 toutes les sciences, rien ne peut leur \u00e9chapper, de l\u2019astronomie \u00e0 la m\u00e9decine, de la chimie \u00e0 l\u2019architecture, du quotidien \u00e0 l\u2019exceptionnel. Elles sont le ciment\u2026<\/p>\n<p>Le vent est l\u2019ennemi des b\u00e2tisseurs et nous avons besoin de calculs de plus en plus pr\u00e9cis.<\/p>\n<p>La visite fut un \u00e9merveillement architectural qui lui permit d\u2019admirer toutes les connaissances des b\u00e2tisseurs nasrides et le savoir-faire des r\u00e9novations d\u2019Alicia.<span class=\"Apple-converted-space\">\u00a0<\/span><\/p>\n<p>Dans la rue en contrebas, une guitare entama un flamenco furieux auquel r\u00e9pondirent les claquements de pieds rageurs d\u2019une danseuse, rapidement \u00e9touff\u00e9s par une conversation joyeuse et bruyante.<\/p>\n<p>\u2014\u00a0Je peux juste vous dire qu\u2019il contient des ingr\u00e9dients volatils, indiqua Cl\u00e9ment, amus\u00e9.<br \/>\n\u2014\u00a0Volatils\u00a0? \u00c7a vient des poules, alors\u00a0? demanda Irving.<\/p>\n<p>Ceux qui croient en Dieu ont le droit de faire appel \u00e0 son concours, ceux qui croient dans la science savent qu\u2019on finira dans les temps.<\/p>\n<p>Cette couleur \u00e9tait la seule qui \u00e9chappait encore \u00e0 leurs travaux de r\u00e9novation. Ils avaient r\u00e9ussi \u00e0 r\u00e9pliquer les verts \u00e0 partir de sels de cuivre, les bleus gr\u00e2ce au cobalt et les jaunes par un m\u00e9lange de fer et mangan\u00e8se, mais n\u2019avaient pas perc\u00e9 le myst\u00e8re du rouge.<\/p>\n<p>\u2014\u00a0Un secret, c\u2019est un tr\u00e9sor qui doit rester cach\u00e9 de tous comme s\u2019il n\u2019avait jamais exist\u00e9.<br \/>\n\u2014\u00a0Alors, c\u2019est une l\u00e9gende\u00a0!<\/p>\n<p>Ils faisaient partie de ces b\u00e2tisseurs qui d\u00e9fiaient les \u00e9l\u00e9ments, les hommes et leurs dieux.<\/p>\n<p>\u2014\u00a0Analyser, anticiper et innover, expliqua le ma\u00eetre d\u2019\u0153uvre. Analyser tous nos points forts et nos faiblesses, pour b\u00e2tir sur les premiers et anticiper les seconds. Et innover, innover sans cesse, mais sans prendre de risques sur l\u2019essentiel.<\/p>\n<p>J\u2019aimerais que Dieu m\u2019oublie, tu sais. Je vous aime, je vous aime tous, mais je me sens irr\u00e9sistiblement attir\u00e9e par le vaste monde. L\u2019ailleurs est ma maison, papa.<\/p>\n<p>la photographie \u00e9tait l\u2019art de l\u2019apprivoisement et de la s\u00e9duction. Apprivoisement de la chambre noire et s\u00e9duction du photographe pour son mod\u00e8le<\/p>\n<p>\u2014\u00a0As-tu remarqu\u00e9 comme il est difficile de se parler quand on a trop \u00e0 se dire, l\u00e2cha Javier, avec un frisson d\u2019\u00e9motion.<\/p>\n<p>Ce sont toujours les d\u00e9tails qu\u2019on retient dans les moments importants<\/p>\n<p>\u2014\u00a0On lui manque \u00e0 la mani\u00e8re des souvenirs d\u2019enfance. Comme un livre que l\u2019on prend quand on a le spleen et qu\u2019on repose ensuite.<\/p>\n<p>&nbsp;<\/p>\n","protected":false},"excerpt":{"rendered":"<p>Auteur: \u00e9crivain fran\u00e7ais n\u00e9 \u00e0 Metz le 2 janvier 1963 qui vit actuellement \u00e0 Vittel. Eric Marchal entre \u00e0 l\u2019Universit\u00e9 de Lorraine en 1981 afin d\u2019y poursuivre des \u00e9tudes en pharmacie. Il obtient son dipl\u00f4me de docteur en pharmacie, puis entreprend une th\u00e8se dans le domaine de l\u2019immunologie. En dehors de son activit\u00e9 d\u2019\u00e9crivain, il &hellip; <\/p>\n<p class=\"read-more\"><a class=\"readmore-btn\" href=\"https:\/\/www.cathjack.ch\/wordpress\/?p=22873\">+<span class=\"screen-reader-text\">  Read More<\/span><\/a><\/p>\n","protected":false},"author":1,"featured_media":22874,"comment_status":"open","ping_status":"open","sticky":false,"template":"","format":"standard","meta":{"_crdt_document":"","_monsterinsights_skip_tracking":false,"_monsterinsights_sitenote_active":false,"_monsterinsights_sitenote_note":"","_monsterinsights_sitenote_category":0,"footnotes":""},"categories":[496,583,23,202,98,43,12,559,1,100,233,45,78],"tags":[613,2608,2610,254,197,1165,2090,1358,503,417,2612,226,1163,2606,1576,2614,584,2607,1119,314,2529,1522,768,1273,365,2611,2613,2609],"class_list":["post-22873","post","type-post","status-publish","format-standard","has-post-thumbnail","hentry","category-496","category-coup-de-coeur","category-espagne","category-etats-unis","category-france","category-histoire","category-litterature-france","category-new-york","category-non-classe","category-paris","category-usa","category-xixeme","category-xxeme","tag-adultere","tag-aeronef","tag-alhambra","tag-amitie","tag-amour","tag-andalousie","tag-conditions-meteorologiques","tag-courtisane","tag-destin","tag-disparition","tag-exposition-universelle","tag-feminisme","tag-grenade","tag-gustave-eiffel","tag-ingenieurs","tag-inventions","tag-photographie","tag-pionnier","tag-progres","tag-rapports-familiaux","tag-relation-frere-soeur","tag-restauration-dart","tag-roman-historique","tag-saga-familiale","tag-science","tag-statue-de-la-liberte","tag-tour-eiffel","tag-vol-ascensionnel"],"aioseo_notices":[],"_links":{"self":[{"href":"https:\/\/www.cathjack.ch\/wordpress\/index.php?rest_route=\/wp\/v2\/posts\/22873","targetHints":{"allow":["GET"]}}],"collection":[{"href":"https:\/\/www.cathjack.ch\/wordpress\/index.php?rest_route=\/wp\/v2\/posts"}],"about":[{"href":"https:\/\/www.cathjack.ch\/wordpress\/index.php?rest_route=\/wp\/v2\/types\/post"}],"author":[{"embeddable":true,"href":"https:\/\/www.cathjack.ch\/wordpress\/index.php?rest_route=\/wp\/v2\/users\/1"}],"replies":[{"embeddable":true,"href":"https:\/\/www.cathjack.ch\/wordpress\/index.php?rest_route=%2Fwp%2Fv2%2Fcomments&post=22873"}],"version-history":[{"count":5,"href":"https:\/\/www.cathjack.ch\/wordpress\/index.php?rest_route=\/wp\/v2\/posts\/22873\/revisions"}],"predecessor-version":[{"id":22879,"href":"https:\/\/www.cathjack.ch\/wordpress\/index.php?rest_route=\/wp\/v2\/posts\/22873\/revisions\/22879"}],"wp:featuredmedia":[{"embeddable":true,"href":"https:\/\/www.cathjack.ch\/wordpress\/index.php?rest_route=\/wp\/v2\/media\/22874"}],"wp:attachment":[{"href":"https:\/\/www.cathjack.ch\/wordpress\/index.php?rest_route=%2Fwp%2Fv2%2Fmedia&parent=22873"}],"wp:term":[{"taxonomy":"category","embeddable":true,"href":"https:\/\/www.cathjack.ch\/wordpress\/index.php?rest_route=%2Fwp%2Fv2%2Fcategories&post=22873"},{"taxonomy":"post_tag","embeddable":true,"href":"https:\/\/www.cathjack.ch\/wordpress\/index.php?rest_route=%2Fwp%2Fv2%2Ftags&post=22873"}],"curies":[{"name":"wp","href":"https:\/\/api.w.org\/{rel}","templated":true}]}}