{"id":2327,"date":"2015-11-14T12:00:17","date_gmt":"2015-11-14T11:00:17","guid":{"rendered":"http:\/\/www.cathjack.ch\/wordpress\/?p=2327"},"modified":"2021-12-26T17:28:39","modified_gmt":"2021-12-26T15:28:39","slug":"schenkel-andrea-maria-la-ferme-du-crime-2008","status":"publish","type":"post","link":"https:\/\/www.cathjack.ch\/wordpress\/?p=2327","title":{"rendered":"Schenkel, Andrea Maria \u00ab La ferme du crime \u00bb (2008)"},"content":{"rendered":"<p>&nbsp;<\/p>\n<p><strong>Autrice\u00a0<\/strong>:<br \/>\nAndrea Maria Schenkel, n\u00e9e le 21 mars 1962 \u00e0 Ratisbonne en Allemagne, est une romanci\u00e8re de langue allemande.<br \/>\n<strong>Romans<\/strong>\u00a0:\u00a0<span style=\"color: #0000ff;\"><a style=\"color: #0000ff;\" href=\"https:\/\/www.cathjack.ch\/wordpress\/?p=2327\"><em>La Ferme du crime<\/em><\/a>\u00a0<\/span>(2008) \u2013\u00a0<em>Un tueur \u00e0 Munich<\/em>\u00a0(2009) \u2013\u00a0<em>Bunker<\/em>\u00a0(2010) \u2013\u00a0<span style=\"color: #0000ff;\"><em><a style=\"color: #0000ff;\" href=\"https:\/\/www.cathjack.ch\/wordpress\/?p=1901\">Finsterau<\/a>\u00a0<\/em><\/span>(2015) \u2013\u00a0<em>Tromperie<\/em>\u00a0(2020)<\/p>\n<p><strong>R\u00e9sum\u00e9<\/strong> : Toute une famille fut assassin\u00e9e, en 1920, \u00e0 Tann\u00f6d, un hameau de Bavi\u00e8re. L&rsquo;affaire n&rsquo;a jamais \u00e9t\u00e9 r\u00e9solue. Andrea Maria Schenkel, \u00e0 la mani\u00e8re de Truman Capote dans De sang-froid, par la voix des diff\u00e9rents t\u00e9moins, reprend cette sinistre histoire pour la placer dans les ann\u00e9es 1950. Vaches qui s&rsquo;agitent \u00e0 l&rsquo;\u00e9table, vent qui balaie les flocons, coins sombres derri\u00e8re les granges, petite fille qui, la nuit, a peur du loup, brouillard matinal pesant&#8230; Tous les ingr\u00e9dients de l&rsquo;inqui\u00e9tude sont l\u00e0, dans une r\u00e9gion catholique tr\u00e8s d\u00e9vote, sur fond d&rsquo;Allemagne impr\u00e9gn\u00e9e de d\u00e9sastre, un pays o\u00f9 les ranc\u0153urs sont vives, un imp\u00e9ratif : se d\u00e9brouiller pour trouver de quoi vivre. Un soir, une jeune femme, Barbara, son beau-p\u00e8re, sa m\u00e8re, et ses deux enfants ont \u00e9t\u00e9 assassin\u00e9s sauvagement. Barbara avait \u00e9t\u00e9 abus\u00e9e par son beau-p\u00e8re, qui en avait d\u00e9j\u00e0 harcel\u00e9 d&rsquo;autres. Plusieurs personnes pouvaient avoir envie de le tuer, ou leurs proches de se venger. Et la ferme de Tann\u00f6d repr\u00e9sente un gros capital, convoit\u00e9 par beaucoup. Encore frissonnant, hant\u00e9 par les voix des t\u00e9moins &#8211; instituteur, cur\u00e9, voisins&#8230; -, le lecteur referme le livre avec un coupable quasi certain, mais le malaise perdure, parce que l\u00e0-haut, \u00e0 Tann\u00f6d, les relations n&rsquo;\u00e9taient pas si simples entre les individus et que le monde paysan est fait de secrets, de ranc\u0153urs et de non-dits. La Ferme du crime (Tann\u00f6d) a \u00e9t\u00e9 class\u00e9 meilleur roman criminel du printemps 2006 par les libraires allemands. Une adaptation th\u00e9\u00e2trale sera mise en sc\u00e8ne \u00e0 Innsbruck (Autriche) puis \u00e0 Dresde (Allemagne) au printemps 2008.<\/p>\n<p><strong>Mon avis<\/strong> : Deuxi\u00e8me roman \u2013 tr\u00e8s court \u2013 que je lis de cet auteur. Une description et un t\u00e9moignage de la r\u00e9alit\u00e9 de l\u2019apr\u00e8s-guerre dans les campagnes allemandes. Tout est dans le non-dit. Fort, puissant, d\u00e9rangeant..<br \/>\n<strong><br \/>\nExtraits<\/strong> :<br \/>\nJe me suis s\u00fbrement tromp\u00e9, et il y avait personne, mais l\u2019ombre, ma voix int\u00e9rieure, mon impression, je sais pas.<\/p>\n<p>\u00c0 cause d\u2019une blessure \u00e0 la jambe, il a \u00e9t\u00e9 exempt\u00e9 pour invalidit\u00e9. \u00ab Adolf avait besoin d\u2019hommes, pas d\u2019estropi\u00e9s. Comme \u00e7a, il pouvait les estropier lui-m\u00eame \u00bb, disait-il avec un rire malicieux en tapotant sa jambe.<\/p>\n<p>Il faut pas dire du mal des morts, c\u2019est pour \u00e7a que j\u2019aime pas parler d\u2019eux.<\/p>\n<p>C\u2019est comme \u00e7a, quand on a re\u00e7u des coups toute sa vie, on les rend l\u00e0 o\u00f9 on peut.<\/p>\n<p>Est-ce que tu peux voir dans les t\u00eates, dans les c\u0153urs ? Moi, je suis rest\u00e9 enferm\u00e9 toute ma vie, enferm\u00e9. Et tout d\u2019un coup, un nouveau monde s\u2019ouvre \u00e0 moi, une nouvelle vie. Tu sais ce que c\u2019est ?<br \/>\nJe te le dis, on est tout seul toute sa vie. On na\u00eet seul et on meurt seul. Et entre les deux, j\u2019\u00e9tais prisonnier de mon corps, prisonnier de mon d\u00e9sir.<br \/>\nJe te le dis, il y a pas de Dieu dans ce monde, il y a juste l\u2019enfer. Et l\u2019enfer, il est sur terre, dans nos t\u00eates, dans nos c\u0153urs.<br \/>\nLe d\u00e9mon est en chacun de nous et chacun peut le faire sortir \u00e0 tout moment. \u00bb<\/p>\n<p>&nbsp;<\/p>\n<p>du m\u00eame auteur : &#8211; <a href=\"http:\/\/www.cathjack.ch\/wordpress\/?p=1901\"><strong>Schenkel, Andrea Maria<\/strong> \u00ab Finsterau \u00bb (2015)<\/a><\/p>\n","protected":false},"excerpt":{"rendered":"<p>&nbsp; Autrice\u00a0: Andrea Maria Schenkel, n\u00e9e le 21 mars 1962 \u00e0 Ratisbonne en Allemagne, est une romanci\u00e8re de langue allemande. Romans\u00a0:\u00a0La Ferme du crime\u00a0(2008) \u2013\u00a0Un tueur \u00e0 Munich\u00a0(2009) \u2013\u00a0Bunker\u00a0(2010) \u2013\u00a0Finsterau\u00a0(2015) \u2013\u00a0Tromperie\u00a0(2020) R\u00e9sum\u00e9 : Toute une famille fut assassin\u00e9e, en 1920, \u00e0 Tann\u00f6d, un hameau de Bavi\u00e8re. L&rsquo;affaire n&rsquo;a jamais \u00e9t\u00e9 r\u00e9solue. Andrea Maria Schenkel, \u00e0 &hellip; <\/p>\n<p class=\"read-more\"><a class=\"readmore-btn\" href=\"https:\/\/www.cathjack.ch\/wordpress\/?p=2327\">+<span class=\"screen-reader-text\">  Read More<\/span><\/a><\/p>\n","protected":false},"author":1,"featured_media":2328,"comment_status":"open","ping_status":"open","sticky":false,"template":"","format":"standard","meta":{"_crdt_document":"","_monsterinsights_skip_tracking":false,"_monsterinsights_sitenote_active":false,"_monsterinsights_sitenote_note":"","_monsterinsights_sitenote_category":0,"footnotes":""},"categories":[2,7,54],"tags":[],"class_list":["post-2327","post","type-post","status-publish","format-standard","has-post-thumbnail","hentry","category-lectures","category-romans-histoire","category-litterature-allemande"],"aioseo_notices":[],"_links":{"self":[{"href":"https:\/\/www.cathjack.ch\/wordpress\/index.php?rest_route=\/wp\/v2\/posts\/2327","targetHints":{"allow":["GET"]}}],"collection":[{"href":"https:\/\/www.cathjack.ch\/wordpress\/index.php?rest_route=\/wp\/v2\/posts"}],"about":[{"href":"https:\/\/www.cathjack.ch\/wordpress\/index.php?rest_route=\/wp\/v2\/types\/post"}],"author":[{"embeddable":true,"href":"https:\/\/www.cathjack.ch\/wordpress\/index.php?rest_route=\/wp\/v2\/users\/1"}],"replies":[{"embeddable":true,"href":"https:\/\/www.cathjack.ch\/wordpress\/index.php?rest_route=%2Fwp%2Fv2%2Fcomments&post=2327"}],"version-history":[{"count":3,"href":"https:\/\/www.cathjack.ch\/wordpress\/index.php?rest_route=\/wp\/v2\/posts\/2327\/revisions"}],"predecessor-version":[{"id":15069,"href":"https:\/\/www.cathjack.ch\/wordpress\/index.php?rest_route=\/wp\/v2\/posts\/2327\/revisions\/15069"}],"wp:featuredmedia":[{"embeddable":true,"href":"https:\/\/www.cathjack.ch\/wordpress\/index.php?rest_route=\/wp\/v2\/media\/2328"}],"wp:attachment":[{"href":"https:\/\/www.cathjack.ch\/wordpress\/index.php?rest_route=%2Fwp%2Fv2%2Fmedia&parent=2327"}],"wp:term":[{"taxonomy":"category","embeddable":true,"href":"https:\/\/www.cathjack.ch\/wordpress\/index.php?rest_route=%2Fwp%2Fv2%2Fcategories&post=2327"},{"taxonomy":"post_tag","embeddable":true,"href":"https:\/\/www.cathjack.ch\/wordpress\/index.php?rest_route=%2Fwp%2Fv2%2Ftags&post=2327"}],"curies":[{"name":"wp","href":"https:\/\/api.w.org\/{rel}","templated":true}]}}