{"id":23641,"date":"2026-01-20T18:33:25","date_gmt":"2026-01-20T16:33:25","guid":{"rendered":"https:\/\/www.cathjack.ch\/wordpress\/?p=23641"},"modified":"2026-01-20T18:36:53","modified_gmt":"2026-01-20T16:36:53","slug":"van-cauwelaert-didier-le-journal-intime-dun-arbre-2011-186-pages","status":"publish","type":"post","link":"https:\/\/www.cathjack.ch\/wordpress\/?p=23641","title":{"rendered":"Van Cauwelaert, Didier \u00abLe Journal intime d\u2019un arbre\u00bb (2011) 186 pages"},"content":{"rendered":"<p><strong>Auteur\u00a0<\/strong>:\u00a0 Didier van Cauwelaert est un \u00e9crivain fran\u00e7ais, n\u00e9 le 29 juillet 1960 \u00e0 Nice d\u2019une famille d\u2019origine belge. Il cumule prix litt\u00e9raires et succ\u00e8s public depuis ses d\u00e9buts. Prix Goncourt pour\u00a0Un aller simple\u00a0en 1994.<\/p>\n<p><strong>Romans<\/strong>\u00a0: Vingt ans et des poussi\u00e8res,\u00a01982 \u2013 Poisson d\u2019amour,\u00a01984 \u2013 Les Vacances du fant\u00f4me,\u00a01986 \u2013 L\u2019Orange am\u00e8re,\u00a01988 \u2013 Un objet en souffrance,\u00a01991 \u2013 Cheyenne,\u00a01993 \u2013 <em>Un aller simple<\/em>,\u00a01994 \u2013 <em>La Vie interdite<\/em>,\u00a01997 \u2013 Corps \u00e9tranger,\u00a01998 \u2013 <em>La Demi-pensionnaire<\/em>,\u00a01999 \u2013 <em>L\u2019\u00c9ducation d\u2019une f\u00e9e<\/em>,\u00a02000 \u2013 <em>L\u2019Apparition<\/em>,\u00a02001 \u2013 <em>Rencontre sous X<\/em>,\u00a02002 \u2013 <em>Hors de moi<\/em>,\u00a02003 \u2013 <em>L\u2019\u00c9vangile de Jimmy<\/em>,\u00a02004 \u2013 Attirances,\u00a02005 \u2013 <em>Le P\u00e8re adopt\u00e9<\/em>,\u00a02007 \u2013 <em>La Nuit derni\u00e8re au XVe si\u00e8cle<\/em>, 2008 \u2013 <em>La Maison des lumi\u00e8res<\/em>,\u00a02009 \u2013 Thomas Drimm \u2013 Tome 1\u00a0:\u00a0La fin du monde tombe un jeudi, 2009 \u2013 <em>Les T\u00e9moins de la mari\u00e9e<\/em>,\u00a02010 \u2013 Thomas Drimm \u2013 Tome 2\u00a0:\u00a0La guerre des arbres commence le 13, 2010 \u2013 <span style=\"color: #0000ff;\"><a style=\"color: #0000ff;\" title=\"Van Cauwelaert, Didier \u00abLe Journal intime d\u2019un arbre\u00bb (2011) 186 pages\" href=\"https:\/\/www.cathjack.ch\/wordpress\/?p=23641\">Le Journal intime d\u2019un arbre<\/a><\/span>,\u00a02011- Double identit\u00e9,\u00a02012 \u2013 La Femme de nos vies,\u00a02013 \u2013 \u00a0\u00ab<span style=\"color: #0000ff;\">\u00a0<a style=\"color: #0000ff;\" href=\"https:\/\/www.cathjack.ch\/wordpress\/?p=1926\">Le principe de Pauline\u00a0\u00bb (2014)<\/a><\/span>\u00a0, \u00a0<span style=\"color: #0000ff;\"><a style=\"color: #0000ff;\" href=\"http:\/\/www.cathjack.ch\/wordpress\/?p=3067\">\u00abJules\u00bb (2015)<\/a>\u00a0<\/span>,\u00a0On dirait nous (2016)\u00a0\u00a0et\u00a0\u00ab<span style=\"color: #0000ff;\"><a style=\"color: #0000ff;\" href=\"https:\/\/www.cathjack.ch\/wordpress\/?p=4452\">Le Retour de Jules<\/a><\/span>\u00bb (2017)\u00a0\u00a0exceptionnels succ\u00e8s de librairie. En tant que metteur en sc\u00e8ne, il vient de r\u00e9aliser pour le cin\u00e9ma \u00ab\u00a0<span style=\"color: #0000ff;\"><a style=\"color: #0000ff;\" href=\"https:\/\/www.cathjack.ch\/wordpress\/?p=6602\">J\u2019ai perdu Albert<\/a>\u00a0<\/span>\u00bb (Roman sorti en 2018),\u00a0<span style=\"color: #0000ff;\"><a style=\"color: #0000ff;\" href=\"https:\/\/www.cathjack.ch\/wordpress\/?p=8615\">La Personne de confiance<\/a><\/span>\u00a0(2019), <span style=\"color: #0000ff;\"><a style=\"color: #0000ff;\" href=\"https:\/\/www.cathjack.ch\/wordpress\/?p=13057\">L\u2019Inconnue du 17 mars<\/a> <\/span>(2020), Le pouvoir des animaux (2021) &#8211; Une vraie m\u00e8re\u2026 oui presque (2022), La Vie Absolue (2023), L\u2019Enfant qui sauva la terre (2023), L\u2019impasse des r\u00eaves (2025)<\/p>\n<p>Michel Lafon, 13. 10.2011 \u2013 251 pages \/ Le livre de poche &#8211; 08.05. 2013 &#8211; 186 pages<\/p>\n<p><b>R\u00e9sum\u00e9<\/b>\u00a0:<br \/>\n\u00ab\u00a0On m&rsquo;appelle Tristan, j&rsquo;ai trois cents ans et j&rsquo;ai connu toute la gamme des \u00e9motions humaines. Je suis tomb\u00e9 au lever du jour. Une nouvelle vie commence pour moi &#8211; mais sous quelle forme ? Ma conscience et ma m\u00e9moire habiteront-elles chacune de mes b\u00fbches, ou la statuette qu&rsquo;une jeune fille a sculpt\u00e9e dans mon bois? Ballott\u00e9 entre les secrets de mon pass\u00e9 et les rebondissements du pr\u00e9sent, li\u00e9 malgr\u00e9 moi au devenir des deux amants dont je fus la passion commune, j&rsquo;essaie de comprendre pourquoi je survis.<span class=\"Apple-converted-space\"><br \/>\n<\/span>Ai-je une utilit\u00e9, une mission, un moyen d&rsquo;agir sur le destin de ceux qui m&rsquo;ont aim\u00e9 ? \u00ab<\/p>\n<p><b>Mon avis<\/b>:<br \/>\nJ\u2019aime toujours retrouver la plume sensible de cet auteur de temps en temps. Et moi qui tremble \u00e0 chaque temp\u00eate pour les branches de mon vieux poirier qui continue de faire des poires mais qui sont immangeables m\u00eame si on les fait cuire des heures\u2026 j\u2019avoue que j\u2019ai \u00e9t\u00e9 boulevers\u00e9e quand le vieux poirier s\u2019est couch\u00e9 et a commenc\u00e9 \u00e0 partager le journal de sa vie avec nous\u2026<\/p>\n<p>J\u2019ai aussi bien aim\u00e9 le vocabulaire employ\u00e9 par l\u2019auteur, en rapport avec les arbres, les branches\u2026<span class=\"Apple-converted-space\">\u00a0<\/span><\/p>\n<p>Ce livre nous parle de connexion entre les humains et la nature, et pour une fois du point de vue de l\u2019arbre, qui vient de tomber mais reste encore connect\u00e9 \u00e0 la vie\u2026Il va nous livrer sa longue vie sur terre via ses confidences, son journal intime. Car en trois cent ans &#8211; il est n\u00e9 en 1727 et est arriv\u00e9 dans le jardin en 1731, il en a connu des \u00eatres, il a fr\u00e9quent\u00e9 du beau monde et assist\u00e9 \u00e0 bien des \u00e9v\u00e9nements. Il a \u00e9t\u00e9 d\u00e9racin\u00e9 et a d\u00fb s\u2019adapter \u00e0 un nouvel environnement. Les racines dans la terre il se connectait aux v\u00e9g\u00e9taux, aux animaux, aux humains. Maintenant qu\u2019il est pour ainsi dire d\u00e9connect\u00e9 du sol, que va-t-il lui arriver ?<\/p>\n<p>Les personnages principaux:<span class=\"Apple-converted-space\">\u00a0<\/span><\/p>\n<p>&#8211; Tristan, le<span class=\"Apple-converted-space\">\u00a0 <\/span>vieux poirier et \u00a0Isolde, l\u2019autre poirier , plant\u00e9 en m\u00eame temps que lui.<br \/>\n&#8211; Georges Lannes, dans le jardin duquel l\u2019arbre, \u00ab\u00a0Tristan\u00a0\u00bb avait \u00e9t\u00e9 plant\u00e9 il y a pr\u00e8s de trois cent ans<br \/>\n&#8211; Yannis Karras, l\u2019\u00e9crivain, en train de reconstituer l\u2019historique de l\u2019arbre pour qu\u2019il soit inventori\u00e9 dans les Arbres remarquables de France. Malheureusement cela ne va plus pourvoir se faire, car il faut que l\u2019arbre soit vivant\u2026 Le projet de raconter la vie de ce g\u00e9ant sera-t-il d\u00e9finitivement enterr\u00e9 ? Va-t-on glorifier son existence en<span class=\"Apple-converted-space\">\u00a0 <\/span>\u00e9crivant une biographie de l\u2019arbre, un film ? Car la vie de Tristan vaudrait la peine qu\u2019on en parle\u2026 Il a vu tellement de choses\u2026 il est reli\u00e9 \u00e0 la religion, \u00e0 la Revolution, aux gu\u00e9risseuses, au bucher des sorci\u00e8res, aux ex\u00e9cutions par pendaison,<span class=\"Apple-converted-space\">\u00a0 <\/span>\u00e0 Napol\u00e9on III, Dreyfus, \u00e0 la guerre, \u00e0 la R\u00e9sistance, \u00e0 l&rsquo;Histoire\u2026<br \/>\n&#8211; Manon, la petite fille des voisins qui sculpte dans le bois de l\u2019arbre et va choisir son nom pour en faire son nom d&rsquo;artiste \u00ab\u00a0Tristane\u00a0\u00bb<\/p>\n<p>Le poirier va nous faire voyager, nous relier aux chamanes, \u00e0 la d\u00e9forestation, aux Indiens\u2026<span class=\"Apple-converted-space\">\u00a0<\/span><\/p>\n<p>Et ce livre va parler de souvenirs, relier le pass\u00e9 au pr\u00e9sent, connecter des mondes, va \u00eatre rempli d\u2019\u00e9motions et de connexions par del\u00e0 les temps et les univers, relier des personnes bien diff\u00e9rences par la simple existence d\u2019une statuette sculpt\u00e9e dans du bois de poirier qui aura chang\u00e9 la destin\u00e9e de bien des individus\u2026<\/p>\n<p>Je vous invite \u00e0 partager la vie de Tristan, qui se r\u00e9v\u00e9lera \u00eatre un poirier maudit, issu de la mort\u2026 et \u00e0 profiter de la nature et de la pr\u00e9sence bienveillante et protectrice des arbres\u2026<\/p>\n<p><b>Extraits<\/b>:<span class=\"Apple-converted-space\">\u00a0<\/span><\/p>\n<p>Le \u00ab\u00a0moi\u00a0\u00bb d\u2019un arbre, d\u2019abord, qu\u2019est-ce\u00a0? L\u2019instinct de survie, l\u2019\u00e9lan de croissance, l\u2019empathie avec l\u2019entourage, les conflits d\u2019espace et d\u2019esp\u00e8ces, la connaissance des alli\u00e9s, des parasites, des pr\u00e9dateurs et l\u2019activit\u00e9 qui en d\u00e9coule\u00a0? Ou bien la simple contagion de votre ego\u00a0?<\/p>\n<p>La m\u00e9moire collective, \u00e0 force de m\u2019associer \u00e0 tous les drames du coin, avait fini par m\u2019en tenir responsable. J\u2019avais br\u00fbl\u00e9 une sorci\u00e8re, pendu des pr\u00eatres, suicid\u00e9 un po\u00e8te, estropi\u00e9 un Anglais, fusill\u00e9 un enfant\u2026 Sans compter l\u2019\u00e9lagueur que j\u2019avais fait tomber la t\u00eate la premi\u00e8re dans le coma, d\u2019o\u00f9 il n\u2019\u00e9tait toujours pas ressorti. J\u2019avais le mauvais \u0153il.<\/p>\n<p>v\u00e9g\u00e9taux et animaux ne perdent jamais ce qui est grav\u00e9 dans leurs g\u00e8nes, tandis que les humains ont tendance \u00e0 devenir des machines qui pensent mais n\u2019imaginent plus.<\/p>\n<p>Tandis qu\u2019on me d\u00e9membre, je me branche sur la famille et les pi\u00e8ces rapport\u00e9es.<\/p>\n<p>D\u2019un regard en biais, elles comparent l\u2019\u00e9tat de leur vieillissement. Deux conceptions diff\u00e9rentes\u00a0: l\u2019une d\u00e9rid\u00e9e \u00e0 l\u2019extr\u00eame comme un bois trop poli, l\u2019autre en harmonie r\u00e9sign\u00e9e avec ses nervures.<\/p>\n<p>Autant ma pr\u00e9sence mouvante dans son esprit, la refonte de mes formes par le travail de ses souvenirs p\u00e9rennise nos liens et me donne un surcro\u00eet d\u2019existence, autant les images mortes fig\u00e9es dans le pass\u00e9 bloquent mon \u00e9volution.<\/p>\n<p>Moi aussi, j\u2019ignore d\u2019o\u00f9 je viens. Mes racines en ont perdu le souvenir dans leurs efforts pour assimiler un nouveau sol et s\u2019adapter \u00e0 lui.<\/p>\n<p>\u00ab\u00a0Le souvenir se remet \u00e0 vivre quand on lui rend sa libert\u00e9.\u00a0\u00bb<\/p>\n<p>L\u2019univers chamanique, les drogues hallucinog\u00e8nes, la communication avec les esprits, \u00e7a n\u2019est pas son truc. Il ne croit qu\u2019en la mati\u00e8re, l\u2019amour physique et la m\u00e9moire. Pour lui, le seul moyen de faire parler les morts, c\u2019est l\u2019Histoire. Les t\u00e9moignages consign\u00e9s, recoup\u00e9s, v\u00e9rifiables, et les d\u00e9ductions logiques qu\u2019on en tire. L\u2019invisible, il ne veut pas voir. \u00c7a ne le regarde pas.<\/p>\n<p>Alors j\u2019essaie d\u2019\u00e9chapper \u00e0 leurs pens\u00e9es pr\u00e9sentes en me retranchant dans mon pass\u00e9, m\u00eame le plus sombre\u00a0\u2013 au moins il est clos, chevill\u00e9 par des \u00e9motions connues, des douleurs apprivois\u00e9es. Je repars en arri\u00e8re, je rebrousse chemin dans les anneaux concentriques de ma m\u00e9moire. Je m\u2019efforce de r\u00e9animer tous mes amis de passage.<\/p>\n<p>Voil\u00e0 que je prie. Qu\u2019est-ce qui m\u2019arrive\u00a0? Les diff\u00e9rents dieux que j\u2019ai subis au contact des hommes m\u2019ont prouv\u00e9 combien ils \u00e9taient inexistants et toxiques. La seule force cr\u00e9atrice, c\u2019est la vie, l\u2019intelligence qui organise et qui aime en connaissance de cause. Je n\u2019ai rien \u00e0 faire dans l\u2019ego born\u00e9 de cette femme. Mon Dieu, qui que vous soyez ou non, ne m\u2019abandonnez pas.<\/p>\n<p>Si nous continuons \u00e0 d\u00e9truire les arbres, ils nous d\u00e9truiront. Si nous r\u00e9apprenons \u00e0 fusionner avec eux, si nous renouons avec nos origines, si nous nous souvenons que, dans la tradition chamanique, ils nous ont cr\u00e9\u00e9s comme des ambassadeurs mobiles destin\u00e9s \u00e0 accro\u00eetre leurs connaissances, leurs interactions et leur puissance de r\u00eave, alors nous \u00e9viterons ce que, par pr\u00e9tention aveugle, nous appelons la fin du monde\u2026 et qui signifie simplement notre disparition.<\/p>\n","protected":false},"excerpt":{"rendered":"<p>Auteur\u00a0:\u00a0 Didier van Cauwelaert est un \u00e9crivain fran\u00e7ais, n\u00e9 le 29 juillet 1960 \u00e0 Nice d\u2019une famille d\u2019origine belge. Il cumule prix litt\u00e9raires et succ\u00e8s public depuis ses d\u00e9buts. Prix Goncourt pour\u00a0Un aller simple\u00a0en 1994. Romans\u00a0: Vingt ans et des poussi\u00e8res,\u00a01982 \u2013 Poisson d\u2019amour,\u00a01984 \u2013 Les Vacances du fant\u00f4me,\u00a01986 \u2013 L\u2019Orange am\u00e8re,\u00a01988 \u2013 Un objet &hellip; <\/p>\n<p class=\"read-more\"><a class=\"readmore-btn\" href=\"https:\/\/www.cathjack.ch\/wordpress\/?p=23641\">+<span class=\"screen-reader-text\">  Read More<\/span><\/a><\/p>\n","protected":false},"author":1,"featured_media":23642,"comment_status":"open","ping_status":"open","sticky":false,"template":"","format":"standard","meta":{"_crdt_document":"","_monsterinsights_skip_tracking":false,"_monsterinsights_sitenote_active":false,"_monsterinsights_sitenote_note":"","_monsterinsights_sitenote_category":0,"footnotes":""},"categories":[98,12,453,105],"tags":[197,500,961,342,2726,996,437,684,2725,601,267,2727,87,403,515,314,707,211,1983],"class_list":["post-23641","post","type-post","status-publish","format-standard","has-post-thumbnail","hentry","category-france","category-litterature-france","category-nature-writing","category-roman","tag-amour","tag-arbre","tag-chamanisme","tag-communication","tag-cycle-de-vie","tag-deforestation","tag-ecologie","tag-environnement","tag-forets","tag-histoire","tag-journal-intime","tag-jungle-amazonienne","tag-memoires","tag-nature","tag-racines","tag-rapports-familiaux","tag-relation-pere-fils","tag-souvenirs","tag-vie"],"aioseo_notices":[],"_links":{"self":[{"href":"https:\/\/www.cathjack.ch\/wordpress\/index.php?rest_route=\/wp\/v2\/posts\/23641","targetHints":{"allow":["GET"]}}],"collection":[{"href":"https:\/\/www.cathjack.ch\/wordpress\/index.php?rest_route=\/wp\/v2\/posts"}],"about":[{"href":"https:\/\/www.cathjack.ch\/wordpress\/index.php?rest_route=\/wp\/v2\/types\/post"}],"author":[{"embeddable":true,"href":"https:\/\/www.cathjack.ch\/wordpress\/index.php?rest_route=\/wp\/v2\/users\/1"}],"replies":[{"embeddable":true,"href":"https:\/\/www.cathjack.ch\/wordpress\/index.php?rest_route=%2Fwp%2Fv2%2Fcomments&post=23641"}],"version-history":[{"count":3,"href":"https:\/\/www.cathjack.ch\/wordpress\/index.php?rest_route=\/wp\/v2\/posts\/23641\/revisions"}],"predecessor-version":[{"id":23645,"href":"https:\/\/www.cathjack.ch\/wordpress\/index.php?rest_route=\/wp\/v2\/posts\/23641\/revisions\/23645"}],"wp:featuredmedia":[{"embeddable":true,"href":"https:\/\/www.cathjack.ch\/wordpress\/index.php?rest_route=\/wp\/v2\/media\/23642"}],"wp:attachment":[{"href":"https:\/\/www.cathjack.ch\/wordpress\/index.php?rest_route=%2Fwp%2Fv2%2Fmedia&parent=23641"}],"wp:term":[{"taxonomy":"category","embeddable":true,"href":"https:\/\/www.cathjack.ch\/wordpress\/index.php?rest_route=%2Fwp%2Fv2%2Fcategories&post=23641"},{"taxonomy":"post_tag","embeddable":true,"href":"https:\/\/www.cathjack.ch\/wordpress\/index.php?rest_route=%2Fwp%2Fv2%2Ftags&post=23641"}],"curies":[{"name":"wp","href":"https:\/\/api.w.org\/{rel}","templated":true}]}}