{"id":23926,"date":"2026-03-09T18:44:36","date_gmt":"2026-03-09T16:44:36","guid":{"rendered":"https:\/\/www.cathjack.ch\/wordpress\/?p=23926"},"modified":"2026-03-09T18:58:37","modified_gmt":"2026-03-09T16:58:37","slug":"grebe-camilla-lombre-de-la-baleine-rlh2019-472-pages","status":"publish","type":"post","link":"https:\/\/www.cathjack.ch\/wordpress\/?p=23926","title":{"rendered":"Grebe, Camilla \u00ab\u00a0L\u2019ombre de la baleine\u00a0\u00bb (RLH2019) 472 pages"},"content":{"rendered":"<p><b>Autrice<\/b>\u00a0: n\u00e9e le 20 mars 1968 \u00e0 \u00c4lvsj\u00f6, est une romanci\u00e8re su\u00e9doise. D\u00e9tentrice d\u2019une ma\u00eetrise en administration des affaires (MBA) de l\u2019\u00c9cole d\u2019\u00e9conomie de Stockholm, elle fonde la maison d\u2019\u00e9ditions Storyside, sp\u00e9cialis\u00e9e dans le livre audio. Elle y cumule les fonctions de directrice du marketing et de directrice g\u00e9n\u00e9rale, puis dirige une soci\u00e9t\u00e9 de conseil.<\/p>\n<p><b>S\u00e9rie Siri Bergman<\/b> : En collaboration avec sa s\u0153ur \u00c5sa Tr\u00e4ff, une psychiatre, <i>\u00ab\u00a0<\/i><span style=\"color: #0000ff;\"><a style=\"color: #0000ff;\" href=\"https:\/\/www.cathjack.ch\/wordpress\/?p=7602\">\u00c7a aurait pu \u00eatre le paradis<\/a><i>\u00a0<\/i><\/span><i>\u00bb <\/i>un roman policier qui se d\u00e9roule dans le milieu des cliniques psychiatriques (2009) . Le tome 2 \u00ab\u00a0Plus am\u00e8re que la mort\u00a0\u00bb (2010) est traduit en 2024.<span class=\"Apple-converted-space\">\u00a0<\/span><\/p>\n<p><b><i>S\u00e9rie : \u00a0Les enqu\u00eates de Hanne Lagerlind-Sch\u00f6n<\/i><\/b><i> \u00ab <\/i><span style=\"color: #0000ff;\"><a style=\"color: #0000ff;\" href=\"https:\/\/www.cathjack.ch\/wordpress\/?p=5717\">Un cri sous la glace<\/a><\/span>\u00a0\u00bb son premier roman en solo sort en 2017\u00a0; en 2018 elle publie \u00ab<span style=\"color: #0000ff;\">\u00a0<a style=\"color: #0000ff;\" href=\"https:\/\/www.cathjack.ch\/wordpress\/?p=7459\">Le Journal de ma disparition<\/a> <\/span>\u00bb (Prix du meilleur roman policier su\u00e9dois\u00a0en 2017,\u00a0le Glass Key Award qui couronne le meilleur polar de tous les pays nordiques r\u00e9unis en 2018 et le Prix des Lecteurs du Livre de Poche en 2019). \u00ab<span style=\"color: #0000ff;\"><a style=\"color: #0000ff;\" title=\"Grebe, Camilla \u00ab\u00a0L\u2019ombre de la baleine\u00a0\u00bb (RLH2019) 472 pages\" href=\"https:\/\/www.cathjack.ch\/wordpress\/?p=23926\">L\u2019ombre de la Baleine<\/a>\u00a0<\/span>\u00bb parait en 2019 , suivi de \u00ab\u00a0<span style=\"color: #0000ff;\"><a style=\"color: #0000ff;\" href=\"https:\/\/www.cathjack.ch\/wordpress\/?p=18704\">L\u2019Archipel des larmes<\/a>\u00a0<\/span>\u00bb\u00a0qui a lui aussi remport\u00e9 le Prix du meilleur roman policier su\u00e9dois en 2019, et plus exceptionnel encore, \u00e0 nouveau le Glass Key en 2020.<\/p>\n<p><b>Autres romans:<span class=\"Apple-converted-space\">\u00a0<\/span><\/b> \u00ab\u00a0L\u2019horizon d\u2019une<span class=\"Apple-converted-space\">\u00a0 <\/span>nuit\u00a0\u00bb en 2022 &#8211; \u00ab\u00a0L\u2019Enigme de la Stuga\u00a0\u00bb en 2023 (Grand Prix des lectrices de ELLE Policier 2023) &#8211; \u00ab\u00a0Les T\u00e9n\u00e8bres de M\u00f6rkret\u00a0\u00bb (2025)<\/p>\n<p>Calmann-L\u00e9vy \u2013 27.02.2019 \u2013 448 pages \/ Livre de Poche &#8211; 29.01.2020 &#8211; 472 pages (<i>Dvalan<\/i> (2018) traduit par Anna Postel)<\/p>\n<p><b>R\u00e9sum\u00e9<\/b>\u00a0:<span class=\"Apple-converted-space\">\u00a0<\/span><\/p>\n<p>Quand des cadavres de jeunes hommes \u00e9chouent sur les c\u00f4tes de l\u2019archipel de Stockholm, la jeune flic Malin et son sup\u00e9rieur, Manfred, sont missionn\u00e9s pour r\u00e9soudre ce sombre myst\u00e8re. H\u00e9las, chacun est plus vuln\u00e9rable que d\u2019habitude : Malin est tr\u00e8s enceinte, et Manfred meurtri par le terrible accident qui a plong\u00e9 sa petite fille dans le coma.<\/p>\n<p>En parall\u00e8le, nous rencontrons Samuel, adolescent rebelle, dealer \u00e0 mi-temps, \u00e9lev\u00e9 par une m\u00e8re c\u00e9libataire aussi stricte que d\u00e9vote. Sa vie bascule quand celle-ci jette \u00e0 la poubelle des \u00e9chantillons de coca\u00efne que le baron de la drogue de Stockholm lui a confi\u00e9s.<\/p>\n<p>Alors que Samuel trouve une planque id\u00e9ale sur la petite \u00eele de Marholmen, o\u00f9 il est embauch\u00e9 par la jolie Rachel pour devenir l\u2019auxiliaire de vie de son fils Jonas, Malin et Manfred font fausse route. Mais toute leur enqu\u00eate change de cap le jour o\u00f9 la m\u00e8re de Samuel signale enfin sa disparition\u2026<\/p>\n<p>Une triple narration redoutable qui confirme \u00e0 nouveau le talent exceptionnel de Camilla Grebe pour tisser des intrigues complexes. Fausses pistes et retournements incroyables c\u00f4toient une r\u00e9flexion passionnante sur la fragilit\u00e9 de l\u2019adolescence et de la filiation. Un grand cru, pour une grande dame du polar, d\u00e9sormais couronn\u00e9e du tr\u00e8s prestigieux Glass Key Award.<\/p>\n<p><b>Mon avis<\/b>: \u00a0<span class=\"x1xsqp64 xiy17q3 x1o6pynw x19co3pv xdj266r xjn30re xat24cr x1hb08if x2b8uid\" data-testid=\"emoji\"><span class=\"xexx8yu xcaqkgz x18d9i69 xbwkkl7 x3jgonx x1bhl96m\">&#x1fa76;<\/span><\/span><span class=\"x1xsqp64 xiy17q3 x1o6pynw x19co3pv xdj266r xjn30re xat24cr x1hb08if x2b8uid\" data-testid=\"emoji\"><span class=\"xexx8yu xcaqkgz x18d9i69 xbwkkl7 x3jgonx x1bhl96m\">&#x1fa76;<\/span><\/span><span class=\"x1xsqp64 xiy17q3 x1o6pynw x19co3pv xdj266r xjn30re xat24cr x1hb08if x2b8uid\" data-testid=\"emoji\"><span class=\"xexx8yu xcaqkgz x18d9i69 xbwkkl7 x3jgonx x1bhl96m\">&#x1fa76;<\/span><\/span><\/p>\n<p>Petit conseil : ne d\u00e9sesp\u00e9rez pas ! J\u2019ai trouv\u00e9 tr\u00e8s tr\u00e8s long \u00e0 d\u00e9marrer mais le dernier tiers du roman tient toutes ses promesses.<span class=\"Apple-converted-space\"><br \/>\n<\/span>Trois voix dans ce roman : Manfred (le flic), Samuel ( un jeune rebelle) et sa m\u00e8re Pernilla (\u00e9lev\u00e9e dans la religion, manipul\u00e9e par l\u2019autorit\u00e9 religieuse, habit\u00e9e par la culpabilit\u00e9, maladroite, sous l\u2019emprise de la peur de d\u00e9sob\u00e9ir aux hommes, mais d\u00e9sireuse en m\u00eame temps de se secouer et de venir en aide \u00e0 son fils) .<span class=\"Apple-converted-space\"><br \/>\n<\/span>Il y a beaucoup de drames familiaux qui touchent les personnages du roman : l\u2019accident de la fille de Manfred qui tombe du balcon et est plong\u00e9e dans le coma \u00e0 l\u2019hopital; Jonas, victime d\u2019un accident et lui aussi est clou\u00e9 au lit, le moins que l\u2019on puisse dire c\u2019est que les relations familiales sont loin d\u2019\u00eatre simples\u2026<\/p>\n<p>Cot\u00e9 enqu\u00eateurs : on y retrouve Malin, Manfred et Hanne. Malin enceinte et qui est malheureusement en retrait dans ce tome dans lequel Manfred occupe le premier plan. Et il y a Led, d\u00e9sagr\u00e9able au possible.. Quand \u00e0 Hanne\u2026 on peut \u00e0 peine dire qu\u2019elle est pr\u00e9sente\u2026 sauf quand il s\u2019agit de r\u00e9fl\u00e9chir !<span class=\"Apple-converted-space\">\u00a0<\/span><\/p>\n<p>Le reproche que je peux faire est la lenteur au d\u00e9marrage ( il faut attendre plus de la moiti\u00e9 du livre et les aventures de Samuel pour qu\u2019il se passe quelque chose) \u2026<br \/>\nSinon on y retrouve ce qui fait l\u2019int\u00e9r\u00eat de l\u2019autrice : le suspense, le cot\u00e9 humain, quelques probl\u00e8mes de soci\u00e9t\u00e9 comme l\u2019addiction aux r\u00e9seaux sociaux, la manipulation des femmes, les dangers de l\u2019emprise de la religion . Une fois encore le roman est extr\u00eamement bien pens\u00e9 et les fausses pistes nous baladent bien. Le message est clair :se m\u00e9fier des r\u00e9seaux sociaux, des blogs, de Facebook, de l\u2019addiction aux like\u2026<br \/>\nJ\u2019ai malheureusement trouv\u00e9 que l\u2019\u00e9motion n\u2019\u00e9tait pas vraiment au rendez-vous alors que certaines situations sont pour le moins dramatiques, comme la petite Nadja sur son lit d\u2019h\u00f4pital\u2026<br \/>\nJuste \u00e0 la fin l\u2019acharnement de Pernilla \u00e0 vouloir retrouver son fils m\u2019a touch\u00e9.<span class=\"Apple-converted-space\">\u00a0<\/span><\/p>\n<p>Et comme souvent, il faut s\u2019int\u00e9resser aux pr\u00e9noms ! Rachel est un pr\u00e9nom de l\u2019Ancien Testament qui signifie agneau. Jonas est une forme d\u00e9riv\u00e9e du pr\u00e9nom Yonah qui signifie \u00ab\u00a0colombe\u00a0\u00bb. C\u2019est un pr\u00e9nom que l\u2019on retrouve dans la Bible. Samuel. N\u2019est-ce pas ironique que son nom signifie \u00ab\u00a0Dieu a entendu\u00a0\u00bb\u00a0?<br \/>\nEt Jonas, qui explique le titre du roman.. Jonas aval\u00e9 par une baleine et recrach\u00e9 apr\u00e8s quelques jours \u00e0 prier.<\/p>\n<p>C\u2019est le roman de cette autrice que j\u2019ai le moins appr\u00e9ci\u00e9 mais bien \u00e9videmment je vais continuer \u00e0 la suivre ( D\u2019ailleurs j\u2019ai lu le tome 4<span class=\"Apple-converted-space\">\u00a0 <\/span>\u00ab<span style=\"color: #0000ff;\">\u00a0<a style=\"color: #0000ff;\" href=\"https:\/\/www.cathjack.ch\/wordpress\/?p=18704\">L\u2019Archipel des larmes<\/a>\u00a0<\/span>\u00bb avant et cela avait \u00e9t\u00e9 un coup de coeur\u2026)<\/p>\n<p><b>Extraits<\/b>:<span class=\"Apple-converted-space\">\u00a0<\/span><\/p>\n<p>Les jours passent, tels des navires glissant au loin, sur la mer, sans que j\u2019aie la force de r\u00e9fl\u00e9chir. Parfois, je me l\u00e8ve le matin et je m\u2019assieds dans le canap\u00e9 du salon. Les heures se succ\u00e8dent et soudain je m\u2019aper\u00e7ois que la nuit commence \u00e0 tomber.<br \/>\nLe temps a cess\u00e9 d\u2019exister. Il n\u2019y a que le pr\u00e9sent qui s\u2019allonge, infini<\/p>\n<p>Un silence assourdissant qui plonge ses racines dans le vide laiss\u00e9 par un \u00eatre dont la pr\u00e9sence allait de soi \u2013\u00a0un sentiment de d\u00e9solation, de regret, qui vous anesth\u00e9sie.<\/p>\n<p>Car que se passe-t-il lorsqu\u2019on ouvre la bo\u00eete du chat de Schr\u00f6dinger\u00a0? Tr\u00e8s vite, on sait si l\u2019animal est vivant ou mort. Cet entre-deux \u00e9trange, o\u00f9 la b\u00eate est \u00e0 la fois vivante et morte, n\u2019est qu\u2019une construction intellectuelle.<\/p>\n<p>\u00ab Dieu a cr\u00e9\u00e9 la femme \u00e0 partir de la c\u00f4te de l\u2019homme pour qu\u2019elle le compl\u00e8te ; pas \u00e0 partir de la t\u00eate pour qu\u2019elle le domine; ni du pied pour qu\u2019elle l\u2019\u00e9crase ; non, \u00e0 partir d\u2019une c\u00f4te, pour qu\u2019il la prot\u00e8ge. Pr\u00e8s de son c\u0153ur, pour qu\u2019il l\u2019aime. \u00bb<\/p>\n<p>Les gens ne se regardent-ils plus\u00a0? Sommes-nous obs\u00e9d\u00e9s par nos portables et nos selfies au point de ne plus nous int\u00e9resser \u00e0 notre prochain\u00a0?<\/p>\n<p><span class=\"Apple-converted-space\">\u00a0<\/span>Internet a modifi\u00e9 le contrat social. Celui qui r\u00e9gule le nombre de fois que l\u2019on peut dire\u00a0: \u00ab\u00a0regarde-moi\u00a0\u00bb. Dans la vie r\u00e9elle, on ne peut pas recevoir des commentaires positifs sans rel\u00e2che comme sur Internet. Alors, pourquoi se concentrer sur la vie r\u00e9elle\u00a0?<br \/>\n\u2014\u00a0Donc Facebook a gagn\u00e9\u00a0?<\/p>\n<p>\u2014\u00a0Est-ce que \u00e7a int\u00e9resse les gens de distinguer le vrai du faux\u00a0?<\/p>\n<p>Les gens d\u00e9couvrent toujours une mani\u00e8re d\u2019aller de l\u2019avant. Cela ne passe pas forc\u00e9ment par la parole. Moi, j\u2019ai parl\u00e9 toute ma vie, toute ma carri\u00e8re, mais on peut aussi \u00e9crire. Ce qui ne peut \u00eatre dit peut sans doute \u00eatre couch\u00e9 sur papier.<span class=\"Apple-converted-space\">\u00a0<\/span><\/p>\n<p><b>Image<\/b> : Wikipedia<\/p>\n","protected":false},"excerpt":{"rendered":"<p>Autrice\u00a0: n\u00e9e le 20 mars 1968 \u00e0 \u00c4lvsj\u00f6, est une romanci\u00e8re su\u00e9doise. D\u00e9tentrice d\u2019une ma\u00eetrise en administration des affaires (MBA) de l\u2019\u00c9cole d\u2019\u00e9conomie de Stockholm, elle fonde la maison d\u2019\u00e9ditions Storyside, sp\u00e9cialis\u00e9e dans le livre audio. Elle y cumule les fonctions de directrice du marketing et de directrice g\u00e9n\u00e9rale, puis dirige une soci\u00e9t\u00e9 de conseil. &hellip; <\/p>\n<p class=\"read-more\"><a class=\"readmore-btn\" href=\"https:\/\/www.cathjack.ch\/wordpress\/?p=23926\">+<span class=\"screen-reader-text\">  Read More<\/span><\/a><\/p>\n","protected":false},"author":1,"featured_media":23927,"comment_status":"open","ping_status":"open","sticky":false,"template":"","format":"standard","meta":{"_crdt_document":"","_monsterinsights_skip_tracking":false,"_monsterinsights_sitenote_active":false,"_monsterinsights_sitenote_note":"","_monsterinsights_sitenote_category":0,"footnotes":""},"categories":[632,446,91,5,193,10,1,133,192],"tags":[608,522,2472,2767,159,186,1366,214,334,2768,2196,314,1816,2388,2693,151,872,370,1367],"class_list":["post-23926","post","type-post","status-publish","format-standard","has-post-thumbnail","hentry","category-632","category-serie","category-polar-psychologique","category-lecture-polar","category-etude-de-societe","category-nordique","category-non-classe","category-suede","category-xxieme-siecle","tag-accident","tag-adolescence","tag-bible","tag-congregation","tag-drogue","tag-enquete","tag-litterature-suedoise","tag-manipulation","tag-meurtres","tag-munchhausen","tag-narcissisme","tag-rapports-familiaux","tag-relation-mere-fils","tag-relations-adultes-enfants","tag-relations-de-couple","tag-religion","tag-reseaux-sociaux","tag-suspense","tag-thriller-psychologique"],"aioseo_notices":[],"_links":{"self":[{"href":"https:\/\/www.cathjack.ch\/wordpress\/index.php?rest_route=\/wp\/v2\/posts\/23926","targetHints":{"allow":["GET"]}}],"collection":[{"href":"https:\/\/www.cathjack.ch\/wordpress\/index.php?rest_route=\/wp\/v2\/posts"}],"about":[{"href":"https:\/\/www.cathjack.ch\/wordpress\/index.php?rest_route=\/wp\/v2\/types\/post"}],"author":[{"embeddable":true,"href":"https:\/\/www.cathjack.ch\/wordpress\/index.php?rest_route=\/wp\/v2\/users\/1"}],"replies":[{"embeddable":true,"href":"https:\/\/www.cathjack.ch\/wordpress\/index.php?rest_route=%2Fwp%2Fv2%2Fcomments&post=23926"}],"version-history":[{"count":4,"href":"https:\/\/www.cathjack.ch\/wordpress\/index.php?rest_route=\/wp\/v2\/posts\/23926\/revisions"}],"predecessor-version":[{"id":23937,"href":"https:\/\/www.cathjack.ch\/wordpress\/index.php?rest_route=\/wp\/v2\/posts\/23926\/revisions\/23937"}],"wp:featuredmedia":[{"embeddable":true,"href":"https:\/\/www.cathjack.ch\/wordpress\/index.php?rest_route=\/wp\/v2\/media\/23927"}],"wp:attachment":[{"href":"https:\/\/www.cathjack.ch\/wordpress\/index.php?rest_route=%2Fwp%2Fv2%2Fmedia&parent=23926"}],"wp:term":[{"taxonomy":"category","embeddable":true,"href":"https:\/\/www.cathjack.ch\/wordpress\/index.php?rest_route=%2Fwp%2Fv2%2Fcategories&post=23926"},{"taxonomy":"post_tag","embeddable":true,"href":"https:\/\/www.cathjack.ch\/wordpress\/index.php?rest_route=%2Fwp%2Fv2%2Ftags&post=23926"}],"curies":[{"name":"wp","href":"https:\/\/api.w.org\/{rel}","templated":true}]}}