{"id":24241,"date":"2026-04-26T12:21:17","date_gmt":"2026-04-26T10:21:17","guid":{"rendered":"https:\/\/www.cathjack.ch\/wordpress\/?p=24241"},"modified":"2026-04-26T15:09:16","modified_gmt":"2026-04-26T13:09:16","slug":"carrisi-donato-la-maison-des-silences-2025-320-pages","status":"publish","type":"post","link":"https:\/\/www.cathjack.ch\/wordpress\/?p=24241","title":{"rendered":"Carrisi, Donato \u00ab\u00a0La maison des silences\u00a0\u00bb (2025) 320 pages"},"content":{"rendered":"<p><b>L\u2019auteur<\/b> : N\u00e9 le 25 mars 1973, \u00e0 Martina Franca, romancier, journaliste, dramaturge, r\u00e9alisateur et sc\u00e9nariste italien, auteur de romans policiers. Le Chuchoteur, son premier roman, a \u00e9t\u00e9 traduit dans vingt pays, a re\u00e7u quatre prix litt\u00e9raires en Italie. Laur\u00e9at du prix SNCF du Polar europ\u00e9en et du prix des lecteurs du Livre de Poche dans la cat\u00e9gorie polar, il conna\u00eet un immense succ\u00e8s en France aux \u00e9ditions Calmann-L\u00e9vy.<\/p>\n<p><b>S\u00e9rie <\/b><b><i>Mila Vasquez\u00a0: <\/i><\/b><span style=\"color: #0000ff;\"><a style=\"color: #0000ff;\" href=\"http:\/\/www.cathjack.ch\/wordpress\/?p=2387\">Le Chuchoteur<\/a><\/span> <i>Il suggeritore (2009)<\/i> \u2013 <span style=\"color: #0000ff;\"><a style=\"color: #0000ff;\" href=\"http:\/\/www.cathjack.ch\/wordpress\/?p=2390\">L\u2019Ecorch\u00e9e<\/a> <\/span><i>L&rsquo;ipotesi del male (2013)<\/i>\u2013 <span style=\"color: #0000ff;\"><a style=\"color: #0000ff;\" href=\"https:\/\/www.cathjack.ch\/wordpress\/?p=7784\">L\u2019\u00e9gar\u00e9e<\/a> <\/span><i>L&rsquo;uomo del labirinto (2017)<\/i>\u2013 <span style=\"color: #0000ff;\"><a style=\"color: #0000ff;\" href=\"https:\/\/www.cathjack.ch\/wordpress\/?p=9781\">Le jeu du chuchoteur<\/a> <\/span><i>Il gioco del suggeritore (2018)<\/i><br \/>\n<b>S\u00e9rie <\/b><b><i>Marcus et Sandra\u00a0: <\/i><\/b><a href=\"http:\/\/www.cathjack.ch\/wordpress\/?p=2254\"><span style=\"color: #0000ff;\">Le tribunal des \u00e2mes<\/span> <\/a><i>Il tribunale delle anime (2011) <\/i>\u2013 <span style=\"color: #0000ff;\"><a style=\"color: #0000ff;\" href=\"http:\/\/www.cathjack.ch\/wordpress\/?p=2383\">Malefico<\/a> <\/span><i>Il cacciatore del buio (2014)<\/i> \u2013\u00a0<span style=\"color: #0000ff;\"><a style=\"color: #0000ff;\" href=\"http:\/\/www.cathjack.ch\/wordpress\/?p=5545\">Tenebra Roma<\/a> <\/span><i>Il maestro delle ombre (2016)<\/i><br \/>\n<b>S\u00e9rie <\/b><b><i>Pietro Gerber<\/i><\/b><b> :<span class=\"Apple-converted-space\">\u00a0<\/span><\/b> <span style=\"color: #0000ff;\"><a style=\"color: #0000ff;\" href=\"https:\/\/www.cathjack.ch\/wordpress\/?p=12404\">La maison des voix<\/a> <\/span>(2020) <i>La casa delle voci (2019)<\/i> &#8211;<span style=\"color: #0000ff;\"> <a style=\"color: #0000ff;\" href=\"https:\/\/www.cathjack.ch\/wordpress\/?p=17138\">La maison sans souvenirs<\/a> <\/span>(2022) <i>La casa senza ricordi (2021)<\/i> &#8211; <span style=\"color: #0000ff;\"><a style=\"color: #0000ff;\" href=\"https:\/\/www.cathjack.ch\/wordpress\/?p=21667\">La Maison aux lumi\u00e8res<\/a> <\/span>(2023) <i>La casa delle luci (2022)<\/i> &#8211; <span style=\"color: #0000ff;\"><a style=\"color: #0000ff;\" title=\"Carrisi, Donato \u00ab\u00a0La maison des silences\u00a0\u00bb (2025) 320 pages\" href=\"https:\/\/www.cathjack.ch\/wordpress\/?p=24241\">La maison des silences<\/a> <\/span>(2025) <i>La casa dei silenzi (2024)<br \/>\n<\/i>\u2013 <b><i>Autres romans<\/i><\/b><b>\u00a0: <\/b><span style=\"color: #0000ff;\"><a style=\"color: #0000ff;\" href=\"http:\/\/www.cathjack.ch\/wordpress\/?p=1829\">La Femme aux fleurs de papier<\/a><\/span> (2015) <i>La donna dei fiori di carta (2012)<\/i>\u2013 <span style=\"color: #0000ff;\"><a style=\"color: #0000ff;\" href=\"http:\/\/www.cathjack.ch\/wordpress\/?p=3612\">La Fille dans le brouillard<\/a>(<\/span>2016) <i>La ragazza nella nebbia (2015) <\/i>\u2013 <span style=\"color: #0000ff;\"><a style=\"color: #0000ff;\" title=\"Carrisi, Donato \u00abJe suis l\u2019Abysse\u00bb (2021)\" href=\"https:\/\/www.cathjack.ch\/wordpress\/?p=15854\">Je suis l&rsquo;abysse<\/a> <\/span>(2020) <i>Io sono l&rsquo;abisso (2020)<\/i> &#8211; L&rsquo;\u00c9ducation des papillons (2024) <i>L&rsquo;educazione delle farfalle (2023)<\/i> &#8211;<span class=\"Apple-converted-space\">\u00a0<\/span><\/p>\n<p><b>Adapt\u00e9s au cin\u00e9ma<\/b> : La fille des le brouillard &#8211; L\u2019homme du labyrinthe &#8211; Je suis l\u2019abysse<span class=\"Apple-converted-space\">\u00a0<\/span><\/p>\n<p>Calmann-Levy<span class=\"Apple-converted-space\">\u00a0 <\/span>Noir\u2013 1,10. 2025 \u2013 320 pages \/(<i>La casa dei silenzi (<\/i><span class=\"Apple-converted-space\">\u00a0 <\/span>&#8211; 2024 -traduit par Ana\u00efs Bouteille-Bokobza)<\/p>\n<p><b>S\u00e9rie <\/b><b><i>Pietro Gerber<\/i><\/b><b> : tome 4<\/b><\/p>\n<p><b>R\u00e9sum\u00e9<\/b>:<br \/>\nON PEUT FUIR LA R\u00c9ALIT\u00c9. PAS NOS CAUCHEMARS.<br \/>\nToutes les nuits, Matias, neuf ans, affirme que ses r\u00eaves sont hant\u00e9s par une dame silencieuse v\u00eatue de noir, au point que le petit d\u00e9veloppe une phobie du sommeil. D\u00e9sesp\u00e9r\u00e9s, ses parents se tournent alors vers Pietro Gerber, l\u2019illustre hypnotiseur d\u2019enfants, afin de le soigner.<br \/>\nAu fil des s\u00e9ances, Gerber comprend que l\u2019histoire racont\u00e9e par Matias r\u00e9v\u00e8le des indices sur un crime irr\u00e9solu depuis des ann\u00e9es. Et que le sort d\u2019une inconnue pourrait bien d\u00e9pendre de cette enqu\u00eate o\u00f9 le r\u00e9el et le surnaturel se confondent. Afin de sauver les innocents d\u2019une menace hors norme, Pietro Gerber devra d\u00e9fier les lois de la raison et affronter les d\u00e9mons de son pass\u00e9.<br \/>\nDans ce nouveau thriller psychologique, Donato Carrisi nous plonge dans un labyrinthe de dangereux faux semblants.<\/p>\n<p><b>Mon avis<\/b>: &#x2764;&#xfe0f;&#x2764;&#xfe0f;&#x1fa76;<br \/>\nRetrouvailles avec \u201cl&rsquo;endormeur d\u2019enfants\u201d Pietro Gerber. Toujours ces atmosph\u00e8res si sp\u00e9ciales dans lesquelles nous plonge l\u2019auteur\u2026 la tension est pr\u00e9sente tout au long du roman.<br \/>\nUne fois encore une plong\u00e9e dans l\u2019inconscient , dans le paranormal , le subconscient.<br \/>\nUne fois encore l\u2019auteur tisse des liens entre le lecteur et les personnages et j\u2019ai plus d\u2019une fois retenu mon souffle en me demandant \u00ab\u00a0et maintenant?\u00a0\u00bb\u00a0\u2026.<\/p>\n<p>Comme dans ses pr\u00e9c\u00e9dents, on a un pied dans le rationnel et un dans l\u2019irrationnel \u2026<br \/>\nQuelle est cette dame silencieuse qui trouble le sommeil de Matias, ce gamin de neuf ans en proie \u00e0 de terribles cauchemars ? Son sommeil est-il alt\u00e9r\u00e9 par des r\u00eaves ou par des souvenirs enfouis? La dame silencieuse voudrait-elle faire passer un message ? Et si oui, pourquoi \u00e0 travers Matias? Y-a-t-il un lien entre eux ? L\u2019inconnue pourrait-elle \u00eatre une vraie personne?<br \/>\nLe Dr Gerber va faire plus que son m\u00e9tier d\u2019hypnotiseur. Il va se lancer sur les traces de la dame silencieuse et sollicitera, \u00e0 son corps d\u00e9fendant, l\u2019aide<span class=\"Apple-converted-space\">\u00a0 <\/span>Erica \u00a0De Roti, psychologue, sp\u00e9cialiste de hypnose, des peurs et des traumatismes des enfants..<br \/>\nJe dois dire que ce tome n\u2019est pas mon pr\u00e9f\u00e9r\u00e9 car il y a trop de surnaturel pour moi, m\u00eame si l\u2019enqu\u00eate est bien ficel\u00e9e et se focalise davantage sur l\u2019enfant que sur Pietro Gerber, ce qui est un gros plus !<span class=\"Apple-converted-space\">\u00a0<\/span><\/p>\n<p><b>Extraits:<\/b><span class=\"Apple-converted-space\">\u00a0<\/span><\/p>\n<p>\u00ab\u00a0Le jour o\u00f9 le destin frappera \u00e0 ta porte sera un jour comme les autres.\u00a0\u00bb<\/p>\n<p>Tout d\u2019abord, l\u2019inconscient qui sugg\u00e8re les r\u00eaves est un syst\u00e8me chaotique\u00a0: il existe des r\u00eaves r\u00e9currents, mais il est impossible qu\u2019un r\u00eave se r\u00e9p\u00e8te \u00e0 l\u2019identique presque toutes les nuits. Le sommeil est un m\u00e9canisme tr\u00e8s pr\u00e9cis\u00a0: il sert \u00e0 nettoyer notre esprit, \u00e0 le remettre \u00e0 z\u00e9ro. Les r\u00eaves ne sont que les r\u00e9sidus de cette activit\u00e9 de nettoyage. Voil\u00e0 pourquoi nous oublions la plus grande partie de notre activit\u00e9 onirique.<span class=\"Apple-converted-space\">\u00a0<\/span><\/p>\n<p>Les enfants connaissent des secrets que les adultes ne sont pas dispos\u00e9s \u00e0 \u00e9couter.<\/p>\n<p>De la m\u00eame fa\u00e7on que les trous noirs se nourrissent de la lumi\u00e8re des \u00e9toiles, les instituts psychiatriques consument l\u2019esprit de leurs pensionnaires, goutte apr\u00e8s goutte, jusqu\u2019\u00e0 ce qu\u2019il ne reste plus rien d\u2019eux.<\/p>\n<p>L\u2019hypnose n\u2019est pas un s\u00e9rum de v\u00e9rit\u00e9, malgr\u00e9 une croyance courante. Elle peut donner acc\u00e8s aux recoins les plus cach\u00e9s de l\u2019esprit, mais parfois une porte reste ferm\u00e9e et on ne peut rien y faire.<span class=\"Apple-converted-space\">\u00a0<\/span><\/p>\n<p>Ne jamais ouvrir des portes qu\u2019on n\u2019est pas capables de refermer.<\/p>\n<p>Il ne faut jamais sous-estimer le pouvoir de la suggestion.<\/p>\n<p>Toutefois, si dans la vie r\u00e9elle on peut se distraire de ses mauvaises pens\u00e9es, dans les r\u00eaves ce n\u2019est pas possible. Dans les r\u00eaves, on est expos\u00e9\u00a0: quand on dort, on n\u2019a pas de d\u00e9fenses, on est le spectateur forc\u00e9 de n\u2019importe quelle atrocit\u00e9 que notre inconscient nous donne \u00e0 voir. C\u2019est pareil quand on fait un cauchemar apr\u00e8s avoir vu un film d\u2019horreur\u00a0: on ne peut que se r\u00e9veiller en criant\u2026<\/p>\n<p>Les r\u00eaves sont le pr\u00e9sage de ce qui nous reste de cette autre existence, une sorte de souvenir, \u00e0 la fois de cette autre vie et de l\u2019endroit o\u00f9 nous irons d\u00e9finitivement, quand nous serons morts.<\/p>\n<p>Il avait entendu dire que les histoires ne doivent jamais rester en suspens, au risque de suppurer telles des plaies ouvertes.<\/p>\n<p><b>D\u00e9finitions<\/b>:<br \/>\nLa <em><strong>cymatique<\/strong><\/em> est la technique permettant la visualisation des vibrations acoustiques ainsi qu&rsquo;un discours inspir\u00e9 par l\u2019<em><strong>anthroposophie<\/strong> <\/em>(<i>un courant de pens\u00e9e spirituel pseudoscientifique et \u00e9sot\u00e9rique s&rsquo;appuyant sur les pens\u00e9es et \u00e9crits de l&rsquo;occultiste autrichien Rudolf Steiner, r\u00e9alis\u00e9s apr\u00e8s qu&rsquo;il a quitt\u00e9 la Soci\u00e9t\u00e9 th\u00e9osophique en 1913. Sa doctrine est syncr\u00e9tique\u00a0: elle m\u00e9lange diverses notions emprunt\u00e9es aux religions indiennes et au th\u00e9osophisme (telles que les concepts de karma et de r\u00e9incarnation), au christianisme et plus r\u00e9cemment au mouvement New Age.)<\/i> qui relie les vibrations en g\u00e9n\u00e9ral \u00e0 l&rsquo;ensemble de l&rsquo;Univers.<\/p>\n","protected":false},"excerpt":{"rendered":"<p>L\u2019auteur : N\u00e9 le 25 mars 1973, \u00e0 Martina Franca, romancier, journaliste, dramaturge, r\u00e9alisateur et sc\u00e9nariste italien, auteur de romans policiers. Le Chuchoteur, son premier roman, a \u00e9t\u00e9 traduit dans vingt pays, a re\u00e7u quatre prix litt\u00e9raires en Italie. Laur\u00e9at du prix SNCF du Polar europ\u00e9en et du prix des lecteurs du Livre de Poche &hellip; <\/p>\n<p class=\"read-more\"><a class=\"readmore-btn\" href=\"https:\/\/www.cathjack.ch\/wordpress\/?p=24241\">+<span class=\"screen-reader-text\">  Read More<\/span><\/a><\/p>\n","protected":false},"author":1,"featured_media":24242,"comment_status":"open","ping_status":"open","sticky":false,"template":"","format":"standard","meta":{"_crdt_document":"","_monsterinsights_skip_tracking":false,"_monsterinsights_sitenote_active":false,"_monsterinsights_sitenote_note":"","_monsterinsights_sitenote_category":0,"footnotes":""},"categories":[2283,446,5,506,101,9,1,192],"tags":[461,2824,864,345,186,533,567,2822,849,268,1485,2823,690,977,422,2825,2821,618,370,1367,1324],"class_list":["post-24241","post","type-post","status-publish","format-standard","has-post-thumbnail","hentry","category-2283","category-serie","category-lecture-polar","category-florence","category-italie-2","category-italie","category-non-classe","category-xxieme-siecle","tag-cauchemars","tag-cymatique","tag-doute","tag-enfance","tag-enquete","tag-esotherisme","tag-hypnose","tag-hypnotherapie","tag-intrigue","tag-maltraitance","tag-meurtre","tag-mustisme-selectif","tag-mystere","tag-occultisme","tag-peur","tag-psychologie","tag-souvenirs-refoules","tag-surnaturel","tag-suspense","tag-thriller-psychologique","tag-toscane"],"aioseo_notices":[],"_links":{"self":[{"href":"https:\/\/www.cathjack.ch\/wordpress\/index.php?rest_route=\/wp\/v2\/posts\/24241","targetHints":{"allow":["GET"]}}],"collection":[{"href":"https:\/\/www.cathjack.ch\/wordpress\/index.php?rest_route=\/wp\/v2\/posts"}],"about":[{"href":"https:\/\/www.cathjack.ch\/wordpress\/index.php?rest_route=\/wp\/v2\/types\/post"}],"author":[{"embeddable":true,"href":"https:\/\/www.cathjack.ch\/wordpress\/index.php?rest_route=\/wp\/v2\/users\/1"}],"replies":[{"embeddable":true,"href":"https:\/\/www.cathjack.ch\/wordpress\/index.php?rest_route=%2Fwp%2Fv2%2Fcomments&post=24241"}],"version-history":[{"count":6,"href":"https:\/\/www.cathjack.ch\/wordpress\/index.php?rest_route=\/wp\/v2\/posts\/24241\/revisions"}],"predecessor-version":[{"id":24249,"href":"https:\/\/www.cathjack.ch\/wordpress\/index.php?rest_route=\/wp\/v2\/posts\/24241\/revisions\/24249"}],"wp:featuredmedia":[{"embeddable":true,"href":"https:\/\/www.cathjack.ch\/wordpress\/index.php?rest_route=\/wp\/v2\/media\/24242"}],"wp:attachment":[{"href":"https:\/\/www.cathjack.ch\/wordpress\/index.php?rest_route=%2Fwp%2Fv2%2Fmedia&parent=24241"}],"wp:term":[{"taxonomy":"category","embeddable":true,"href":"https:\/\/www.cathjack.ch\/wordpress\/index.php?rest_route=%2Fwp%2Fv2%2Fcategories&post=24241"},{"taxonomy":"post_tag","embeddable":true,"href":"https:\/\/www.cathjack.ch\/wordpress\/index.php?rest_route=%2Fwp%2Fv2%2Ftags&post=24241"}],"curies":[{"name":"wp","href":"https:\/\/api.w.org\/{rel}","templated":true}]}}