{"id":24289,"date":"2026-05-01T17:54:46","date_gmt":"2026-05-01T15:54:46","guid":{"rendered":"https:\/\/www.cathjack.ch\/wordpress\/?p=24289"},"modified":"2026-05-01T17:56:20","modified_gmt":"2026-05-01T15:56:20","slug":"aspe-pieter-chaos-sur-bruges-2008-340-pages","status":"publish","type":"post","link":"https:\/\/www.cathjack.ch\/wordpress\/?p=24289","title":{"rendered":"Aspe, Pieter \u00abChaos sur Bruges\u00bb (2008) 340 pages"},"content":{"rendered":"<p><b>Auteur<\/b>\u00a0: (nom de plume de Pierre Aspeslag) est un \u00e9crivain belge de langue n\u00e9erlandaise, n\u00e9 \u00e0 Bruges le 3 avril 1953 et mort le 1er mai 2021 dans la m\u00eame ville. Il est \u00e9galement l\u2019auteur d\u2019autres romans non traduits en fran\u00e7ais de deux livres pour les adolescents (Bloedband : roman d\u2019aventures qui traite de l\u2019amiti\u00e9 et \u00e9voque le massacre de Srebrenica et Luchtpost qui se d\u00e9roule en Afrique avec les m\u00eames personnages)<\/p>\n<p><b>S\u00e9rie<\/b>\u00a0:<b><i> Commissaire Van In<\/i><\/b>\u00a0: Pieter Aspe est devenu c\u00e9l\u00e8bre gr\u00e2ce \u00e0 la s\u00e9rie des enqu\u00eates du commissaire Van In. Celles-ci mettent en sc\u00e8ne les sympathiques policiers Pieter Van In et son adjoint Guido Versavel, ainsi que la substitute Hannelore Martens, qui s\u2019\u00e9prend de Van In dans le premier roman. La plupart des histoires se d\u00e9roulent \u00e0 Bruges et sont l\u2019occasion de d\u00e9couvrir la ville, ses arcanes et sa vie sociale. (source Wikipedia)<\/p>\n<p><a href=\"https:\/\/www.cathjack.ch\/wordpress\/?p=14739\"><span style=\"color: #0000ff;\">Le Carr\u00e9 de la vengeance<\/span><\/a> \u2013 <span style=\"color: #0000ff;\"><a style=\"color: #0000ff;\" title=\"Aspe, Pieter \u00abChaos sur Bruges\u00bb (2008) 340 pages\" href=\"https:\/\/www.cathjack.ch\/wordpress\/?p=24289\">Chaos sur Bruges<\/a><\/span> \u2013 Les Masques de la nuit \u2013 La Quatri\u00e8me Forme de Satan \u2013 Le Collectionneur d\u2019armes\u00a0\u2013 De sang royal\u00a0\u2013 La Mort \u00e0 mar\u00e9e basse \u2013 Le-\u00a0 Tableau vol\u00e9\u00a0\u2013 Pi\u00e8ce d\u00e9tach\u00e9e \u2013 Coup de pub \u2013 Le Message du pendu \u2013 L\u2019Affaire du tarot \u2013 13\u00a0\u2013 Dernier tango \u00e0 Bruges\u00a0\u2013 La Femme tatou\u00e9e\u00a0\u2013 Faites vos jeux \u2013 Bas les masques \u2013 Regrets \u00e9ternels \u2013<\/p>\n<p><i>Les dix premiers volumes ont \u00e9t\u00e9 l&rsquo;objet d&rsquo;une s\u00e9rie t\u00e9l\u00e9vis\u00e9e, Aspe, de la cha\u00eene flamande<\/i><\/p>\n<p><b>\u00a0Enqu\u00eates du Commissaire Van In (tome 2)<\/b><\/p>\n<p>Paris,\u00a0Albin Michel,\u00a0coll.\u00a0\u00ab\u00a0Carr\u00e9 Jaune\u00a0\u00bb,\u00a029.10. 2008, 304\u00a0p. \/ Livre de poche \u2013 5.5.2010 \u2013 340 pages ( <i>De midas moorden<\/i>, 1996 traduit du n\u00e9erlandais par Emmanu\u00e8le Sandron)<\/p>\n<p><b>R\u00e9sum\u00e9<\/b>\u00a0:<span class=\"Apple-converted-space\">\u00a0<\/span><\/p>\n<p>Le commissaire Van In, grande gueule au coeur tendre et buveur de bi\u00e8re imp\u00e9nitent, son adjoint, le perspicace Versavel, et la belle Hannelore Martens, substitut du procureur : un trio de choc pour d\u00e9jouer une s\u00e9rie d\u2019affaires qui s\u00e8me la panique dans la bourgeoise ville de Bruges. une fois encore, le pas tr\u00e8s politiquement correct Van in s\u2019appr\u00eate \u00e0 jeter le trouble en haut lieu, o\u00f9 l\u2019on semble peu press\u00e9 de le voir r\u00e9soudre son enqu\u00eate..<\/p>\n<p>Apr\u00e8s le tr\u00e8s remarqu\u00e9 \u00ab Carr\u00e9 de la vengeance \u00bb, le nouveau suspense de Pieter Aspe, \u00ab le Simenon flamand \u00bb, qui fait souffler un vent comique et iconoclaste au pays du roman policier.<span class=\"Apple-converted-space\">\u00a0 (<\/span>Le Figaro Magazine)<\/p>\n<p><b>Mon avis<\/b>: &#x1f5a4;<\/p>\n<p>C\u2019est sur les conseils de mon amie N@n que j\u2019avais d\u00e9couvert cet auteur belge. Malheureusement <span class=\"Apple-converted-space\">\u00a0 <\/span>j\u2019ai pas ressenti le plaisir escompt\u00e9 en retrouvant<span class=\"Apple-converted-space\">\u00a0 <\/span>le commissaire Van In, la substitute du Procureur Hannelore Martens, Versavel qui m\u2019avaient s\u00e9duits dans le tome 1. J\u2019ai trouv\u00e9 l\u2019humour pas dr\u00f4le, l\u2019\u00e9criture plate,<span class=\"Apple-converted-space\">\u00a0 <\/span>et il a fallu attendre la moiti\u00e9 du livre pour lire autre chose que les \u00e9tats d\u2019\u00e2me de Van In et les sc\u00e8nes de boisson\u2026<br \/>\nHeureusement cela s\u2019am\u00e9liore un peu<span class=\"Apple-converted-space\">\u00a0 <\/span>par la suite et on sort enfin de l\u2019ambiance glauque et peu int\u00e9ressante de la premi\u00e8re moiti\u00e9 du roman. Par chance les menaces \u00e0 l\u2019encontre du Bourgmestre et la Vierge \u00e0 l\u2019enfant vont r\u00e9veiller tout ce petit monde et nous replonger dans l\u2019envers du d\u00e9cor de la bourgeoisie brugeoise.<br \/>\nMais<span class=\"Apple-converted-space\">\u00a0 <\/span>j\u2019ai trouv\u00e9 lent, brouillon, je n\u2019ai plus ressenti d\u2019\u00e9motion, je n\u2019ai pas pas eu l\u2019impression de suivre une enqu\u00eate. La Vierge \u00e0 l\u2019enfant de Michel-Ange n\u2019a pas fait de miracle\u2026<br \/>\nHeureusement il y a Bruges en hiver\u2026 mais cela ne suffit pas .<br \/>\nGrosse d\u00e9ception donc.<br \/>\nJ\u2019esp\u00e8re que le prochain tome sera plus \u00e9moustillant\u2026 si je pers\u00e9v\u00e8re \u2026<span class=\"Apple-converted-space\">\u00a0<\/span><\/p>\n<p><b>Extraits<\/b>:<\/p>\n<p>D\u2019avoir une silhouette de contrebasse ne l\u2019emp\u00eachait pas de se prendre pour Naomi Campbell.<\/p>\n<p>Sa p\u00e2leur subite aurait rendu un cam\u00e9l\u00e9on malade de jalousie.<\/p>\n<p>Hippie ou\u00a0<i>grunge,\u00a0<\/i>les rebelles valaient toujours mieux que les carri\u00e9ristes au cerveau conditionn\u00e9.<\/p>\n<p>On avait beau n\u2019\u00eatre qu\u2019\u00e0 la mi-f\u00e9vrier, les touristes se pressaient derri\u00e8re les barri\u00e8res de s\u00e9curit\u00e9.<br \/>\n\u00ab\u00a0Avec les moustiques, au moins, on a la paix en hiver\u00a0!\u00a0\u00bb<\/p>\n<p>Avec cinquante pour cent de sang sicilien dans les veines, il appartenait \u00e0 la cat\u00e9gorie des produits hautement inflammables.<\/p>\n<p>Cette odeur de chocolat\u00a0!\u00a0Avec un trait de cognac, cette boisson serait digne de l\u2019ambroisie des dieux grecs\u00a0!<\/p>\n","protected":false},"excerpt":{"rendered":"<p>Auteur\u00a0: (nom de plume de Pierre Aspeslag) est un \u00e9crivain belge de langue n\u00e9erlandaise, n\u00e9 \u00e0 Bruges le 3 avril 1953 et mort le 1er mai 2021 dans la m\u00eame ville. Il est \u00e9galement l\u2019auteur d\u2019autres romans non traduits en fran\u00e7ais de deux livres pour les adolescents (Bloedband : roman d\u2019aventures qui traite de l\u2019amiti\u00e9 &hellip; <\/p>\n<p class=\"read-more\"><a class=\"readmore-btn\" href=\"https:\/\/www.cathjack.ch\/wordpress\/?p=24289\">+<span class=\"screen-reader-text\">  Read More<\/span><\/a><\/p>\n","protected":false},"author":1,"featured_media":24290,"comment_status":"open","ping_status":"open","sticky":false,"template":"","format":"standard","meta":{"_crdt_document":"","_monsterinsights_skip_tracking":false,"_monsterinsights_sitenote_active":false,"_monsterinsights_sitenote_note":"","_monsterinsights_sitenote_category":0,"footnotes":""},"categories":[446,5,243,78],"tags":[197,629,1486,186,538,2830,2832,899,1361,2833,2831],"class_list":["post-24289","post","type-post","status-publish","format-standard","has-post-thumbnail","hentry","category-serie","category-lecture-polar","category-belgique","category-xxeme","tag-amour","tag-bourgeoisie","tag-bruges","tag-enquete","tag-flop","tag-litterature-neerlandaise","tag-michel-ange","tag-nazisme","tag-spoliation","tag-thule","tag-van-in"],"aioseo_notices":[],"_links":{"self":[{"href":"https:\/\/www.cathjack.ch\/wordpress\/index.php?rest_route=\/wp\/v2\/posts\/24289","targetHints":{"allow":["GET"]}}],"collection":[{"href":"https:\/\/www.cathjack.ch\/wordpress\/index.php?rest_route=\/wp\/v2\/posts"}],"about":[{"href":"https:\/\/www.cathjack.ch\/wordpress\/index.php?rest_route=\/wp\/v2\/types\/post"}],"author":[{"embeddable":true,"href":"https:\/\/www.cathjack.ch\/wordpress\/index.php?rest_route=\/wp\/v2\/users\/1"}],"replies":[{"embeddable":true,"href":"https:\/\/www.cathjack.ch\/wordpress\/index.php?rest_route=%2Fwp%2Fv2%2Fcomments&post=24289"}],"version-history":[{"count":2,"href":"https:\/\/www.cathjack.ch\/wordpress\/index.php?rest_route=\/wp\/v2\/posts\/24289\/revisions"}],"predecessor-version":[{"id":24292,"href":"https:\/\/www.cathjack.ch\/wordpress\/index.php?rest_route=\/wp\/v2\/posts\/24289\/revisions\/24292"}],"wp:featuredmedia":[{"embeddable":true,"href":"https:\/\/www.cathjack.ch\/wordpress\/index.php?rest_route=\/wp\/v2\/media\/24290"}],"wp:attachment":[{"href":"https:\/\/www.cathjack.ch\/wordpress\/index.php?rest_route=%2Fwp%2Fv2%2Fmedia&parent=24289"}],"wp:term":[{"taxonomy":"category","embeddable":true,"href":"https:\/\/www.cathjack.ch\/wordpress\/index.php?rest_route=%2Fwp%2Fv2%2Fcategories&post=24289"},{"taxonomy":"post_tag","embeddable":true,"href":"https:\/\/www.cathjack.ch\/wordpress\/index.php?rest_route=%2Fwp%2Fv2%2Ftags&post=24289"}],"curies":[{"name":"wp","href":"https:\/\/api.w.org\/{rel}","templated":true}]}}