{"id":524,"date":"2014-05-06T15:04:17","date_gmt":"2014-05-06T14:04:17","guid":{"rendered":"http:\/\/www.cathjack.ch\/wordpress\/?p=524"},"modified":"2026-08-26T17:31:48","modified_gmt":"2026-08-26T15:31:48","slug":"del-arbol-victor-la-tristesse-du-samourai-2012","status":"publish","type":"post","link":"https:\/\/www.cathjack.ch\/wordpress\/?p=524","title":{"rendered":"del Arbol, Victor  : La Tristesse du Samoura\u00ef (2012) 352 pages"},"content":{"rendered":"<p><strong>R\u00e9sum\u00e9<\/strong> : Mise \u00e9l\u00e9gante et port altier, une femme arpente les quais de la gare de M\u00e9rida au petit matin. Des passagers apeur\u00e9s n&rsquo;osent croire que la guerre est finie, mais Isabel fait partie de la caste des vainqueurs et n&rsquo;a rien \u00e0 redouter des phalangistes arrogants qui battent le pav\u00e9 en ce rude hiver 1941. Elle presse la main de son plus jeune fils et \u00e9crit \u00e0 l&rsquo;a\u00een\u00e9, qu&rsquo;elle s&rsquo;appr\u00eate \u00e0 abandonner, les raisons de sa fuite. Le train pour Lisbonne partira sans elle. L&rsquo;enfant rentre seul chez son p\u00e8re, obnubil\u00e9 par le sabre qu&rsquo;un homme vient de lui promettre. Il n&rsquo;est encore qu&rsquo;un petit gar\u00e7on vuln\u00e9rable, tr\u00e8s attach\u00e9 \u00e0 sa m\u00e8re. Et Isabel dispara\u00eet pour toujours.<\/p>\n<p><strong>Mon avis<\/strong> : &#x1f5a4;&#x1f5a4;&#x1f5a4;&#x1f5a4;&#x1f5a4;<\/p>\n<p><em><strong>Avis 2011<\/strong><\/em> :<br \/>\nC&rsquo;est l&rsquo;un des meilleurs livres\u00a0de ces derni\u00e8res ann\u00e9es\u00a0! Ceux qui me connaissent savent que j&rsquo;aime les auteurs espagnols. Une fois encore je craque! Un roman noir oui. \u00a0Mais surtout un roman&#8230; Complots, torture, enl\u00e8vements, violence contre les femmes, silences, &#8230; enqu\u00eate et ambition politique&#8230; tout est l\u00e0. Magistral! Un crime qui gangr\u00e8ne 3 g\u00e9n\u00e9rations. Des ann\u00e9es 40 aux ann\u00e9es 80. Une trag\u00e9die, une enqu\u00eate. Un livre pas toujours facile \u00e0 suivre car les cheminements des vies et les retours en arri\u00e8re se croisent &#8230;&#8230;. Des \u00eatres fracass\u00e9s, les vies des parents conditionnent les enfants qui se vengent et cherchent \u00e0 comprendre&#8230;<br \/>\nSommes-nous responsables des actes de nos parents ? Devons-nous en porter le poids ? Est-il possible d&rsquo;en r\u00e9chapper? Parfois on se demande comment les vies s&rsquo;imbriquent mais petit \u00e0 petit on comprend comment les destins des protagonistes se m\u00ealent. Les victimes sont les coupables, les coupables les victimes. Un roman fort, impitoyable&#8230; La langue est belle, la po\u00e9sie sous-jacente, ce qui ne g\u00e2che rien!<\/p>\n<p><em><strong>Avis &#8211; Compl\u00e9ment 2026<\/strong><\/em>\u00a0:<\/p>\n<p>J\u2019avais lu ce roman \u00e0 sa sortie (2011) et il fait partie de mes romans \u00ab culte \u00bb. J\u2019ai \u00e9t\u00e9 encore plus impressionn\u00e9e par cette deuxi\u00e8me lecture que par la premi\u00e8re, je me suis davantage attach\u00e9e et\/ou r\u00e9volt\u00e9e en fonction des personnages.<br \/>\nCe roman se d\u00e9roule sur un mode pass\u00e9 &#8211; pr\u00e9sent. Deux ann\u00e9es marquantes 1941 et 1981. Deux femmes en sont les deux principales protagonistes: Isabel, m\u00e8re de deux enfants, qui disparait en 1941, au moment o\u00f9 elle se pr\u00e9parait \u00e0 quitter son mari et fuir pour Lisbonne et Maris, une avocate en 1981. Qui est responsable de la mort d\u2019Isabel? Qui l\u2019a tu\u00e9e? Quel est le lien entre ces deux femmes? Comme dans les romans de cet auteur, l\u2019Histoire est au coeur du roman; l\u2019histoire de l\u2019Espagne, la politique, le Franquisme, les phalangistes. Des secrets du pass\u00e9, des haines visc\u00e9rales , les complots du pouvoir, un roman sur les origines et sur les racines et les secrets de famille\u2026 Une enqu\u00eate de police certes, mais qui remonte dans le pass\u00e9, qui parle de m\u00e9moire et d\u2019oubli. Un roman qui parle aussi de liens familiaux faits d\u2019amour et de haine, des personnages effroyables, avec des psychologies extr\u00eamement retorses et un suspense jusque\u2019au bout\u2026<br \/>\nJ\u2019ai \u00e9galement rajout\u00e9 des extraits relatifs au titre : \u00ab\u00a0la tristesse du samoura\u00ef\u00a0\u00bb qui fait r\u00e9f\u00e9rence \u00e0 une arme redoutable, un sabre japonais<\/p>\n<p><strong>Extraits:<\/strong><\/p>\n<p>Rappelle-toi la devise du samoura\u00ef. L\u2019honneur ou le d\u00e9shonneur ne sont pas dans l\u2019\u00e9p\u00e9e, mais dans la main qui l\u2019empoigne.<\/p>\n<p>Pour se suicider, il faut un certain courage. Quand la vie n\u2019est plus un choix, il ne faut pas laisser le hasard vous arracher le dernier acte digne qui vous reste.<\/p>\n<p>Peu d\u2019\u00eatres humains supportent leur propre regard, car les miroirs d\u00e9clenchent un ph\u00e9nom\u00e8ne curieux\u00a0: vous regardez ce que vous voyez, mais si vous traversez la surface, vous avez l\u2019impression d\u00e9sagr\u00e9able que c\u2019est le reflet qui vous regarde avec insolence. Il vous demande qui vous \u00eates. Comme si l\u2019\u00e9tranger, c\u2019\u00e9tait vous et pas lui.<\/p>\n<p>\u2014\u00a0On n\u2019oublie jamais le pass\u00e9, on ne l\u2019efface jamais\u2026 Je le sais.<\/p>\n<p>Les Allemands sont tr\u00e8s port\u00e9s sur le m\u00e9nage, c\u2019est vrai. D\u2019abord les gens de gauche, puis ceux du centre, les bourgeois, les juifs, les homosexuels, les gitans, les bons \u00e0 rien, les catholiques\u2026 A la fin, ils se d\u00e9voreront entre eux, comme les chiens enrag\u00e9s qui ne savent plus qui mordre. Pour des gens cultiv\u00e9s, ces nazis sont un peu obtus. Mais tr\u00e8s propres sur eux, c\u2019est vrai.<\/p>\n<p>L\u2019amour \u00e9tait une chose superflue et inutile dans ce monde o\u00f9 tout \u00e9tait ob\u00e9issance.<\/p>\n<p>Peu \u00e0 peu, Mar\u00eda comprit combien la prison peut transformer un homme\u00a0: annuler toutes ses vell\u00e9it\u00e9s, faire du silence la fa\u00e7on la plus s\u00fbre de communiquer et de conna\u00eetre l\u2019autre.<\/p>\n<p>\u2014\u00a0Ne pleure pas sur ton p\u00e8re, mon gar\u00e7on. Les h\u00e9ros n\u2019existent pas. Et ceux de l\u2019enfance encore moins que tous les autres.<\/p>\n<p>Le petit matin \u00e9tait lourd de brume, comme s\u2019il portait dans sa couleur grise le souvenir de lieux oubli\u00e9s.<\/p>\n<p>les morts ha\u00efssent avec plus d\u2019intensit\u00e9 que les vivants.<\/p>\n<p>Quand un homme meurt, justement ou pas, il ne se passe rien de particulier. La vie continue. Le paysage ne change pas, il n\u2019y a pas plus de place dans le monde, sauf peut-\u00eatre un peu plus de douleur chez ceux qui ont v\u00e9cu cette mort de pr\u00e8s. Mais m\u00eame cette douleur est vite oubli\u00e9e par la n\u00e9cessit\u00e9 p\u00e9remptoire de vivre, de travailler, de reprendre la routine.<\/p>\n<p>elle r\u00e9alisa sans doute \u00e0 cet instant que ce ne sont pas les lieux qui s\u2019\u00e9garent au fond de notre m\u00e9moire, mais notre regard sur eux.<\/p>\n<p>La d\u00e9faite. La fatigue. La vieillesse. La mort prochaine. Ils \u00e9taient l\u00e0 tous les deux, face \u00e0 face, comme deux vieux chiens \u00e9dent\u00e9s, lourds de ranc\u0153ur, pr\u00eats \u00e0 s\u2019entretuer, m\u00eame s\u2019ils n\u2019en avaient plus la force. Consumer la haine \u00e9tait tout ce qui les attendait.<\/p>\n<p><em><dfn>En<\/dfn><dfn> r\u00e9alit\u00e9, un katana n\u2019\u00e9tait pas une \u00e9p\u00e9e, mais un sabre.<br \/>\n<\/dfn><dfn>\u2014\u00a0Il est beaucoup plus mortel et maniable qu\u2019une \u00e9p\u00e9e. L\u2019\u00e9p\u00e9e frappe. Le sabre tranche, dit-il sur un ton professionnel, sans \u00e9motion. Quant au nom, il n\u2019est pas de moi. C\u2019est celui que portait l\u2019original dont je me suis inspir\u00e9. Il appartenait \u00e0 Toshi Yamato, un samoura\u00ef du <small>XVII<\/small><sup>e<\/sup> si\u00e8cle, un des guerriers les plus sanguinaires de son temps, v\u00e9n\u00e9r\u00e9 pour sa vigueur et sa cruaut\u00e9 au combat.<\/dfn><\/em><\/p>\n<p>Cette arme incarne les plus belles qualit\u00e9s du guerrier : courage, loyaut\u00e9, ardeur, \u00e9l\u00e9gance, pr\u00e9cision et pouvoir, et en m\u00eame temps elle \u00e9voque le pire : mort, douleur, souffrance, folie meurtri\u00e8re.<\/p>\n<p>L\u2019ignorance ne rach\u00e8te pas la faute.<\/p>\n<p>Le destin \u00e9tait \u00e9trange, il d\u00e9crivait des cercles qui reliaient des \u00e9v\u00e9nements apparemment sans liens entre eux et soudain tout s\u2019expliquait. Il comprenait maintenant qu\u2019il\u00a0<a id=\"pg_253\"><\/a>\u00e9tait enferm\u00e9 dans ce cercle et que d\u2019une certaine fa\u00e7on les enfants paient pour les crimes commis par les parents.<\/p>\n<p>Et elle se dit que c\u2019\u00e9tait une femme d\u2019une autre \u00e9poque, qui avait l\u2019\u00e9l\u00e9gance d\u2019un film en noir et blanc. La pl\u00e9nitude au c\u0153ur de l\u2019absence.<\/p>\n<p>Coincer quelqu\u2019un entre l\u2019arbre et l\u2019\u00e9corce, c\u2019\u00e9tait ce qu\u2019elle avait fait toute sa vie devant les tribunaux.<\/p>\n<p>C\u2019est curieux, cette fa\u00e7on qu\u2019ont parfois les gens de croiser et m\u00eame de fondre leurs destins.<\/p>\n<p>Pourtant, nous \u00e9prouvons parfois le besoin de r\u00e9parer le mal que d\u2019autres ont commis et de nous d\u00e9barrasser d\u2019un poids que nous supportons injustement.<\/p>\n<p>\u2014\u00a0La vie n\u2019est pas juste\u00a0: nous cherchons des consolations \u00e0 l\u2019inconsolable, des explications \u00e0 l\u2019incompr\u00e9hensible, des justifications \u00e0 l\u2019injustifiable. Il n\u2019y a pas de raison dans la folie, pas de logique dans le c\u0153ur que l\u2019existence empoisonne. Je me suis demand\u00e9 pourquoi les hommes bons sont ceux qui connaissent la douleur de perdre ceux qu\u2019ils aiment, qui connaissent la trahison, l\u2019oubli et l\u2019humiliation.<\/p>\n<p>\u2014\u00a0Il y a des plaies incurables, Mar\u00eda. Mais nous devons avancer avec ce que nous sommes. Il ne faut pas demander pardon, \u00e7a ne sert \u00e0 rien. Il faut simplement avancer, il n\u2019y a pas d\u2019autre solution.<\/p>\n<p style=\"margin: 0cm 0cm 10pt;\">* <em><strong>la photo<\/strong> est celle de ma maman<\/em><\/p>\n","protected":false},"excerpt":{"rendered":"<p>R\u00e9sum\u00e9 : Mise \u00e9l\u00e9gante et port altier, une femme arpente les quais de la gare de M\u00e9rida au petit matin. Des passagers apeur\u00e9s n&rsquo;osent croire que la guerre est finie, mais Isabel fait partie de la caste des vainqueurs et n&rsquo;a rien \u00e0 redouter des phalangistes arrogants qui battent le pav\u00e9 en ce rude hiver &hellip; <\/p>\n<p class=\"read-more\"><a class=\"readmore-btn\" href=\"https:\/\/www.cathjack.ch\/wordpress\/?p=524\">+<span class=\"screen-reader-text\">  Read More<\/span><\/a><\/p>\n","protected":false},"author":1,"featured_media":528,"comment_status":"open","ping_status":"open","sticky":false,"template":"","format":"standard","meta":{"_monsterinsights_skip_tracking":false,"footnotes":""},"categories":[2,36,35,23,8],"tags":[2938,778,1217,2816,262,462,514,334,1233,2939,190,753,393,515,314,2556,1853,1056,1273,319,1367,1969,2936,400,1307,2937],"class_list":["post-524","post","type-post","status-publish","format-standard","has-post-thumbnail","hentry","category-lectures","category-barcelone","category-coup-de-coeur-lectures","category-espagne","category-espagnol","tag-apres-guerre","tag-cancer","tag-complots","tag-coup-detat","tag-enlevement","tag-espionnage","tag-haine","tag-meurtres","tag-milieu-carceral","tag-phalangistes","tag-politique","tag-pouvoir","tag-prison","tag-racines","tag-rapports-familiaux","tag-relations-hommes-femmes","tag-relations-pere-fille","tag-roman-noir","tag-saga-familiale","tag-suicide","tag-thriller-psychologique","tag-trahisons","tag-transmission-hereditaire","tag-vengeance","tag-violence-conjugale","tag-violence-faite-aux-femmes"],"aioseo_notices":[],"aioseo_head":"\n\t\t<!-- All in One SEO 5.0.1.1 - aioseo.com -->\n\t<meta name=\"description\" content=\"R\u00e9sum\u00e9 : Mise \u00e9l\u00e9gante et port altier, une femme arpente les quais de la gare de M\u00e9rida au petit matin. Des passagers apeur\u00e9s n&#039;osent croire que la guerre est finie, mais Isabel fait partie de la caste des vainqueurs et n&#039;a rien \u00e0 redouter des phalangistes arrogants qui battent le pav\u00e9 en ce rude hiver\" \/>\n\t<meta name=\"robots\" content=\"max-image-preview:large\" \/>\n\t<meta name=\"author\" content=\"Catherine\"\/>\n\t<link rel=\"canonical\" href=\"https:\/\/www.cathjack.ch\/wordpress\/?p=524\" \/>\n\t<meta name=\"generator\" content=\"All in One SEO (AIOSEO) 5.0.1.1\" \/>\n\t\t<meta property=\"og:locale\" content=\"fr_FR\" \/>\n\t\t<meta property=\"og:site_name\" content=\"Ballade au fil de l&#039;eau ... - mes envies ... mes passions ... mes lectures ...\" \/>\n\t\t<meta property=\"og:type\" content=\"article\" \/>\n\t\t<meta property=\"og:title\" content=\"del Arbol, Victor : La Tristesse du Samoura\u00ef (2012) 352 pages - Ballade au fil de l&#039;eau ...\" \/>\n\t\t<meta property=\"og:description\" content=\"R\u00e9sum\u00e9 : Mise \u00e9l\u00e9gante et port altier, une femme arpente les quais de la gare de M\u00e9rida au petit matin. Des passagers apeur\u00e9s n&#039;osent croire que la guerre est finie, mais Isabel fait partie de la caste des vainqueurs et n&#039;a rien \u00e0 redouter des phalangistes arrogants qui battent le pav\u00e9 en ce rude hiver\" \/>\n\t\t<meta property=\"og:url\" content=\"https:\/\/www.cathjack.ch\/wordpress\/?p=524\" \/>\n\t\t<meta property=\"article:published_time\" content=\"2014-05-06T14:04:17+00:00\" \/>\n\t\t<meta property=\"article:modified_time\" content=\"2026-08-26T15:31:48+00:00\" \/>\n\t\t<meta name=\"twitter:card\" content=\"summary_large_image\" \/>\n\t\t<meta name=\"twitter:title\" content=\"del Arbol, Victor : La Tristesse du Samoura\u00ef (2012) 352 pages - Ballade au fil de l&#039;eau ...\" \/>\n\t\t<meta name=\"twitter:description\" content=\"R\u00e9sum\u00e9 : Mise \u00e9l\u00e9gante et port altier, une femme arpente les quais de la gare de M\u00e9rida au petit matin. Des passagers apeur\u00e9s n&#039;osent croire que la guerre est finie, mais Isabel fait partie de la caste des vainqueurs et n&#039;a rien \u00e0 redouter des phalangistes arrogants qui battent le pav\u00e9 en ce rude hiver\" \/>\n\t\t<script type=\"application\/ld+json\" class=\"aioseo-schema\">\n\t\t\t{\"@context\":\"https:\\\/\\\/schema.org\",\"@graph\":[{\"@type\":\"BlogPosting\",\"@id\":\"https:\\\/\\\/www.cathjack.ch\\\/wordpress\\\/?p=524#blogposting\",\"name\":\"del Arbol, Victor : La Tristesse du Samoura\\u00ef (2012) 352 pages - Ballade au fil de l'eau ...\",\"headline\":\"del Arbol, Victor  : La Tristesse du Samoura\\u00ef (2012) 352 pages\",\"author\":{\"@id\":\"https:\\\/\\\/www.cathjack.ch\\\/wordpress\\\/?author=1#author\"},\"publisher\":{\"@id\":\"https:\\\/\\\/www.cathjack.ch\\\/wordpress\\\/#organization\"},\"image\":{\"@type\":\"ImageObject\",\"url\":\"https:\\\/\\\/www.cathjack.ch\\\/wordpress\\\/wp-content\\\/uploads\\\/2014\\\/05\\\/gbstudio2-1.jpg\",\"width\":498,\"height\":600},\"datePublished\":\"2014-05-06T15:04:17+02:00\",\"dateModified\":\"2026-08-26T17:31:48+02:00\",\"inLanguage\":\"fr-FR\",\"commentCount\":6,\"mainEntityOfPage\":{\"@id\":\"https:\\\/\\\/www.cathjack.ch\\\/wordpress\\\/?p=524#webpage\"},\"isPartOf\":{\"@id\":\"https:\\\/\\\/www.cathjack.ch\\\/wordpress\\\/?p=524#webpage\"},\"articleSection\":\"Au fil des pages : mes lectures, Barcelone, Coup de coeur (livres), Espagne, litt\\u00e9rature espagnole, apr\\u00e8s-guerre, cancer, complots, coup d'Etat, enl\\u00e8vement, espionnage, haine, meurtres, milieu carc\\u00e9ral, phalangistes, politique, pouvoir, prison, racines, rapports familiaux, relations hommes-femmes, relations p\\u00e8re-fille, roman noir, saga familiale, suicide, thriller psychologique, trahisons, transmission h\\u00e9r\\u00e9ditaire, vengeance, violence conjugale, violence faite aux femmes\"},{\"@type\":\"BreadcrumbList\",\"@id\":\"https:\\\/\\\/www.cathjack.ch\\\/wordpress\\\/?p=524#breadcrumblist\",\"itemListElement\":[{\"@type\":\"ListItem\",\"@id\":\"https:\\\/\\\/www.cathjack.ch\\\/wordpress#listItem\",\"position\":1,\"name\":\"Home\",\"item\":\"https:\\\/\\\/www.cathjack.ch\\\/wordpress\",\"nextItem\":{\"@type\":\"ListItem\",\"@id\":\"https:\\\/\\\/www.cathjack.ch\\\/wordpress\\\/?cat=185#listItem\",\"name\":\"Litt\\u00e9rature\"}},{\"@type\":\"ListItem\",\"@id\":\"https:\\\/\\\/www.cathjack.ch\\\/wordpress\\\/?cat=185#listItem\",\"position\":2,\"name\":\"Litt\\u00e9rature\",\"item\":\"https:\\\/\\\/www.cathjack.ch\\\/wordpress\\\/?cat=185\",\"nextItem\":{\"@type\":\"ListItem\",\"@id\":\"https:\\\/\\\/www.cathjack.ch\\\/wordpress\\\/?cat=8#listItem\",\"name\":\"litt\\u00e9rature espagnole\"},\"previousItem\":{\"@type\":\"ListItem\",\"@id\":\"https:\\\/\\\/www.cathjack.ch\\\/wordpress#listItem\",\"name\":\"Home\"}},{\"@type\":\"ListItem\",\"@id\":\"https:\\\/\\\/www.cathjack.ch\\\/wordpress\\\/?cat=8#listItem\",\"position\":3,\"name\":\"litt\\u00e9rature espagnole\",\"item\":\"https:\\\/\\\/www.cathjack.ch\\\/wordpress\\\/?cat=8\",\"nextItem\":{\"@type\":\"ListItem\",\"@id\":\"https:\\\/\\\/www.cathjack.ch\\\/wordpress\\\/?p=524#listItem\",\"name\":\"del Arbol, Victor  : La Tristesse du Samoura\\u00ef (2012) 352 pages\"},\"previousItem\":{\"@type\":\"ListItem\",\"@id\":\"https:\\\/\\\/www.cathjack.ch\\\/wordpress\\\/?cat=185#listItem\",\"name\":\"Litt\\u00e9rature\"}},{\"@type\":\"ListItem\",\"@id\":\"https:\\\/\\\/www.cathjack.ch\\\/wordpress\\\/?p=524#listItem\",\"position\":4,\"name\":\"del Arbol, Victor  : La Tristesse du Samoura\\u00ef (2012) 352 pages\",\"previousItem\":{\"@type\":\"ListItem\",\"@id\":\"https:\\\/\\\/www.cathjack.ch\\\/wordpress\\\/?cat=8#listItem\",\"name\":\"litt\\u00e9rature espagnole\"}}]},{\"@type\":\"Organization\",\"@id\":\"https:\\\/\\\/www.cathjack.ch\\\/wordpress\\\/#organization\",\"name\":\"Ballade au fil de l'eau ...\",\"description\":\"mes envies ... mes passions ... mes lectures ...\",\"url\":\"https:\\\/\\\/www.cathjack.ch\\\/wordpress\\\/\",\"logo\":{\"@type\":\"ImageObject\",\"url\":\"https:\\\/\\\/www.cathjack.ch\\\/wordpress\\\/wp-admin\\\/profile.php#\",\"@id\":\"https:\\\/\\\/www.cathjack.ch\\\/wordpress\\\/?p=524\\\/#organizationLogo\"},\"image\":{\"@id\":\"https:\\\/\\\/www.cathjack.ch\\\/wordpress\\\/?p=524\\\/#organizationLogo\"}},{\"@type\":\"Person\",\"@id\":\"https:\\\/\\\/www.cathjack.ch\\\/wordpress\\\/?author=1#author\",\"url\":\"https:\\\/\\\/www.cathjack.ch\\\/wordpress\\\/?author=1\",\"name\":\"Catherine\"},{\"@type\":\"WebPage\",\"@id\":\"https:\\\/\\\/www.cathjack.ch\\\/wordpress\\\/?p=524#webpage\",\"url\":\"https:\\\/\\\/www.cathjack.ch\\\/wordpress\\\/?p=524\",\"name\":\"del Arbol, Victor : La Tristesse du Samoura\\u00ef (2012) 352 pages - Ballade au fil de l'eau ...\",\"description\":\"R\\u00e9sum\\u00e9 : Mise \\u00e9l\\u00e9gante et port altier, une femme arpente les quais de la gare de M\\u00e9rida au petit matin. Des passagers apeur\\u00e9s n'osent croire que la guerre est finie, mais Isabel fait partie de la caste des vainqueurs et n'a rien \\u00e0 redouter des phalangistes arrogants qui battent le pav\\u00e9 en ce rude hiver\",\"inLanguage\":\"fr-FR\",\"isPartOf\":{\"@id\":\"https:\\\/\\\/www.cathjack.ch\\\/wordpress\\\/#website\"},\"breadcrumb\":{\"@id\":\"https:\\\/\\\/www.cathjack.ch\\\/wordpress\\\/?p=524#breadcrumblist\"},\"author\":{\"@id\":\"https:\\\/\\\/www.cathjack.ch\\\/wordpress\\\/?author=1#author\"},\"creator\":{\"@id\":\"https:\\\/\\\/www.cathjack.ch\\\/wordpress\\\/?author=1#author\"},\"image\":{\"@type\":\"ImageObject\",\"url\":\"https:\\\/\\\/www.cathjack.ch\\\/wordpress\\\/wp-content\\\/uploads\\\/2014\\\/05\\\/gbstudio2-1.jpg\",\"@id\":\"https:\\\/\\\/www.cathjack.ch\\\/wordpress\\\/?p=524\\\/#mainImage\",\"width\":498,\"height\":600},\"primaryImageOfPage\":{\"@id\":\"https:\\\/\\\/www.cathjack.ch\\\/wordpress\\\/?p=524#mainImage\"},\"datePublished\":\"2014-05-06T15:04:17+02:00\",\"dateModified\":\"2026-08-26T17:31:48+02:00\"},{\"@type\":\"WebSite\",\"@id\":\"https:\\\/\\\/www.cathjack.ch\\\/wordpress\\\/#website\",\"url\":\"https:\\\/\\\/www.cathjack.ch\\\/wordpress\\\/\",\"name\":\"Ballade au fil de l'eau ...\",\"description\":\"mes envies ... mes passions ... mes lectures ...\",\"inLanguage\":\"fr-FR\",\"publisher\":{\"@id\":\"https:\\\/\\\/www.cathjack.ch\\\/wordpress\\\/#organization\"}}]}\n\t\t<\/script>\n\t\t<!-- All in One SEO -->\n\n","aioseo_head_json":{"title":"del Arbol, Victor : La Tristesse du Samoura\u00ef (2012) 352 pages - Ballade au fil de l'eau ...","description":"R\u00e9sum\u00e9 : Mise \u00e9l\u00e9gante et port altier, une femme arpente les quais de la gare de M\u00e9rida au petit matin. Des passagers apeur\u00e9s n'osent croire que la guerre est finie, mais Isabel fait partie de la caste des vainqueurs et n'a rien \u00e0 redouter des phalangistes arrogants qui battent le pav\u00e9 en ce rude hiver","canonical_url":"https:\/\/www.cathjack.ch\/wordpress\/?p=524","robots":"max-image-preview:large","keywords":"","webmasterTools":{"miscellaneous":""},"schema":{"@context":"https:\/\/schema.org","@graph":[{"@type":"BlogPosting","@id":"https:\/\/www.cathjack.ch\/wordpress\/?p=524#blogposting","name":"del Arbol, Victor : La Tristesse du Samoura\u00ef (2012) 352 pages - Ballade au fil de l'eau ...","headline":"del Arbol, Victor  : La Tristesse du Samoura\u00ef (2012) 352 pages","author":{"@id":"https:\/\/www.cathjack.ch\/wordpress\/?author=1#author"},"publisher":{"@id":"https:\/\/www.cathjack.ch\/wordpress\/#organization"},"image":{"@type":"ImageObject","url":"https:\/\/www.cathjack.ch\/wordpress\/wp-content\/uploads\/2014\/05\/gbstudio2-1.jpg","width":498,"height":600},"datePublished":"2014-05-06T15:04:17+02:00","dateModified":"2026-08-26T17:31:48+02:00","inLanguage":"fr-FR","commentCount":6,"mainEntityOfPage":{"@id":"https:\/\/www.cathjack.ch\/wordpress\/?p=524#webpage"},"isPartOf":{"@id":"https:\/\/www.cathjack.ch\/wordpress\/?p=524#webpage"},"articleSection":"Au fil des pages : mes lectures, Barcelone, Coup de coeur (livres), Espagne, litt\u00e9rature espagnole, apr\u00e8s-guerre, cancer, complots, coup d'Etat, enl\u00e8vement, espionnage, haine, meurtres, milieu carc\u00e9ral, phalangistes, politique, pouvoir, prison, racines, rapports familiaux, relations hommes-femmes, relations p\u00e8re-fille, roman noir, saga familiale, suicide, thriller psychologique, trahisons, transmission h\u00e9r\u00e9ditaire, vengeance, violence conjugale, violence faite aux femmes"},{"@type":"BreadcrumbList","@id":"https:\/\/www.cathjack.ch\/wordpress\/?p=524#breadcrumblist","itemListElement":[{"@type":"ListItem","@id":"https:\/\/www.cathjack.ch\/wordpress#listItem","position":1,"name":"Home","item":"https:\/\/www.cathjack.ch\/wordpress","nextItem":{"@type":"ListItem","@id":"https:\/\/www.cathjack.ch\/wordpress\/?cat=185#listItem","name":"Litt\u00e9rature"}},{"@type":"ListItem","@id":"https:\/\/www.cathjack.ch\/wordpress\/?cat=185#listItem","position":2,"name":"Litt\u00e9rature","item":"https:\/\/www.cathjack.ch\/wordpress\/?cat=185","nextItem":{"@type":"ListItem","@id":"https:\/\/www.cathjack.ch\/wordpress\/?cat=8#listItem","name":"litt\u00e9rature espagnole"},"previousItem":{"@type":"ListItem","@id":"https:\/\/www.cathjack.ch\/wordpress#listItem","name":"Home"}},{"@type":"ListItem","@id":"https:\/\/www.cathjack.ch\/wordpress\/?cat=8#listItem","position":3,"name":"litt\u00e9rature espagnole","item":"https:\/\/www.cathjack.ch\/wordpress\/?cat=8","nextItem":{"@type":"ListItem","@id":"https:\/\/www.cathjack.ch\/wordpress\/?p=524#listItem","name":"del Arbol, Victor  : La Tristesse du Samoura\u00ef (2012) 352 pages"},"previousItem":{"@type":"ListItem","@id":"https:\/\/www.cathjack.ch\/wordpress\/?cat=185#listItem","name":"Litt\u00e9rature"}},{"@type":"ListItem","@id":"https:\/\/www.cathjack.ch\/wordpress\/?p=524#listItem","position":4,"name":"del Arbol, Victor  : La Tristesse du Samoura\u00ef (2012) 352 pages","previousItem":{"@type":"ListItem","@id":"https:\/\/www.cathjack.ch\/wordpress\/?cat=8#listItem","name":"litt\u00e9rature espagnole"}}]},{"@type":"Organization","@id":"https:\/\/www.cathjack.ch\/wordpress\/#organization","name":"Ballade au fil de l'eau ...","description":"mes envies ... mes passions ... mes lectures ...","url":"https:\/\/www.cathjack.ch\/wordpress\/","logo":{"@type":"ImageObject","url":"https:\/\/www.cathjack.ch\/wordpress\/wp-admin\/profile.php#","@id":"https:\/\/www.cathjack.ch\/wordpress\/?p=524\/#organizationLogo"},"image":{"@id":"https:\/\/www.cathjack.ch\/wordpress\/?p=524\/#organizationLogo"}},{"@type":"Person","@id":"https:\/\/www.cathjack.ch\/wordpress\/?author=1#author","url":"https:\/\/www.cathjack.ch\/wordpress\/?author=1","name":"Catherine"},{"@type":"WebPage","@id":"https:\/\/www.cathjack.ch\/wordpress\/?p=524#webpage","url":"https:\/\/www.cathjack.ch\/wordpress\/?p=524","name":"del Arbol, Victor : La Tristesse du Samoura\u00ef (2012) 352 pages - Ballade au fil de l'eau ...","description":"R\u00e9sum\u00e9 : Mise \u00e9l\u00e9gante et port altier, une femme arpente les quais de la gare de M\u00e9rida au petit matin. Des passagers apeur\u00e9s n'osent croire que la guerre est finie, mais Isabel fait partie de la caste des vainqueurs et n'a rien \u00e0 redouter des phalangistes arrogants qui battent le pav\u00e9 en ce rude hiver","inLanguage":"fr-FR","isPartOf":{"@id":"https:\/\/www.cathjack.ch\/wordpress\/#website"},"breadcrumb":{"@id":"https:\/\/www.cathjack.ch\/wordpress\/?p=524#breadcrumblist"},"author":{"@id":"https:\/\/www.cathjack.ch\/wordpress\/?author=1#author"},"creator":{"@id":"https:\/\/www.cathjack.ch\/wordpress\/?author=1#author"},"image":{"@type":"ImageObject","url":"https:\/\/www.cathjack.ch\/wordpress\/wp-content\/uploads\/2014\/05\/gbstudio2-1.jpg","@id":"https:\/\/www.cathjack.ch\/wordpress\/?p=524\/#mainImage","width":498,"height":600},"primaryImageOfPage":{"@id":"https:\/\/www.cathjack.ch\/wordpress\/?p=524#mainImage"},"datePublished":"2014-05-06T15:04:17+02:00","dateModified":"2026-08-26T17:31:48+02:00"},{"@type":"WebSite","@id":"https:\/\/www.cathjack.ch\/wordpress\/#website","url":"https:\/\/www.cathjack.ch\/wordpress\/","name":"Ballade au fil de l'eau ...","description":"mes envies ... mes passions ... mes lectures ...","inLanguage":"fr-FR","publisher":{"@id":"https:\/\/www.cathjack.ch\/wordpress\/#organization"}}]},"og:locale":"fr_FR","og:site_name":"Ballade au fil de l'eau ... - mes envies ... mes passions ... mes lectures ...","og:type":"article","og:title":"del Arbol, Victor : La Tristesse du Samoura\u00ef (2012) 352 pages - Ballade au fil de l'eau ...","og:description":"R\u00e9sum\u00e9 : Mise \u00e9l\u00e9gante et port altier, une femme arpente les quais de la gare de M\u00e9rida au petit matin. Des passagers apeur\u00e9s n'osent croire que la guerre est finie, mais Isabel fait partie de la caste des vainqueurs et n'a rien \u00e0 redouter des phalangistes arrogants qui battent le pav\u00e9 en ce rude hiver","og:url":"https:\/\/www.cathjack.ch\/wordpress\/?p=524","article:published_time":"2014-05-06T14:04:17+00:00","article:modified_time":"2026-08-26T15:31:48+00:00","twitter:card":"summary_large_image","twitter:title":"del Arbol, Victor : La Tristesse du Samoura\u00ef (2012) 352 pages - Ballade au fil de l'eau ...","twitter:description":"R\u00e9sum\u00e9 : Mise \u00e9l\u00e9gante et port altier, une femme arpente les quais de la gare de M\u00e9rida au petit matin. Des passagers apeur\u00e9s n'osent croire que la guerre est finie, mais Isabel fait partie de la caste des vainqueurs et n'a rien \u00e0 redouter des phalangistes arrogants qui battent le pav\u00e9 en ce rude hiver"},"aioseo_meta_data":{"post_id":"524","title":null,"description":null,"keywords":null,"keyphrases":{"focus":{"keyphrase":"","score":0,"analysis":{"keyphraseInTitle":{"score":0,"maxScore":9,"error":1}}},"additional":[]},"primary_term":null,"canonical_url":null,"og_title":null,"og_description":null,"og_object_type":"default","og_image_type":"default","og_image_url":null,"og_image_width":null,"og_image_height":null,"og_image_custom_url":null,"og_image_custom_fields":null,"og_video":"","og_custom_url":null,"og_article_section":null,"og_article_tags":null,"twitter_use_og":false,"twitter_card":"default","twitter_image_type":"default","twitter_image_url":null,"twitter_image_custom_url":null,"twitter_image_custom_fields":null,"twitter_title":null,"twitter_description":null,"schema":{"blockGraphs":[],"customGraphs":[],"default":{"data":{"Article":[],"Course":[],"Dataset":[],"FAQPage":[],"Movie":[],"Person":[],"Product":[],"ProductReview":[],"Car":[],"Recipe":[],"Service":[],"SoftwareApplication":[],"WebPage":[]},"graphName":"BlogPosting","isEnabled":true},"graphs":[]},"schema_type":"default","schema_type_options":null,"pillar_content":false,"robots_default":true,"robots_noindex":false,"robots_noarchive":false,"robots_nosnippet":false,"robots_nofollow":false,"robots_noimageindex":false,"robots_noodp":false,"robots_notranslate":false,"robots_max_snippet":"-1","robots_max_videopreview":"-1","robots_max_imagepreview":"large","priority":null,"frequency":"default","local_seo":null,"breadcrumb_settings":null,"limit_modified_date":false,"ai":{"faqs":[],"keyPoints":[],"schemas":[],"titles":[],"descriptions":[],"socialPosts":{"email":{"subject":"","preview":"","content":""},"linkedin":[],"twitter":[],"facebook":[],"instagram":[]}},"created":"2022-11-17 15:32:17","updated":"2026-08-26 21:23:46","seo_analyzer_scan_date":null,"focus_keyword":null,"additional_keywords":null,"truseo_locale":null},"aioseo_breadcrumb":"<div class=\"aioseo-breadcrumbs\"><span class=\"aioseo-breadcrumb\">\n\t\t\t<a href=\"https:\/\/www.cathjack.ch\/wordpress\" title=\"Home\">Home<\/a>\n\t\t<\/span><span class=\"aioseo-breadcrumb-separator\">&raquo;<\/span><span class=\"aioseo-breadcrumb\">\n\t\t\t<a href=\"https:\/\/www.cathjack.ch\/wordpress\/?cat=185\" title=\"Litt\u00e9rature\">Litt\u00e9rature<\/a>\n\t\t<\/span><span class=\"aioseo-breadcrumb-separator\">&raquo;<\/span><span class=\"aioseo-breadcrumb\">\n\t\t\t<a href=\"https:\/\/www.cathjack.ch\/wordpress\/?cat=8\" title=\"litt\u00e9rature espagnole\">litt\u00e9rature espagnole<\/a>\n\t\t<\/span><span class=\"aioseo-breadcrumb-separator\">&raquo;<\/span><span class=\"aioseo-breadcrumb\">\n\t\t\tdel Arbol, Victor  : La Tristesse du Samoura\u00ef (2012) 352 pages\n\t\t<\/span><\/div>","aioseo_breadcrumb_json":[{"label":"Home","link":"https:\/\/www.cathjack.ch\/wordpress"},{"label":"Litt\u00e9rature","link":"https:\/\/www.cathjack.ch\/wordpress\/?cat=185"},{"label":"litt\u00e9rature espagnole","link":"https:\/\/www.cathjack.ch\/wordpress\/?cat=8"},{"label":"del Arbol, Victor  : La Tristesse du Samoura\u00ef (2012) 352 pages","link":"https:\/\/www.cathjack.ch\/wordpress\/?p=524"}],"_links":{"self":[{"href":"https:\/\/www.cathjack.ch\/wordpress\/index.php?rest_route=\/wp\/v2\/posts\/524","targetHints":{"allow":["GET"]}}],"collection":[{"href":"https:\/\/www.cathjack.ch\/wordpress\/index.php?rest_route=\/wp\/v2\/posts"}],"about":[{"href":"https:\/\/www.cathjack.ch\/wordpress\/index.php?rest_route=\/wp\/v2\/types\/post"}],"author":[{"embeddable":true,"href":"https:\/\/www.cathjack.ch\/wordpress\/index.php?rest_route=\/wp\/v2\/users\/1"}],"replies":[{"embeddable":true,"href":"https:\/\/www.cathjack.ch\/wordpress\/index.php?rest_route=%2Fwp%2Fv2%2Fcomments&post=524"}],"version-history":[{"count":11,"href":"https:\/\/www.cathjack.ch\/wordpress\/index.php?rest_route=\/wp\/v2\/posts\/524\/revisions"}],"predecessor-version":[{"id":24867,"href":"https:\/\/www.cathjack.ch\/wordpress\/index.php?rest_route=\/wp\/v2\/posts\/524\/revisions\/24867"}],"wp:featuredmedia":[{"embeddable":true,"href":"https:\/\/www.cathjack.ch\/wordpress\/index.php?rest_route=\/wp\/v2\/media\/528"}],"wp:attachment":[{"href":"https:\/\/www.cathjack.ch\/wordpress\/index.php?rest_route=%2Fwp%2Fv2%2Fmedia&parent=524"}],"wp:term":[{"taxonomy":"category","embeddable":true,"href":"https:\/\/www.cathjack.ch\/wordpress\/index.php?rest_route=%2Fwp%2Fv2%2Fcategories&post=524"},{"taxonomy":"post_tag","embeddable":true,"href":"https:\/\/www.cathjack.ch\/wordpress\/index.php?rest_route=%2Fwp%2Fv2%2Ftags&post=524"}],"curies":[{"name":"wp","href":"https:\/\/api.w.org\/{rel}","templated":true}]}}