{"id":5290,"date":"2017-12-12T19:13:12","date_gmt":"2017-12-12T18:13:12","guid":{"rendered":"http:\/\/www.cathjack.ch\/wordpress\/?p=5290"},"modified":"2023-03-02T13:08:44","modified_gmt":"2023-03-02T11:08:44","slug":"voltenauer-marc-qui-a-tue-heidi-09-2017","status":"publish","type":"post","link":"https:\/\/www.cathjack.ch\/wordpress\/?p=5290","title":{"rendered":"Voltenauer, Marc \u00abQui a tu\u00e9 Heidi ?\u00bb (09. 2017)"},"content":{"rendered":"<p><strong>Auteur\u00a0<\/strong>: Ecrivain suisse, Marc Voltenauer est n\u00e9 en 1973 \u00e0 Gen\u00e8ve, d&rsquo;une m\u00e8re su\u00e9doise et d&rsquo;un p\u00e8re allemand et a v\u00e9cu \u00e0 Versoix, au bord du L\u00e9man, les vingt premi\u00e8res ann\u00e9es de sa vie. Enfant, il est partag\u00e9 entre sa passion pour le foot et son attrait pour une carri\u00e8re de pasteur, peut-\u00eatre pour suivre les traces de son grand-p\u00e8re, \u00e9v\u00eaque au sein de l\u2019\u00e9glise luth\u00e9rienne de Su\u00e8de. Apr\u00e8s des \u00e9tudes de Th\u00e9ologie \u00e0 l\u2019Universit\u00e9 de Gen\u00e8ve, Marc Voltenauer s\u2019engage comme Secr\u00e9taire g\u00e9n\u00e9ral des Unions Chr\u00e9tiennes de Gen\u00e8ve et opte ensuite pour un poste dans les ressources humaines au sein d\u2019une banque. C\u2019est suite \u00e0 un voyage autour du monde qu\u2019il d\u00e9cide de se mettre \u00e0 l\u2019\u00e9criture, et trouve \u00e0 son retour son inspiration dans le pittoresque village montagnard de Gryon. Grand amateur de films et de romans policiers, il se dirige tout naturellement vers le polar.<\/p>\n<p><strong>S\u00e9rie : Andreas Auer<\/strong> \u00ab<span style=\"color: #0000ff;\"><a style=\"color: #0000ff;\" href=\"https:\/\/www.cathjack.ch\/wordpress\/?p=5957\">Le Dragon du Muveran<\/a>\u00bb<\/span> est le 1er roman de cet auteur mettant en sc\u00e8ne l\u2019Inspecteur Andreas Auer. La 2<sup>\u00e8me<\/sup> enqu\u00eate de Auer \u00ab<span style=\"color: #0000ff;\"><a style=\"color: #0000ff;\" href=\"http:\/\/www.cathjack.ch\/wordpress\/?p=5290\">Qui a tu\u00e9 Heidi ?<\/a><\/span>\u00bb(septembre 2017).\u00a0 \u00ab<span style=\"color: #0000ff;\"> <a style=\"color: #0000ff;\" href=\"https:\/\/www.cathjack.ch\/wordpress\/?p=8135\">L\u2019aigle de sang<\/a><\/span>\u00bb (14 mars 2019), \u00a0\u00ab<span style=\"color: #0000ff;\"><a style=\"color: #0000ff;\" href=\"https:\/\/www.cathjack.ch\/wordpress\/?p=11924\">Les prot\u00e9g\u00e9s de Sainte Kinga<\/a><\/span>\u00bb(1 octobre 2020);\u00a0\u00ab<span style=\"color: #0000ff;\"><a style=\"color: #0000ff;\" title=\"Voltenauer, Marc \u00abCendres ardentes\u00a0\u00bb (2023) S\u00e9rie : Andreas Auer (tome 5) 400 pages\" href=\"https:\/\/www.cathjack.ch\/wordpress\/?p=17837\">Cendres ardentes<\/a><\/span>\u00a0\u00bb (2 mars 2023)<\/p>\n<p>Editions Slatkine &#8211; 24.08.2017\u00a0 &#8211; 445 pages\u00a0 \/Pocket 14.3.2019<\/p>\n<p><strong>R\u00e9sum\u00e9<\/strong>\u00a0: \u00ab Heidi gisait dans une mare de sang, la gorge tranch\u00e9e\u2026 Soudain, depuis le sommet d\u2019un nuage orageux, un sillon lumineux fendit le ciel et un \u00e9clair s\u2019\u00e9crasa sur la cr\u00eate du Grand Muveran. \u00bb<\/p>\n<p>Un politicien abattu \u00e0 l\u2019Op\u00e9ra de Berlin, un tueur \u00e0 gages en mission \u00e0 Gryon, des fantasmes meurtriers dans le secret d\u2019une chambre\u2026L\u2019inspecteur Auer reprend du service. Il entra\u00eene Mika\u00ebl, son compagnon, dans un voyage sans retour, au plus noir de l\u2019\u00e2me humaine.<\/p>\n<p>Apr\u00e8s le succ\u00e8s du Dragon du Muveran, le nouveau polar gla\u00e7ant de Marc Voltenauer, au c\u0153ur des Alpes vaudoises.<\/p>\n<p><strong>Mon avis<\/strong>\u00a0: Et bien il ne me reste plus qu\u2019\u00e0 lire le pr\u00e9c\u00e9dent\u00a0! Bonne nouvelle, il est disponible en poche\u00a0! Auteur suisse, certes, mais l\u2019influence su\u00e9doise est pass\u00e9e par l\u00e0. J\u2019ai bien aim\u00e9 la construction de ce roman, avec plusieurs enqu\u00eates et des fausses pistes.<br \/>\nBienvenue en terre vaudoise, dans les Alpes et les alpages, dans le monde agricole, avec ses traditions culturelles\u00a0! Avec pour lieu principal le village de Gryon, qui est de fait l\u2019un des personnages de l\u2019histoire. Un petit village o\u00f9 tout le monde se conna\u00eet, s\u2019\u00e9pie, s\u2019envie\u2026 avec des secrets, des rancunes\u2026 On y d\u00e9couvre la vie quotidienne dans un village de montagne, avec le bistrot point de rencontre, les agriculteurs, les jeunes, et l\u2019un des probl\u00e8mes bien r\u00e9els de ces merveilleux endroits\u00a0: la promotion immobili\u00e8re, les investisseurs ( la pr\u00e9sence \u00e9trang\u00e8re et en particulier la pr\u00e9sence russe est bien r\u00e9elle) qui rach\u00e8tent les alpages pour les transformer en complexes de luxe, le souci de la population indig\u00e8ne de ne pas d\u00e9naturer les sites pour le profit de quelques-uns, la corruption, les chantiers bloqu\u00e9s\u2026<br \/>\nLe couple d\u2019enqu\u00eateurs est de fait un duo gay compos\u00e9 d\u2019un inspecteur de police, Andreas Auer\u00a0et d\u2019un journaliste\u00a0; ensemble ils vont tenter de r\u00e9soudre l\u2019enqu\u00eate \u2013 ou plut\u00f4t les intrigues car plusieurs histoires s\u2019entrem\u00ealent \u2013 et cela permet un dialogue entre eux en plus des rapports entre les policiers.<br \/>\nEn plus des enqu\u00eates l\u2019auteur \u00e9voque plusieurs sujets existentiels\u00a0: les th\u00e8mes de la morale, de la culpabilit\u00e9, de la vengeance, de l\u2019homosexualit\u00e9, du manque de la m\u00e8re.<br \/>\nNous allons nous retrouver avec des tueurs \u00e0 personnalit\u00e9s multiples qui ont tous des failles\u00a0: le tueur professionnel Litso ice (\u00ab\u00a0Visage de glace\u00a0\u00bb) qui\u00a0 l\u00e2che prise et s\u2019humanise par moments, la pasteure qui \u00e9tait semble-il m\u00eal\u00e9e de pr\u00e8s \u00e0 l\u2019intrigue du roman pr\u00e9c\u00e9dent,\u00a0\u00a0le jeune psychopathe, \u00abl\u2019homme qui s\u2019enivrait du parfum de sa m\u00e8re\u00bb, tortur\u00e9, psychologiquement d\u00e9rang\u00e9 depuis l\u2019enfance \u2026 Au final beaucoup de personnes traumatis\u00e9es et des rapports parents-enfants qui expliquent beaucoup de choses.<br \/>\nJe me dis que c\u2019est le deuxi\u00e8me auteur qui a quitt\u00e9 la th\u00e9ologie que je lis (le premier \u00e9tant Victor del Arbol) et que dans les deux cas les personnages sont extr\u00eamement complexes et humains, conditionn\u00e9s par leur pass\u00e9. Et heureusement que ma Maman ( qui portait Shalimar) n&rsquo;\u00e9tait pas aussi castratrice \ud83d\ude09<\/p>\n<p>&nbsp;<\/p>\n<p><strong>Extraits<\/strong>\u00a0:<\/p>\n<p>Il s&rsquo;imagina dans un de ces jardins luxuriants avec des fontaines jaillissantes et des fleurs odorantes. Des roses. Des iris. Du jasmin. Puis la douceur onctueuse de la vanille, cette note de fond perdurait plusieurs jours. Il se repr\u00e9senta au milieu de ce paradis perdu, accompagn\u00e9 d&rsquo;une femme pure, parfaite. Une m\u00e8re. Celle qu&rsquo;il convoitait. Celle qu&rsquo;il traquait avec une am\u00e8re ferveur. Dans ses r\u00eaves comme dans la r\u00e9alit\u00e9. Il n&rsquo;arrivait pas \u00e0 r\u00e9concilier le souvenir de cette m\u00e8re monstrueuse incapable de donner de l&rsquo;amour avec la subtilit\u00e9 et la sensualit\u00e9 de son parfum. En sanscrit, Shalimar veut dire la demeure de l&rsquo;amour. Il l&rsquo;avait lu sur Internet.<\/p>\n<p>&#8211; Tu as d\u00e9j\u00e0 vu ces fleurs qui transpercent le bitume\u00a0?<br \/>\n&#8211; Oui. Bien s\u00fbr. Pourquoi\u00a0?<br \/>\n&#8211; C\u2019est un processus incroyable. Sous le bitume, une graine est pr\u00e9sente. Elle contient tout en elle pour cro\u00eetre. Et un peu d\u2019eau lui suffira pour produire un bourgeon. Pas besoin de lumi\u00e8re \u00e0 ce stade. Au moment o\u00f9 les r\u00e9serves nutritives de la graine sont \u00e9puis\u00e9es, la plante aura besoin de soleil. En croissant et se d\u00e9veloppant, elle fait pression sur le goudron au-dessus d\u2019elle. Ce m\u00e9canisme est si puissant qu\u2019il provoque la rupture de l\u2019asphalte. On a beau b\u00e9tonner tout ce qu\u2019on veut, notre inconscient des ressources insoup\u00e7onn\u00e9es.<\/p>\n<p>Il avait besoin de devenir un autre.<br \/>\nCet autre qui n\u2019\u00e9tait pas lui.<br \/>\nCet autre qui \u00e9tait lui.<br \/>\nLorsqu\u2019il avait fait ce qu\u2019il devait faire, il pouvait redevenir lui-m\u00eame, ce jeune homme parmi d\u2019autres. Un retour \u00e0 la normalit\u00e9.<\/p>\n<p>&nbsp;<\/p>\n","protected":false},"excerpt":{"rendered":"<p>Auteur\u00a0: Ecrivain suisse, Marc Voltenauer est n\u00e9 en 1973 \u00e0 Gen\u00e8ve, d&rsquo;une m\u00e8re su\u00e9doise et d&rsquo;un p\u00e8re allemand et a v\u00e9cu \u00e0 Versoix, au bord du L\u00e9man, les vingt premi\u00e8res ann\u00e9es de sa vie. Enfant, il est partag\u00e9 entre sa passion pour le foot et son attrait pour une carri\u00e8re de pasteur, peut-\u00eatre pour suivre &hellip; <\/p>\n<p class=\"read-more\"><a class=\"readmore-btn\" href=\"https:\/\/www.cathjack.ch\/wordpress\/?p=5290\">+<span class=\"screen-reader-text\">  Read More<\/span><\/a><\/p>\n","protected":false},"author":1,"featured_media":5291,"comment_status":"open","ping_status":"open","sticky":false,"template":"","format":"standard","meta":{"_crdt_document":"","_monsterinsights_skip_tracking":false,"_monsterinsights_sitenote_active":false,"_monsterinsights_sitenote_note":"","_monsterinsights_sitenote_category":0,"footnotes":""},"categories":[489,490,28,1,510],"tags":[509,334,403,285,370],"class_list":["post-5290","post","type-post","status-publish","format-standard","has-post-thumbnail","hentry","category-au-fil-du-rasoir-polars","category-thrillers","category-suisse","category-non-classe","category-vaud","tag-alpes","tag-meurtres","tag-nature","tag-psychopathe","tag-suspense"],"aioseo_notices":[],"_links":{"self":[{"href":"https:\/\/www.cathjack.ch\/wordpress\/index.php?rest_route=\/wp\/v2\/posts\/5290","targetHints":{"allow":["GET"]}}],"collection":[{"href":"https:\/\/www.cathjack.ch\/wordpress\/index.php?rest_route=\/wp\/v2\/posts"}],"about":[{"href":"https:\/\/www.cathjack.ch\/wordpress\/index.php?rest_route=\/wp\/v2\/types\/post"}],"author":[{"embeddable":true,"href":"https:\/\/www.cathjack.ch\/wordpress\/index.php?rest_route=\/wp\/v2\/users\/1"}],"replies":[{"embeddable":true,"href":"https:\/\/www.cathjack.ch\/wordpress\/index.php?rest_route=%2Fwp%2Fv2%2Fcomments&post=5290"}],"version-history":[{"count":10,"href":"https:\/\/www.cathjack.ch\/wordpress\/index.php?rest_route=\/wp\/v2\/posts\/5290\/revisions"}],"predecessor-version":[{"id":17851,"href":"https:\/\/www.cathjack.ch\/wordpress\/index.php?rest_route=\/wp\/v2\/posts\/5290\/revisions\/17851"}],"wp:featuredmedia":[{"embeddable":true,"href":"https:\/\/www.cathjack.ch\/wordpress\/index.php?rest_route=\/wp\/v2\/media\/5291"}],"wp:attachment":[{"href":"https:\/\/www.cathjack.ch\/wordpress\/index.php?rest_route=%2Fwp%2Fv2%2Fmedia&parent=5290"}],"wp:term":[{"taxonomy":"category","embeddable":true,"href":"https:\/\/www.cathjack.ch\/wordpress\/index.php?rest_route=%2Fwp%2Fv2%2Fcategories&post=5290"},{"taxonomy":"post_tag","embeddable":true,"href":"https:\/\/www.cathjack.ch\/wordpress\/index.php?rest_route=%2Fwp%2Fv2%2Ftags&post=5290"}],"curies":[{"name":"wp","href":"https:\/\/api.w.org\/{rel}","templated":true}]}}