{"id":5473,"date":"2018-01-26T11:46:16","date_gmt":"2018-01-26T10:46:16","guid":{"rendered":"http:\/\/www.cathjack.ch\/wordpress\/?p=5473"},"modified":"2018-02-26T09:11:10","modified_gmt":"2018-02-26T08:11:10","slug":"modiano-patrick-souvenirs-dormants-2017","status":"publish","type":"post","link":"https:\/\/www.cathjack.ch\/wordpress\/?p=5473","title":{"rendered":"Modiano, Patrick  \u00abSouvenirs dormants\u00bb (2017)"},"content":{"rendered":"<p>&nbsp;<\/p>\n<p><strong>Auteur\u00a0<\/strong>: Patrick Modiano, n\u00e9 en 1945, est l&rsquo;un des plus talentueux \u00e9crivains de sa g\u00e9n\u00e9ration. Explorateur du pass\u00e9, il sait ressusciter avec une pr\u00e9cision extr\u00eame l&rsquo;atmosph\u00e8re et les d\u00e9tails de lieux et d&rsquo;\u00e9poques r\u00e9volues, comme le Paris de l&rsquo;occupation, dans son premier roman, \u00abLa Place de l&rsquo;\u00e9toile\u00bb, paru en 1968. Avec \u00abCatherine Certitude\u00bb, il nous fait p\u00e9n\u00e9trer dans l&rsquo;univers tendre d&rsquo;une petite fille au nom \u00e9trange, dont l&rsquo;enfance se d\u00e9roule dans le quartier de la gare du Nord, \u00e0 Paris, au cours des ann\u00e9es 1960.<\/p>\n<p>Il est le quinzi\u00e8me \u00e9crivain fran\u00e7ais \u00e0 recevoir la prestigieuse r\u00e9compense, le Prix Nobel de litt\u00e9rature, le 9 octobre 2014.<\/p>\n<p>Collection Blanche, Gallimard &#8211; Parution : 26-10-2017 &#8211; 112 pages<\/p>\n<p><strong>R\u00e9sum\u00e9\u00a0<\/strong>: Une \u00e9vocation du destin de six femmes rencontr\u00e9es puis perdues de vue par le narrateur dans les ann\u00e9es 1960. Roman d&rsquo;apprentissage et pr\u00e9cis sur le souvenir, ce texte offre une m\u00e9ditation sur la r\u00e9p\u00e9tition dans la vie et dans l&rsquo;\u00e9criture.\u00a0\u00a0\u00a0<span style=\"display: inline !important; float: none; background-color: transparent; color: #333333; font-family: 'Helvetica Neue',Helvetica,Arial,sans-serif; font-size: 14.33px; font-style: normal; font-variant: normal; font-weight: 400; letter-spacing: normal; line-height: 20.06px; orphans: 2; text-align: left; text-decoration: none; text-indent: 0px; text-transform: none; -webkit-text-stroke-width: 0px; white-space: normal; word-spacing: 0px;\">\u00a0\u00a0 \u00a0 <\/span><\/p>\n<p>\u00ab\u00a0\u00bbVous en avez de la m\u00e9moire&#8230;\u00a0\u00bb<br \/>\nOui, beaucoup&#8230; Mais j&rsquo;ai aussi la m\u00e9moire de d\u00e9tails de ma vie, de personnes que je me suis efforc\u00e9 d&rsquo;oublier. Je croyais y \u00eatre parvenu et sans que je m&rsquo;y attende, apr\u00e8s des dizaines d&rsquo;ann\u00e9es, ils remontent \u00e0 la surface, comme des noy\u00e9s, au d\u00e9tour d&rsquo;une rue, \u00e0 certaines heures de la journ\u00e9e. \u00bb<\/p>\n<p><strong>Mon avis<\/strong>\u00a0On recroise des silhouettes de femmes qu\u2019on a connues dans le d\u00e9but du long roman qu\u2019il \u00e9crit depuis des ann\u00e9es\u2026 Des souvenirs, des images, des r\u00e9miniscences\u2026 De l\u2019intemporel, nimb\u00e9 de brouillard\u2026 La m\u00e9moire qui va et vient\u2026 qui se r\u00e9v\u00e8le au contact d\u2019un mot, d\u2019un nom, d\u2019une vision, d\u2019une rencontre. : Que dire\u00a0? C\u2019est un Modiano que j\u2019ai aim\u00e9. \u00a0\u00a0Du Modiano quoi\u2026<\/p>\n<p><strong>Souvenirs dormants\u00a0de Patrick Modiano. Entretien\u00a0:<\/strong> http:\/\/www.gallimard.fr\/Media\/Gallimard\/Entretien-ecrit\/Entretien-Patrick-Modiano.-Souvenirs-dormants\/(source)\/295670<\/p>\n<p><strong>Extraits<\/strong>\u00a0:<\/p>\n<p>\u00c0 cette \u00e9poque, j\u2019avais souvent peur du vide. Je n\u2019\u00e9prouvais pas ce vertige quand j\u2019\u00e9tais seul, mais avec certaines personnes dont justement je venais de faire la rencontre. Je me disais pour me rassurer\u00a0: il se pr\u00e9sentera bien une occasion de leur fausser compagnie. Quelques-unes de ces personnes, vous ne saviez pas jusqu\u2019o\u00f9 elles risquaient de vous entra\u00eener. La pente \u00e9tait glissante.<\/p>\n<p>Paris, pour moi, est sem\u00e9 de fant\u00f4mes, aussi nombreux que les stations de m\u00e9tro et tous leurs points lumineux, quand il vous arrivait d\u2019appuyer sur les boutons du tableau des correspondances.<\/p>\n<p>\u00c0 la sortie de la librairie, le jour \u00e9tait tomb\u00e9. Et \u00e0 cette heure-l\u00e0, en hiver, c\u2019\u00e9tait la m\u00eame sensation de l\u00e9g\u00e8ret\u00e9 que tr\u00e8s t\u00f4t le matin quand il faisait encore nuit.<\/p>\n<p>Elle posait de bonnes questions, comme un acupuncteur conna\u00eet les endroits pr\u00e9cis o\u00f9 il faut piquer les aiguilles.<\/p>\n<p>Elle avait certainement tout oubli\u00e9. Ou alors, elle voyait cela de loin \u2013\u00a0de plus en plus loin \u00e0 mesure que les ann\u00e9es se\u00a0succ\u00e9daient. Et le paysage finissait par se perdre dans la brume. Elle vivait au pr\u00e9sent.<\/p>\n<p>Je tente de mettre de l\u2019ordre dans mes souvenirs. Chacun d\u2019eux est une pi\u00e8ce de puzzle, mais il en manque beaucoup, de sorte que la plupart restent isol\u00e9es. Parfois, je parviens \u00e0 en rassembler trois ou quatre, mais pas plus. Alors, je note des bribes qui me reviennent dans le d\u00e9sordre, listes de noms ou de phrases tr\u00e8s br\u00e8ves. Je souhaite que ces noms comme des aimants en attirent de nouveaux \u00e0 la surface et que ces bouts de phrases finissent par former des paragraphes et des chapitres qui s\u2019encha\u00eenent<\/p>\n<p>Je devais \u00eatre invisible pour eux, \u00e0 cette \u00e9poque. Ou bien, tout simplement, vivons-nous \u00e0 la merci de certains silenes.<\/p>\n<p>Quand je pense \u00e0 cet \u00e9t\u00e9-l\u00e0, j\u2019ai l\u2019impression qu\u2019il s\u2019est d\u00e9tach\u00e9 du reste de ma vie. Une parenth\u00e8se, ou plut\u00f4t des points de suspension.<\/p>\n<p>Il existe des lieux dont vous ne vous m\u00e9fiez pas \u00e0 premi\u00e8re vue \u00e0 cause de leur apparence banale et qui vous transmettent, au bout de quelques instants, de mauvaises ondes.<\/p>\n<p>\u00c0 mesure que passent les ann\u00e9es, vous finissez sans doute par vous d\u00e9barrasser de tous les poids que vous tra\u00eeniez derri\u00e8re vous, et de tous les remords.<\/p>\n<p>Mille et mille sosies de vous-m\u00eame s\u2019engagent sur les mille chemins que vous n\u2019avez pas pris aux carrefours de votre vie, et vous, vous avez cru qu\u2019il n\u2019y en avait qu\u2019un seul.<\/p>\n<p>Dans vos souvenirs se m\u00ealent des images de routes que vous avez prises et dont vous ne savez plus quelles provinces elles traversaient.<\/p>\n<p>&nbsp;<\/p>\n<p>&nbsp;<\/p>\n<p>&nbsp;<\/p>\n","protected":false},"excerpt":{"rendered":"<p>&nbsp; Auteur\u00a0: Patrick Modiano, n\u00e9 en 1945, est l&rsquo;un des plus talentueux \u00e9crivains de sa g\u00e9n\u00e9ration. Explorateur du pass\u00e9, il sait ressusciter avec une pr\u00e9cision extr\u00eame l&rsquo;atmosph\u00e8re et les d\u00e9tails de lieux et d&rsquo;\u00e9poques r\u00e9volues, comme le Paris de l&rsquo;occupation, dans son premier roman, \u00abLa Place de l&rsquo;\u00e9toile\u00bb, paru en 1968. Avec \u00abCatherine Certitude\u00bb, il &hellip; <\/p>\n<p class=\"read-more\"><a class=\"readmore-btn\" href=\"https:\/\/www.cathjack.ch\/wordpress\/?p=5473\">+<span class=\"screen-reader-text\">  Read More<\/span><\/a><\/p>\n","protected":false},"author":1,"featured_media":5474,"comment_status":"open","ping_status":"open","sticky":false,"template":"","format":"standard","meta":{"_crdt_document":"","_monsterinsights_skip_tracking":false,"_monsterinsights_sitenote_active":false,"_monsterinsights_sitenote_note":"","_monsterinsights_sitenote_category":0,"footnotes":""},"categories":[521,2,98,12,1,100,105,78,192],"tags":[211],"class_list":["post-5473","post","type-post","status-publish","format-standard","has-post-thumbnail","hentry","category-521","category-lectures","category-france","category-litterature-france","category-non-classe","category-paris","category-roman","category-xxeme","category-xxieme-siecle","tag-souvenirs"],"aioseo_notices":[],"_links":{"self":[{"href":"https:\/\/www.cathjack.ch\/wordpress\/index.php?rest_route=\/wp\/v2\/posts\/5473","targetHints":{"allow":["GET"]}}],"collection":[{"href":"https:\/\/www.cathjack.ch\/wordpress\/index.php?rest_route=\/wp\/v2\/posts"}],"about":[{"href":"https:\/\/www.cathjack.ch\/wordpress\/index.php?rest_route=\/wp\/v2\/types\/post"}],"author":[{"embeddable":true,"href":"https:\/\/www.cathjack.ch\/wordpress\/index.php?rest_route=\/wp\/v2\/users\/1"}],"replies":[{"embeddable":true,"href":"https:\/\/www.cathjack.ch\/wordpress\/index.php?rest_route=%2Fwp%2Fv2%2Fcomments&post=5473"}],"version-history":[{"count":2,"href":"https:\/\/www.cathjack.ch\/wordpress\/index.php?rest_route=\/wp\/v2\/posts\/5473\/revisions"}],"predecessor-version":[{"id":5623,"href":"https:\/\/www.cathjack.ch\/wordpress\/index.php?rest_route=\/wp\/v2\/posts\/5473\/revisions\/5623"}],"wp:featuredmedia":[{"embeddable":true,"href":"https:\/\/www.cathjack.ch\/wordpress\/index.php?rest_route=\/wp\/v2\/media\/5474"}],"wp:attachment":[{"href":"https:\/\/www.cathjack.ch\/wordpress\/index.php?rest_route=%2Fwp%2Fv2%2Fmedia&parent=5473"}],"wp:term":[{"taxonomy":"category","embeddable":true,"href":"https:\/\/www.cathjack.ch\/wordpress\/index.php?rest_route=%2Fwp%2Fv2%2Fcategories&post=5473"},{"taxonomy":"post_tag","embeddable":true,"href":"https:\/\/www.cathjack.ch\/wordpress\/index.php?rest_route=%2Fwp%2Fv2%2Ftags&post=5473"}],"curies":[{"name":"wp","href":"https:\/\/api.w.org\/{rel}","templated":true}]}}