{"id":5697,"date":"2018-03-09T13:37:53","date_gmt":"2018-03-09T12:37:53","guid":{"rendered":"http:\/\/www.cathjack.ch\/wordpress\/?p=5697"},"modified":"2021-10-09T17:39:15","modified_gmt":"2021-10-09T15:39:15","slug":"nicci-french-serie-frieda-klein","status":"publish","type":"post","link":"https:\/\/www.cathjack.ch\/wordpress\/?p=5697","title":{"rendered":"Nicci French &#8211; S\u00e9rie \u00ab\u00a0Frieda Klein\u00a0\u00bb"},"content":{"rendered":"<p><strong>Auteurs<\/strong>\u00a0: Sous le pseudonyme de Nicci French se cache un couple de journalistes, Nicci Gerrard et Sean French. Tous deux ont \u00e9tudi\u00e9 la litt\u00e9rature anglaise \u00e0 Oxford \u00e0 la fin des ann\u00e9es 1970 sans jamais se rencontrer. Ensuite, chacun a men\u00e9 sa carri\u00e8re de son c\u00f4t\u00e9 dans le journalisme. Nicci collabore \u00e0 l\u2019Observer pour lequel elle traite notamment des grands proc\u00e8s d\u2019assises ; Sean est chroniqueur litt\u00e9raire pour divers magazines. Ils se croisent enfin en 1989, et d\u00e9cident de partager leur vie et leur \u00e9criture. Maniant l\u2019art de jouer avec les nerfs et le suspense cousu main, ils rencontrent le succ\u00e8s d\u00e8s leur premier thriller psychologique,<\/p>\n<p><strong>S\u00e9rie\u00a0Frieda Klein: \u00a08 livres<\/strong>\u00a0:<i><u><span style=\"color: #000120;\">\u00a0<\/span><\/u><\/i><\/p>\n<p><span style=\"color: #0000ff;\"><a style=\"color: #0000ff;\" href=\"https:\/\/www.cathjack.ch\/wordpress\/?p=6140\"><i>Lundi m\u00e9lancolie<\/i><\/a><\/span><em> \u2013 <\/em><span style=\"color: #0000ff;\"><i><a style=\"color: #0000ff;\" href=\"https:\/\/www.cathjack.ch\/wordpress\/?p=5860\">Sombre mardi<\/a><\/i><\/span><em> \u2013 <\/em><span style=\"color: #0000ff;\"><i><a style=\"color: #0000ff;\" href=\"https:\/\/www.cathjack.ch\/wordpress\/?p=6265\">Maudit mercredi<\/a><\/i><\/span><em><span style=\"color: #0000ff;\">\u00a0<\/span>\u2013 <\/em><span style=\"color: #0000ff;\"><i><a style=\"color: #0000ff;\" href=\"https:\/\/www.cathjack.ch\/wordpress\/?p=6308\">Terrible jeudi<\/a><\/i><\/span><em> \u2013 <\/em><span style=\"color: #0000ff;\"><i><a style=\"color: #0000ff;\" href=\"https:\/\/www.cathjack.ch\/wordpress\/?p=6432\">Cruel vendredi<\/a><\/i><\/span><em> \u2013 <\/em><i><a href=\"https:\/\/www.cathjack.ch\/wordpress\/?p=6446\"><span style=\"color: #0000ff;\">T\u00e9n\u00e9breux samedi<\/span> <\/a><\/i>\u2013 <em><span style=\"color: #0000ff;\"><a style=\"color: #0000ff;\" href=\"https:\/\/www.cathjack.ch\/wordpress\/?p=6569\">Fatal dimanche<\/a> <\/span>\u2013<span style=\"color: #0000ff;\"> <a style=\"color: #0000ff;\" href=\"https:\/\/www.cathjack.ch\/wordpress\/?p=9869\">Le Jour des Saints<\/a><\/span><\/em><\/p>\n<p><em><u><\/u>L\u2019action se passe \u00e0 Londres. Une psychoth\u00e9rapeute d\u2019une trentaine d\u2019ann\u00e9es, qui tient \u00e0 son ind\u00e9pendance, et au respect de sa vie priv\u00e9e. Elle a une ni\u00e8ce de 16 ans \u00e0 qui elle donne des cours de chimie et cela semble \u00eatre la seule personne de sa famille \u00e0 laquelle elle soit attach\u00e9e. Elle souffre d\u2019insomnies et de ce fait elle parcourt Londres la nuit, seule, \u00e0 pied.<\/em><\/p>\n<p><em>Elle va faire \u00e9quipe avec le policier Karlsson mais elle a des m\u00e9thodes bien \u00e0 elle et tr\u00e8s ind\u00e9pendantes de collaborer\u2026<\/em><\/p>\n<p><strong>\u00a0<\/strong><strong>Tome 1 :\u00a0<\/strong><strong>Lundi m\u00e9lancolie. Le jour o\u00f9 les enfants disparaissent<br \/>\n<\/strong><strong>R\u00e9sum\u00e9<\/strong>\u00a0: Frieda, psychanalyste, s\u2019inqui\u00e8te pour l\u2019un de ses patients : Alan, d\u00e9sesp\u00e9r\u00e9 de ne pas \u00eatre p\u00e8re. Toutes les nuits, il r\u00eave d\u2019un petit gar\u00e7on. <em>Son<\/em> petit gar\u00e7on. Un fils qui lui ressemblerait, roux, comme lui quand il \u00e9tait jeune. Et comme Matthew, 5 ans, disparu \u00e0 la sortie de l\u2019\u00e9cole quelques jours plus t\u00f4t.<br \/>\nSimple co\u00efncidence ? Malgr\u00e9 le scepticisme de la police, Frieda est bien d\u00e9cid\u00e9e \u00e0 mener l\u2019enqu\u00eate.<br \/>\nEt si les r\u00eaves d\u2019Alan sont des preuves, ils ont tout d\u2019un cauchemar.<\/p>\n<p><strong>Mon avis<\/strong> : (<a href=\"https:\/\/www.cathjack.ch\/wordpress\/?p=6140\">voir article<\/a>)<\/p>\n<p><strong>Tome 2 : Sombre mardi, le jour o\u00f9 les vieilles dames parlent aux morts<br \/>\n<\/strong><strong>R\u00e9sum\u00e9<\/strong>\u00a0:\u00a0Un homme nu, assis dans un fauteuil, une p\u00e2tisserie \u00e0 la main&#8230; et pourtant bien mort. Voil\u00e0 la d\u00e9couverte que fait l&rsquo;assistante sociale chez une de ses patientes, Michelle Doyce. Celle-ci, pourtant, ne peut dire aux policiers d&rsquo;o\u00f9 vient cet homme, ni qui il est.Face \u00e0 ce myst\u00e8re, l&rsquo;inspecteur Karlsson fait appel \u00e0 la psychoth\u00e9rapeute Frieda Klein et \u00e0 son incomparable capacit\u00e9 \u00e0 sonder l&rsquo;\u00e2me humaine. Car pour d\u00e9couvrir le meurtrier, il faut d&rsquo;abord conna\u00eetre la victime.Un criminel pris \u00e0 son propre jeu, un t\u00e9moin cl\u00e9 qui a perdu la t\u00eate et une psy qui enqu\u00eate tout en ayant le sentiment d&rsquo;\u00eatre \u00e9pi\u00e9e : non, rien dans cette affaire n&rsquo;est \u00e0 sa place. La pi\u00e8ce ma\u00eetresse manque encore au puzzle.Sous le pseudonyme Nicci French se cache un couple de journalistes londoniens qui con\u00e7oivent et \u00e9crivent ensemble des thrillers psychologiques. Apr\u00e8s ses \u00e9tudes de litt\u00e9rature anglaise \u00e0 l&rsquo;Universit\u00e9 d&rsquo;Oxford, Nicci Gerrard a enseign\u00e9 la litt\u00e9rature \u00e0 Los Angeles puis \u00e0 Londres, avant de se tourner vers le journalisme et de cr\u00e9er une revue artistique. Elle rencontre alors Sean French, futur journaliste, qui deviendra son second mari et son compagnon d&rsquo;\u00e9criture. La passion amoureuse et litt\u00e9raire qui lie ces deux auteurs \u00e0 succ\u00e8s nous a offert de nombreux romans incontournables.<\/p>\n<p><strong>Mon avis<\/strong> : (<a href=\"http:\/\/www.cathjack.ch\/wordpress\/?p=5860\">voir article<\/a>)<\/p>\n<p><strong>Tome 3 :\u00a0<span style=\"color: #6a6a6a; font-size: small;\">M<\/span>audit mercredi &#8211; Le jour o\u00f9 les jeunes filles rencontrent la mort<br \/>\n<\/strong><strong>R\u00e9sum\u00e9<\/strong>\u00a0:\u00a0Quand elle rentre de l&rsquo;\u00e9cole, ce mercredi-l\u00e0, Dora Lennox trouve une maison en pagaille, des biscuits br\u00fbl\u00e9s et un cadavre, celui de sa m\u00e8re, sauvagement assassin\u00e9e. Epouse et m\u00e8re aim\u00e9e, aide-soignante charitable, voisine exemplaire : pour l&rsquo;inspecteur Karlsson, Ruth Lennox avait pourtant tout de la femme sans histoire &#8211; jusqu&rsquo;\u00e0 ce que les langues se d\u00e9lient. Et, face \u00e0 des proches meurtris, qui mieux que la psychoth\u00e9rapeute Frieda Klein pour d\u00e9celer les noirs secrets de l&rsquo;\u00e2me ? Bient\u00f4t, le portrait de famille se l\u00e9zarde, et de nouvelles pistes \u00e9mergent. Des jeunes filles disparues auxquelles personne ne s&rsquo;int\u00e9ressait jusque-l\u00e0&#8230;<\/p>\n<p><strong>Mon avis<\/strong> : (<a href=\"https:\/\/www.cathjack.ch\/wordpress\/?p=6265\">voir article<\/a>)<\/p>\n<p><strong>Tome 4 : Terrible jeudi : le jour de l&rsquo;innocence perdue<br \/>\n<\/strong><strong>R\u00e9sum\u00e9<\/strong>\u00a0:\u00a0Il y a vingt-trois ans, Frieda quittait Braxton sans un regard en arri\u00e8re. Devenue psychoth\u00e9rapeute, elle pensait avoir tir\u00e9 un trait d\u00e9finitif sur le traumatisme de sa jeunesse. Les r\u00e9v\u00e9lations de Becky, sa nouvelle patiente, vont pourtant rouvrir en grand les portes de son pass\u00e9. Des similitudes apparaissent imm\u00e9diatement, Becky est une adolescente de Braxton fragile et incomprise. Et ce n&rsquo;est pas leur seul point commun : toutes deux ont perdu leur innocence trop t\u00f4t, trop vite, dans des circonstances \u00e9trangement semblables. Et si elles \u00e9taient victimes du m\u00eame agresseur ? Et si d&rsquo;autres jeunes filles avaient subi le m\u00eame sort ? Frieda est d\u00e9sormais pr\u00eate \u00e0 affronter la v\u00e9rit\u00e9 que personne ne veut entendre. De retour sur les lieux du crime, elle va enfin faire la lumi\u00e8re sur cette terrible nuit du 11 f\u00e9vrier 1989&#8230;<\/p>\n<p><strong>Mon avis<\/strong> : (<a href=\"https:\/\/www.cathjack.ch\/wordpress\/?p=6308\">voir article<\/a>)<\/p>\n<p><strong>Tome 5 : Cruel vendredi &#8211; La fin approche<br \/>\n<\/strong><strong>R\u00e9sum\u00e9<\/strong>\u00a0:\u00a0Un vendredi qui s&rsquo;annon\u00e7ait des plus ordinaire, un cadavre est rep\u00each\u00e9 dans la Tamise. Seul indice sur l&rsquo;identit\u00e9 du mort\u00a0: autour de son poignet, un bracelet au nom du Dr\u00a0Frieda Klein. Cette derni\u00e8re est pourtant bien en vie. Appel\u00e9e aussit\u00f4t sur les lieux du crime, Frieda n&rsquo;a pas de doute\u00a0: l&rsquo;homme assassin\u00e9 est bien son ex-petit ami, Sandy. Sa vie, jadis si priv\u00e9e, est d\u00e9sormais expos\u00e9e au grand jour\u00a0: de la s\u00e9paration douloureuse jusqu&rsquo;\u00e0 cette ultime altercation en pleine rue, tout est pass\u00e9 au crible par la police. Et lorsqu&rsquo;un portefeuille appartenant au d\u00e9funt fait irruption dans son appartement, l&rsquo;implication de la jeune psychoth\u00e9rapeute semble d\u00e9finitivement scell\u00e9e. Devenue malgr\u00e9 elle le suspect num\u00e9ro un, Frieda ne voit qu&rsquo;une seule issue\u00a0: prendre la fuite et mener sa propre enqu\u00eate sur le sort de son ancien amant<\/p>\n<p><strong>Mon avis<\/strong> : (<a href=\"https:\/\/www.cathjack.ch\/wordpress\/?p=6432\">voir article<\/a>)<\/p>\n<p><strong>Tome 6 :\u00a0T\u00e9n\u00e9breux samedi &#8211; Au bord de l&rsquo;ab\u00eeme<br \/>\n<\/strong><strong>R\u00e9sum\u00e9<\/strong>\u00a0:\u00a0Lorsqu&rsquo;une ancienne relation de travail lui demande d&rsquo;\u00e9tablir le bilan psychiatrique de Hannah Docherty, Frieda Klein se retrouve dans une situation d\u00e9licate. Elle ne peut refuser de rendre service \u00e0 ce coll\u00e8gue influent, or elle \u00e9prouve un v\u00e9ritable choc en rencontrant la jeune femme. Incarc\u00e9r\u00e9e depuis treize ans dans une institution douteuse pour avoir assassin\u00e9 sa famille, Hannah n&rsquo;est plus que l&rsquo;ombre d&rsquo;elle-m\u00eame. En d\u00e9pit des preuves \u00e9crasantes, pour Frieda, la jeune femme, traumatis\u00e9e par des ann\u00e9es de maltraitance et d&rsquo;abus, se trouve plut\u00f4t de c\u00f4t\u00e9 des victimes que des bourreaux. Convaincue de l&rsquo;innocence de Hannah et malgr\u00e9 les injonctions de la police, la psychoth\u00e9rapeute rouvre le dossier de ce crime sordide et met au jour des incoh\u00e9rences accablantes. Cependant, chacun de ses pas semble \u00eatre suivi de pr\u00e8s : quelqu&rsquo;un cherche \u00e0 tout prix \u00e0 cacher ce qui s&rsquo;est v\u00e9ritablement pass\u00e9 cet apr\u00e8s-midi du 19 mai 2001&#8230;<\/p>\n<p><strong>Mon avis<\/strong> : ( <a href=\"https:\/\/www.cathjack.ch\/wordpress\/?p=6446\">voir article<\/a> )<\/p>\n<p><strong>Tome 7: Fatal dimanche &#8211;\u00a0Tout s&rsquo;arr\u00eate (2018)<br \/>\n<\/strong><strong>R\u00e9sum\u00e9<\/strong>\u00a0:\u00a0Ce n&rsquo;est pas une journ\u00e9e comme une autre pour Frieda Klein : le cadavre d&rsquo;un homme cens\u00e9 la prot\u00e9ger g\u00eet sous le plancher de son salon \u00e0 Londres. Peu apr\u00e8s, sa ni\u00e8ce Chlo\u00e9 est kidnapp\u00e9e. Alors que la police prend enfin ses alertes au s\u00e9rieux, le r\u00e9pit et la paix ne sont bient\u00f4t qu&rsquo;un lointain souvenir pour Frieda et ses proches. Devenue \u00e0 son insu l&rsquo;objet d&rsquo;une obsession macabre, la psychoth\u00e9rapeute comprend que rien n&rsquo;arr\u00eatera le meurtrier avant qu&rsquo;il ait atteint son but : d\u00e9truire sa vie et an\u00e9antir ceux qu&rsquo;elle aime.<br \/>\nCependant, le temps est compt\u00e9 pour d\u00e9masquer celui qui se cache derri\u00e8re cette pers\u00e9cution savamment orchestr\u00e9e. S&rsquo;agit-il de Dean Reeve, son ennemi \u00e9ternel ? Un autre criminel op\u00e8re-t-il dans l&rsquo;ombre ? La police est d\u00e9sempar\u00e9e et les journalistes sont sans merci. Entre les fausses pistes et les vraies accusations, Frieda trouvera-t-elle le moyen de sauver sa peau ?<\/p>\n<p>l<strong>Mon avis<\/strong> : (<a href=\"https:\/\/www.cathjack.ch\/wordpress\/?p=6569\">voir article<\/a>)<\/p>\n<p><strong>Tome 8 : <em>Le Jour des Saints<\/em><br \/>\n<\/strong><strong>R\u00e9sum\u00e9<\/strong>\u00a0: Alors que les premi\u00e8res feuilles d&rsquo;automne tombent, un serial killer traumatise Londres, laissant la police dans l&rsquo;ombre face \u00e0 cette s\u00e9rie d&rsquo;accidents meurtriers qui vient \u00e9branler la capitale. D\u00e9couverte macabre, l&rsquo;enqu\u00eate d\u00e9voilera que certaines victimes \u00e9taient d\u00e9j\u00e0 mortes bien avant qu&rsquo;on ne retrouve leurs corps. De son c\u00f4t\u00e9, la psychanalyste Frieda Klein se cache depuis des mois. Son seul contact s&rsquo;appelle Lola, une jeune femme cens\u00e9e \u00e9tudier sa carri\u00e8re.<br \/>\nFrieda se pensait en lieu s\u00fbr, mais face au meurtrier qui continue de r\u00f4der, elle comprend que la chasse du tueur n&rsquo;est pas sans but. Bien au contraire, il veut la retrouver et en faire son ultime victime.<\/p>\n<p><strong>Mon avis<\/strong> : (<a href=\"https:\/\/www.cathjack.ch\/wordpress\/?p=9869\">voir article<\/a>)<\/p>\n<p style=\"text-align: center;\"><strong>Je vous souhaite une excellente semaine<\/strong><\/p>\n","protected":false},"excerpt":{"rendered":"<p>Auteurs\u00a0: Sous le pseudonyme de Nicci French se cache un couple de journalistes, Nicci Gerrard et Sean French. Tous deux ont \u00e9tudi\u00e9 la litt\u00e9rature anglaise \u00e0 Oxford \u00e0 la fin des ann\u00e9es 1970 sans jamais se rencontrer. Ensuite, chacun a men\u00e9 sa carri\u00e8re de son c\u00f4t\u00e9 dans le journalisme. Nicci collabore \u00e0 l\u2019Observer pour lequel &hellip; <\/p>\n<p class=\"read-more\"><a class=\"readmore-btn\" href=\"https:\/\/www.cathjack.ch\/wordpress\/?p=5697\">+<span class=\"screen-reader-text\">  Read More<\/span><\/a><\/p>\n","protected":false},"author":1,"featured_media":5698,"comment_status":"open","ping_status":"open","sticky":false,"template":"","format":"standard","meta":{"_crdt_document":"","_monsterinsights_skip_tracking":false,"_monsterinsights_sitenote_active":false,"_monsterinsights_sitenote_note":"","_monsterinsights_sitenote_category":0,"footnotes":""},"categories":[446,91,489,490,18,1],"tags":[463,370],"class_list":["post-5697","post","type-post","status-publish","format-standard","has-post-thumbnail","hentry","category-serie","category-polar-psychologique","category-au-fil-du-rasoir-polars","category-thrillers","category-anglaise","category-non-classe","tag-psychanalyse","tag-suspense"],"aioseo_notices":[],"_links":{"self":[{"href":"https:\/\/www.cathjack.ch\/wordpress\/index.php?rest_route=\/wp\/v2\/posts\/5697","targetHints":{"allow":["GET"]}}],"collection":[{"href":"https:\/\/www.cathjack.ch\/wordpress\/index.php?rest_route=\/wp\/v2\/posts"}],"about":[{"href":"https:\/\/www.cathjack.ch\/wordpress\/index.php?rest_route=\/wp\/v2\/types\/post"}],"author":[{"embeddable":true,"href":"https:\/\/www.cathjack.ch\/wordpress\/index.php?rest_route=\/wp\/v2\/users\/1"}],"replies":[{"embeddable":true,"href":"https:\/\/www.cathjack.ch\/wordpress\/index.php?rest_route=%2Fwp%2Fv2%2Fcomments&post=5697"}],"version-history":[{"count":17,"href":"https:\/\/www.cathjack.ch\/wordpress\/index.php?rest_route=\/wp\/v2\/posts\/5697\/revisions"}],"predecessor-version":[{"id":14557,"href":"https:\/\/www.cathjack.ch\/wordpress\/index.php?rest_route=\/wp\/v2\/posts\/5697\/revisions\/14557"}],"wp:featuredmedia":[{"embeddable":true,"href":"https:\/\/www.cathjack.ch\/wordpress\/index.php?rest_route=\/wp\/v2\/media\/5698"}],"wp:attachment":[{"href":"https:\/\/www.cathjack.ch\/wordpress\/index.php?rest_route=%2Fwp%2Fv2%2Fmedia&parent=5697"}],"wp:term":[{"taxonomy":"category","embeddable":true,"href":"https:\/\/www.cathjack.ch\/wordpress\/index.php?rest_route=%2Fwp%2Fv2%2Fcategories&post=5697"},{"taxonomy":"post_tag","embeddable":true,"href":"https:\/\/www.cathjack.ch\/wordpress\/index.php?rest_route=%2Fwp%2Fv2%2Ftags&post=5697"}],"curies":[{"name":"wp","href":"https:\/\/api.w.org\/{rel}","templated":true}]}}