{"id":5828,"date":"2018-03-30T15:56:54","date_gmt":"2018-03-30T14:56:54","guid":{"rendered":"http:\/\/www.cathjack.ch\/wordpress\/?p=5828"},"modified":"2025-02-17T17:14:07","modified_gmt":"2025-02-17T15:14:07","slug":"teule-jean-entrez-dans-la-danse-2018","status":"publish","type":"post","link":"https:\/\/www.cathjack.ch\/wordpress\/?p=5828","title":{"rendered":"Teul\u00e9, Jean \u00abEntrez dans la danse\u00bb (2018)"},"content":{"rendered":"<p><strong>Auteur<\/strong> : n\u00e9 le 26 f\u00e9vrier 1953 \u00e0 Saint-L\u00f4 (Manche) mort le 18 octobre 2022 \u00e0 Paris, est un romancier et auteur de bande dessin\u00e9e fran\u00e7ais, qui a \u00e9galement pratiqu\u00e9 le cin\u00e9ma et la t\u00e9l\u00e9vision. Ses romans\u00a0<em>: \u00a0<\/em><em>Rainbow pour Rimbaud<\/em> 1991. &#8211; L&rsquo;\u0152il de P\u00e2ques1992 &#8211; Balade pour un p\u00e8re oubli\u00e9, Julliard, 1995 &#8211; Darling, 1998 &#8211; <em>Bord cadre<\/em> 1999 &#8211; Longues Peines 2001 &#8211; Les Lois de la gravit\u00e9 2003. &#8211; <em>\u00d4 Verlaine !,<\/em> 2004 &#8211; <em>Je, Fran\u00e7ois Villon<\/em>, 2006 &#8211; <em>Le Magasin des suicides<\/em> 2007 <em>&#8211; Le Montespan<\/em> 2008 &#8211; Mangez-le si vous voulez, 2009 &#8211; <em>Charly 9<\/em> 2011 &#8211; <em>Fleur de tonnerre<\/em> 2013 &#8211; H\u00e9lo\u00efse ouille ! 2015 &#8211; Comme une respiration&#8230;, 2016 &#8211; <span style=\"color: #0000ff;\"><a style=\"color: #0000ff;\" href=\"https:\/\/www.cathjack.ch\/wordpress\/?p=5828\"><em>Entrez dans la danse<\/em><\/a><\/span> 2018 &#8211; Gare \u00e0 Lou 2019 &#8211; <i><span style=\"color: #0000ff;\"><a style=\"color: #0000ff;\" title=\"Teul\u00e9, Jean \u00ab Cr\u00e9nom, Baudelaire ! \u00bb (2020)\" href=\"https:\/\/www.cathjack.ch\/wordpress\/?p=15801\">Cr\u00e9nom, Baudelaire !<\/a> <\/span>\u00a02020 &#8211; Azincourt par temps de pluie 2022<\/i><\/p>\n<p>Paru le : 01\/02\/2018 &#8211; 158 pages (Julliard)<\/p>\n<p><strong>R\u00e9sum\u00e9<\/strong> : Une \u00e9trange \u00e9pid\u00e9mie a eu lieu derni\u00e8rement Et s&rsquo;est r\u00e9pandue dans Strasbourg De telle sorte que, dans leur folie, Beaucoup se mirent \u00e0 danser Et ne cess\u00e8rent jour et nuit, pendant deux mois Sans interruption, Jusqu&rsquo;\u00e0 tomber inconscients. Beaucoup sont morts. Chronique alsacienne, 1519.<\/p>\n<p><strong>Mon avis\u00a0: <\/strong>17<sup>\u00e8me<\/sup> roman de l\u2019auteur qui a une fois de plus pour point de d\u00e9part un fait historique pour le moins surprenant. Juste hallucinant\u00a0! Le clerg\u00e9, les m\u00e9decins et m\u00eame les astrologues sont convoqu\u00e9s face une \u00e9pid\u00e9mie de danse aigue et ils en prennent pour leur grade\u2026\u00a0 Impossible \u00e0 contr\u00f4ler, \u00e0 g\u00e9rer\u2026 Teul\u00e9 s\u2019empare de la chose, il se d\u00e9chaine avec les mots comme les danseurs avec leurs membres\u2026 Il virevolte avec les phrases. Le maire est d\u00e9bord\u00e9, en conflit avec l\u2019\u00e9glise, l\u2019amour est \u00e9galement bien pr\u00e9sent. Un bon Teul\u00e9 dans son style inimitable, totalement \u00e0 la masse, d\u00e9jant\u00e9, sur fond historique. Jouissif .<\/p>\n<p><strong>Commentaire \u00e9tay\u00e9 par l\u2019\u00e9coute d\u2019interviews de l\u2019auteur<\/strong>\u00a0:<\/p>\n<p>Nous sommes \u00e0 Strasbourg au Moyen Age, au d\u00e9but du XVI\u00e8me si\u00e8cle. La population de la ville va se mettre \u00e0 danse, \u00e0 danser, \u00e0 entrer en transes. A l\u2019\u00e9poque, Strasbourg est scind\u00e9e en deux populations\u00a0: les nantis qui vivent dans de belles maisons et les pauvres. C\u2019est une p\u00e9riode absolument catastrophique pour la ville de Strasbourg qui est poursuivie par le mauvais sort. Non seulement elle doit faire face \u00e0 une m\u00e9t\u00e9o \u00e9pouvantable et \u00e0 la famine qui en d\u00e9coule mais en plus les b\u00eates meurent, des naissances anormales (siamois) se produisent, une m\u00e9t\u00e9orite lui tombe dessus, une nouvelle religion \u00e9merge, la peur du turc la submerge\u2026. Pour survivre les habitants mangent tout se qui leur tombe sous la main (animaux, excr\u00e9ments, papier&#8230; et m\u00eame les enfants) ceux qui ne mangent pas leurs enfants les jettent dans le fleuve pour ne pas avoir \u00e0 les nourrir ou les voir mourir. Et pendant ce temps-l\u00e0, le clerg\u00e9 n\u2019ouvre pas ses r\u00e9serves et laisse les gens se d\u00e9patouiller\u2026(quelques ann\u00e9es plus tard le catholicisme sera chass\u00e9 de la ville par le protestantisme) \u00a0Cela finira par une h\u00e9catombe dansante. A l\u2019\u00e9poque les cur\u00e9s, les m\u00e9decins, les savants vont se pencher sur le ph\u00e9nom\u00e8ne de cette \u00ab\u00a0manie dansante\u00a0\u00bb comme ils l\u2019appellent mais ne trouveront pas l\u2019origine du ph\u00e9nom\u00e8ne (ce n\u2019est pas la danse de Saint-Guy, ce n\u2019est pas d\u00fb \u00e0 l\u2019ergot de seigle, ce n\u2019est pas de hyst\u00e9rie) Et on a droit en prime \u00e0 l\u2019arriv\u00e9e de Luther\u00a0!<\/p>\n<p>Le maire va avoir l\u2019id\u00e9e de circonscrire le ph\u00e9nom\u00e8ne en dressant une estrade dans \u00ab\u00a0Le March\u00e9-aux-grains\u00a0\u00bb, en mettant des musiciens et en nourrissant les danseurs\u00a0; du coup les mendiants vont rappliquer et il va falloir fermer l\u2019acc\u00e8s \u00e0 la piste de danse pur limiter la contagion\u2026 Petit souci, la police et les gardes vont aussi se mettre \u00e0 danser\u2026 et cela va durer deux mois et demi\u2026 et il y aura 2000 morts sur les 15000 habitants que compte la ville\u2026 Les gens dansent pour s\u2019\u00e9tourdir, pour oublier, pour fuir le d\u00e9sespoir. ( il est \u00e0 signaler que maintenant encore , des Kurdes et des Irakiens dansent dans les ruines au milieu des combats dans les villes d\u00e9vast\u00e9es)<\/p>\n<p>Deux histoires d\u2019amour dans ce livre\u00a0: Enneline (qui jette son enfant dans le fleuve et se met \u00e0 danser par d\u00e9sespoir) et son compagnon Melchior\u00a0 et les ogres d\u2019en face. Un couple est pudique et l\u2019autre est trash.<\/p>\n<p><strong>Extraits\u00a0<\/strong>:<\/p>\n<p>Alors que les cloches de la cath\u00e9drale sonnent \u00e0 toute vol\u00e9e, un nuage noir d\u2019eccl\u00e9siastiques \u2013 moines, clercs, cur\u00e9s, femmes sous des voiles qu\u2019on prend en religion \u2013 d\u00e9boulent \u00e0 un bout de la rue du Jeu-des-Enfants en poussant leurs croassements \u2013 \u00ab Cessez de danser ! \u00bb \u2013 d\u2019oiseaux de mauvais augure.<\/p>\n<p>il retourne vers o\u00f9 tout se d\u00e9forme et se perd, \u00e0 l\u2019autre extr\u00e9mit\u00e9 de la voie qui d\u00e9borde sur la place du march\u00e9 aux vins par laquelle arrivent les m\u00e9decins.<\/p>\n<p>Tout comme les membres du clerg\u00e9, ils sont v\u00eatus d\u2019une robe noire mais coiff\u00e9s d\u2019un haut c\u00f4ne pointu.<\/p>\n<p>Ce serait donc l\u2019extr\u00eame d\u00e9tresse qui serait responsable en prenant la forme saugrenue d\u2019une \u00e9pid\u00e9mie de danse, dernier moyen de fuir l\u2019intol\u00e9rable r\u00e9alit\u00e9 d\u2019une ville gorg\u00e9e de souffrance, notamment pour la population devenue mis\u00e9reuse.<\/p>\n<p>\u00c7a bastonne dans la mairie comme \u00e7a arrivera plus tard \u00e0 OK Corral.<\/p>\n<p>Mais voyez, elle s\u2019\u00e9chappe comme une feuille qui roule et tourbillonne au vent. Devant l\u2019imagier baissant les bras, son vocabulaire \u00e0 elle est celui du corps, son papier, la rue.<\/p>\n<p>\u00c0 l\u2019int\u00e9rieur du trop petit chapeau melon, le cerveau compress\u00e9 de Drachenfels se trouve en \u00e9tat de confusion et plein de m\u00e9fiance car tout va tellement de travers \u00e0 la mani\u00e8re de ses lourds pas maladroits qui le conduisent, au petit malheur la malchance, d\u2019une cloison \u00e0 un tabouret sur lequel il ne s\u2019assied pas.<\/p>\n<p>Partageant un regard muet, leurs \u00e2mes s\u2019embrassent et l\u2019\u00e9pouse ose attacher son ombre \u00e0 celle du mari.<\/p>\n<p>Strasbourg sans plus une goutte de bi\u00e8re donne une id\u00e9e de l\u2019Enfer [\u2026]<\/p>\n<p>Quand on ne r\u00e9fl\u00e9chit qu\u2019apr\u00e8s avoir agi on a l\u2019air de servir moutarde apr\u00e8s d\u00eener.<\/p>\n<p>&nbsp;<\/p>\n<p><strong>&#8211; Information<\/strong>\u00a0: Wikip\u00e9dia\u00a0:\u00a0 <a href=\"https:\/\/fr.wikipedia.org\/wiki\/\u00c9pid\u00e9mie_dansante_de_1518\">https:\/\/fr.wikipedia.org\/wiki\/\u00c9pid\u00e9mie_dansante_de_1518<\/a><\/p>\n<p><strong>&#8211; Article Le\u00a0 Monde \u2013 Sciences<\/strong>\u00a0: Lorsqu&rsquo;en 1518, les Strasbourgeois se mirent \u00e0 danser jour et nuit<\/p>\n<p>Etranges \u00e9pid\u00e9mies (1\/6). C&rsquo;est l&rsquo;histoire d&rsquo;une \u00ab flashmob \u00bb mortelle au Moyen-Age qui continue d&rsquo;intriguer les sp\u00e9cialistes. En savoir plus sur\u00a0: <a href=\"http:\/\/www.lemonde.fr\/sciences\/article\/2014\/07\/28\/lorsqu-en-1518-les-strasbourgeois-se-mirent-a-danser-jour-et-nuit_4463566_1650684.html\">http:\/\/www.lemonde.fr\/sciences\/article\/2014\/07\/28\/lorsqu-en-1518-les-strasbourgeois-se-mirent-a-danser-jour-et-nuit_4463566_1650684.html<\/a><\/p>\n<p>&#8211; En 1518, une \u00e9trange \u00e9pid\u00e9mie de danse a contamin\u00e9 des centaines de personnes \u00e0 Strasbourg\u00a0:<strong>\u00a0 <\/strong>http:\/\/mashable.france24.com\/styles\/20170121-epidemie-danse-1518-strasbourg<\/p>\n<p><strong>&#8211; la carole<\/strong> : danse m\u00e9di\u00e9vale : <a href=\"https:\/\/www.universalis.fr\/encyclopedie\/carole-danse\/\">https:\/\/www.universalis.fr\/encyclopedie\/carole-danse\/<\/a><\/p>\n<p><strong>\u00a0<\/strong><\/p>\n<p><strong>Image<\/strong>\u00a0:\u00a0 Gravure de Hendrik Hondius I montrant trois femmes affect\u00e9es par la peste dansante<\/p>\n","protected":false},"excerpt":{"rendered":"<p>Auteur : n\u00e9 le 26 f\u00e9vrier 1953 \u00e0 Saint-L\u00f4 (Manche) mort le 18 octobre 2022 \u00e0 Paris, est un romancier et auteur de bande dessin\u00e9e fran\u00e7ais, qui a \u00e9galement pratiqu\u00e9 le cin\u00e9ma et la t\u00e9l\u00e9vision. Ses romans\u00a0: \u00a0Rainbow pour Rimbaud 1991. &#8211; L&rsquo;\u0152il de P\u00e2ques1992 &#8211; Balade pour un p\u00e8re oubli\u00e9, Julliard, 1995 &#8211; Darling, &hellip; <\/p>\n<p class=\"read-more\"><a class=\"readmore-btn\" href=\"https:\/\/www.cathjack.ch\/wordpress\/?p=5828\">+<span class=\"screen-reader-text\">  Read More<\/span><\/a><\/p>\n","protected":false},"author":1,"featured_media":5838,"comment_status":"open","ping_status":"open","sticky":false,"template":"","format":"standard","meta":{"_crdt_document":"","_monsterinsights_skip_tracking":false,"_monsterinsights_sitenote_active":false,"_monsterinsights_sitenote_note":"","_monsterinsights_sitenote_category":0,"footnotes":""},"categories":[98,43,12,25,1,105,558],"tags":[],"class_list":["post-5828","post","type-post","status-publish","format-standard","has-post-thumbnail","hentry","category-france","category-histoire","category-litterature-france","category-moyen-age","category-non-classe","category-roman","category-strasbourg"],"aioseo_notices":[],"_links":{"self":[{"href":"https:\/\/www.cathjack.ch\/wordpress\/index.php?rest_route=\/wp\/v2\/posts\/5828","targetHints":{"allow":["GET"]}}],"collection":[{"href":"https:\/\/www.cathjack.ch\/wordpress\/index.php?rest_route=\/wp\/v2\/posts"}],"about":[{"href":"https:\/\/www.cathjack.ch\/wordpress\/index.php?rest_route=\/wp\/v2\/types\/post"}],"author":[{"embeddable":true,"href":"https:\/\/www.cathjack.ch\/wordpress\/index.php?rest_route=\/wp\/v2\/users\/1"}],"replies":[{"embeddable":true,"href":"https:\/\/www.cathjack.ch\/wordpress\/index.php?rest_route=%2Fwp%2Fv2%2Fcomments&post=5828"}],"version-history":[{"count":6,"href":"https:\/\/www.cathjack.ch\/wordpress\/index.php?rest_route=\/wp\/v2\/posts\/5828\/revisions"}],"predecessor-version":[{"id":21788,"href":"https:\/\/www.cathjack.ch\/wordpress\/index.php?rest_route=\/wp\/v2\/posts\/5828\/revisions\/21788"}],"wp:featuredmedia":[{"embeddable":true,"href":"https:\/\/www.cathjack.ch\/wordpress\/index.php?rest_route=\/wp\/v2\/media\/5838"}],"wp:attachment":[{"href":"https:\/\/www.cathjack.ch\/wordpress\/index.php?rest_route=%2Fwp%2Fv2%2Fmedia&parent=5828"}],"wp:term":[{"taxonomy":"category","embeddable":true,"href":"https:\/\/www.cathjack.ch\/wordpress\/index.php?rest_route=%2Fwp%2Fv2%2Fcategories&post=5828"},{"taxonomy":"post_tag","embeddable":true,"href":"https:\/\/www.cathjack.ch\/wordpress\/index.php?rest_route=%2Fwp%2Fv2%2Ftags&post=5828"}],"curies":[{"name":"wp","href":"https:\/\/api.w.org\/{rel}","templated":true}]}}