{"id":6590,"date":"2018-07-11T15:40:16","date_gmt":"2018-07-11T14:40:16","guid":{"rendered":"https:\/\/www.cathjack.ch\/wordpress\/?p=6590"},"modified":"2018-07-11T15:41:17","modified_gmt":"2018-07-11T14:41:17","slug":"ledig-agnes-dans-le-murmure-des-feuilles-qui-dansent-2018","status":"publish","type":"post","link":"https:\/\/www.cathjack.ch\/wordpress\/?p=6590","title":{"rendered":"Ledig, Agn\u00e8s \u00abDans le murmure des feuilles qui dansent\u00bb (2018)"},"content":{"rendered":"<p><strong>Ledig, Agn\u00e8s \u00ab\u00a0Dans le murmure des feuilles qui dansent\u00a0\u00bb (2018)<\/strong><\/p>\n<p><strong>Auteur<\/strong>\u00a0: romanci\u00e8re fran\u00e7aise n\u00e9e en 1973. M\u00e8re de trois enfants, elle a commenc\u00e9 l\u2019\u00e9criture apr\u00e8s le d\u00e9c\u00e8s de l\u2019un de ses trois fils, atteint d\u2019une leuc\u00e9mie. Pour r\u00e9pondre aux questions que posaient tous ceux qui se pr\u00e9occupaient de Nathana\u00ebl, elle tenait un bulletin hebdomadaire. Un professeur de m\u00e9decine qui suivait l\u2019enfant lui a r\u00e9v\u00e9l\u00e9 son don de transmission et l\u2019a encourag\u00e9e \u00e0 \u00e9crire. En moins de cinq ans, Agn\u00e8s Ledig s&rsquo;est impos\u00e9e comme l&rsquo;une des romanci\u00e8res fran\u00e7aises les plus aim\u00e9es du grand public. \u00a0\u00ab\u00a0<a href=\"http:\/\/www.cathjack.ch\/wordpress\/?p=1213\">Marie d\u2019en haut<\/a>\u00ab\u00a0, a remport\u00e9 le \u00ab\u00a0coup de c\u0153ur des lectrices\u00a0\u00bb de \u00ab\u00a0Femme actuelle\u00a0\u00bb. \u00ab\u00a0<a href=\"http:\/\/www.cathjack.ch\/wordpress\/?p=1197\">Juste avant le bonheur<\/a>\u00a0\u00bb (Albin Michel, 2013) a remport\u00e9 le prix Maison de la Presse. \u00ab\u00a0<a href=\"http:\/\/www.cathjack.ch\/wordpress\/?p=1404\">Pars avec lui<\/a>\u00a0\u00bb para\u00eet en 2014, \u00ab\u00a0<a href=\"http:\/\/www.cathjack.ch\/wordpress\/?p=2959\">On regrettera plus tard<\/a>\u00ab\u00a0, para\u00eet en 2016, et \u00ab\u00a0<a href=\"http:\/\/www.cathjack.ch\/wordpress\/?p=4715\">De tes nouvelles<\/a>\u00a0\u00bb (la suite) en 2017 . \u00a0<a href=\"https:\/\/www.cathjack.ch\/wordpress\/?p=6590\"><span style=\"display: inline !important; float: none; background-color: transparent; color: #333333; cursor: text; font-family: Georgia,'Times New Roman','Bitstream Charter',Times,serif; font-size: 16px; font-style: normal; font-variant: normal; font-weight: 400; letter-spacing: normal; orphans: 2; text-align: left; text-decoration: none; text-indent: 0px; text-transform: none; -webkit-text-stroke-width: 0px; white-space: normal; word-spacing: 0px;\">\u00ab<\/span>Dans le murmure des feuilles qui dansent\u00bb<\/a> (2018) toujours aux \u00e9ditions Albin Michel.<\/p>\n<p>Albin Michel, 28.03.2018, 389pages<\/p>\n<p><strong>R\u00e9sum\u00e9<\/strong>\u00a0: Ana\u00eblle, une jeune femme dont la vie a \u00e9t\u00e9 boulevers\u00e9e par un accident, se reconstruit doucement, entre son travail et sa passion pour l\u2019\u00e9criture.<\/p>\n<p>Thomas raconte des histoires merveilleuses d\u2019arbres et de for\u00eat pour mettre un peu de couleur dans la chambre d\u2019h\u00f4pital de Simon, un gar\u00e7on lumineux et tendre.<\/p>\n<p>Chacun se bat \u00e0 sa mani\u00e8re contre la fatalit\u00e9. Mais est-ce vraiment le hasard qui va sceller leur destin ?<\/p>\n<p>Dans ce nouveau roman, Agn\u00e8s Ledig noue une histoire simple et poignante o\u00f9 des \u00e2mes bless\u00e9es donnent le meilleur d\u2019elles-m\u00eames et nous rappellent, dans une nature \u00e0 la fois po\u00e9tique et puissante, que la vie est plus forte que tout.<\/p>\n<p><strong>Mon avis<\/strong>\u00a0:<\/p>\n<p>Et bien cela se confirme. J\u2019ai fini ce livre en larmes\u2026 terrass\u00e9e par l\u2019\u00e9motion que g\u00e9n\u00e8re la lecture de cette romanci\u00e8re. Des \u00e9motions, des mots simples, de la sensibilit\u00e9 \u00e0 fleur de mots\u2026 Des personnes qui luttent, des personnes qui s\u2019entraident\u2026 les liens qui se tissent entre les \u00eatres comme les liens invisibles qui unissent les v\u00e9g\u00e9taux dans la nature. Hymne \u00e0 la survie, \u00e0 la main tendue, \u00e0 la volont\u00e9, \u00e0 l\u2019espoir. Et aussi bel hommage \u00e0 l\u2019\u00e9criture, aux \u00e9changes \u00e9pistolaires\u2026 Tout en retenue, hommage au silence, \u00e0 la gentillesse, \u00e0 la main tendue, \u00e0 l\u2019empathie, \u00e0 la nature\u2026.<\/p>\n<p>Et bien s\u00fbr, si vous avez aim\u00e9 ce livre, je vous sugg\u00e8re ( si ce n\u2019est pas encore fait) de lire le livre de <a href=\"http:\/\/www.cathjack.ch\/wordpress\/?p=5150\"><strong>Wohlleben, Peter<\/strong> \u00abLa vie secr\u00e8te des arbres\u00bb (2017) <\/a><\/p>\n<p><strong>Extraits<\/strong>\u00a0:<\/p>\n<p>\u00c0 l\u2019observer d\u2019un regard qui, portant loin, d\u00e9double la r\u00e9alit\u00e9, il a vu en ce petit comme un m\u00e9lange de s\u00e8ve et de sang, d\u2019\u00e9corce et de peau, de tronc et de torse, de n\u0153uds et d\u2019yeux, de feuilles et de m\u00e8ches.<\/p>\n<p>[\u2026] le doute s\u2019installe \u00e0 tout jamais dans la vis sans fin qui lui sert de cerveau et qui, d\u00e8s lors, tournera jusqu\u2019\u00e0 obtenir des r\u00e9ponses.<\/p>\n<p>En silence, la joue pos\u00e9e sur l\u2019oreiller. Les larmes coulaient doucement puis impr\u00e9gnaient sa taie en flanelle. La froideur du chagrin absorb\u00e9e par la douceur du tissu.<\/p>\n<p>Son chat la rejoint sans attendre, in\u00e9branlable b\u00e9quille f\u00e9line pour tous les moments o\u00f9 elle a besoin d\u2019\u00eatre plus forte.<\/p>\n<p>\u00c0 ne plus s\u2019attarder dans les yeux de son conjoint, elle n\u2019avait pas remarqu\u00e9 qu\u2019il regardait ailleurs.<\/p>\n<p>[\u2026] la pluie, la neige ou le vent ne doivent pas \u00eatre un frein mais au contraire une invitation \u00e0 d\u00e9couvrir la for\u00eat avec un autre regard.<\/p>\n<p>Il aime de temps en temps \u00e9prouver ce petit frisson de plaisir quand, une fois l\u2019enveloppe l\u00e2ch\u00e9e dans la fente de la bo\u00eete, plus rien ne peut interrompre sa route vers le destinataire.<\/p>\n<p>Chacun est responsable de ce qu\u2019il imagine.<\/p>\n<p>La journ\u00e9e est boucl\u00e9e, tout est en ordre, v\u00e9rifi\u00e9, analys\u00e9, scrut\u00e9, annot\u00e9, le corps fatigu\u00e9 est pr\u00eat \u00e0 dormir, reste \u00e0 bercer le c\u0153ur.<\/p>\n<p>Et puis un jour, vous comprenez que la vie est ici, dans l\u2019instant, puisque rien ne dit qu\u2019elle sera encore l\u00e0 demain, et apr\u00e8s-demain, et les jours suivants. Alors vous la traversez un peu plus fort, un peu plus doux, un peu plus rire, un peu plus fou.<\/p>\n<p>L\u2019\u00eatre humain est probablement le seul animal \u00e0 \u00eatre capable de se faire du mal par la simple pens\u00e9e.<\/p>\n<p>Pourquoi ne pas abuser des bonnes choses\u00a0? Justement, il faut abuser des bonnes choses\u00a0! Ne croyez-vous pas\u00a0? La vie est bien trop courte pour procrastiner.<\/p>\n<p>L\u2019avantage du courrier postal r\u00e9side dans le fait qu\u2019il rend le temps incompressible. Celui du transport et de la distribution.<\/p>\n<p>Mais, comme vous le dites, les \u00e9preuves de la vie sont les meilleurs tests humains.<\/p>\n<p>Elle lui a r\u00e9pondu que quand on revient de l\u2019enfer, le paradis habille tous les jolis moments de la vie\u2026<\/p>\n<p>On rit de rien quand il s\u2019agit de rire pour ne pas pleurer.<\/p>\n<p>\u2013\u00a0Mais m\u00eame s\u2019il y avait anguille, en quoi cela vous regarderait-il\u00a0? Je fais ce que je veux de mon anguille, et je n\u2019ai aucun compte \u00e0 vous rendre.<\/p>\n<p>\u00c0 l\u2019id\u00e9e que quelqu\u2019un pense \u00e0 moi, prend plaisir \u00e0 me d\u00e9couvrir, a envie de me rencontrer, de me conna\u00eetre mieux, sans tenir compte de l\u2019\u00e9tat de ma carrosserie.<\/p>\n<p>Celui qui mange sans sel depuis toujours n\u2019a pas conscience de ce qu\u2019une pinc\u00e9e peut apporter dans la r\u00e9v\u00e9lation des saveurs. Voil\u00e0, vous \u00eates ma pinc\u00e9e de sel. Et je n\u2019ai plus envie de manger fade.<\/p>\n<p>Il ne faut pas s\u2019oublier. Il essaie juste de tenir. Tenir soi pour tenir les autres, \u00e0 bout de bras. Mais dans la temp\u00eate, vous ne r\u00e9fl\u00e9chissez pas, vous vous accrochez au premier arbre venu en esp\u00e9rant qu\u2019il ne se d\u00e9racinera pas.<\/p>\n<p>C\u2019\u00e9tait ma condition \u00e0 moi pour poursuivre. \u00catre au top ou n\u2019\u00eatre pas. Tant qu\u2019\u00e0 se relever, autant marcher droit.<\/p>\n<p>Partager la beaut\u00e9 du monde, celle qui ne s\u2019efface pas dans l\u2019adversit\u00e9. Elle est m\u00eame sublim\u00e9e pour qui veut bien la voir comme arme de consolation massive.<\/p>\n<p>C\u2019est symbolique, le papillon. Dans beaucoup de cultures, il \u00e9voque l\u2019\u00e2me qui s\u2019envole.<\/p>\n<p>&nbsp;<\/p>\n<p>&nbsp;<\/p>\n<p>&nbsp;<\/p>\n<p>&nbsp;<\/p>\n","protected":false},"excerpt":{"rendered":"<p>Ledig, Agn\u00e8s \u00ab\u00a0Dans le murmure des feuilles qui dansent\u00a0\u00bb (2018) Auteur\u00a0: romanci\u00e8re fran\u00e7aise n\u00e9e en 1973. M\u00e8re de trois enfants, elle a commenc\u00e9 l\u2019\u00e9criture apr\u00e8s le d\u00e9c\u00e8s de l\u2019un de ses trois fils, atteint d\u2019une leuc\u00e9mie. Pour r\u00e9pondre aux questions que posaient tous ceux qui se pr\u00e9occupaient de Nathana\u00ebl, elle tenait un bulletin hebdomadaire. Un &hellip; <\/p>\n<p class=\"read-more\"><a class=\"readmore-btn\" href=\"https:\/\/www.cathjack.ch\/wordpress\/?p=6590\">+<span class=\"screen-reader-text\">  Read More<\/span><\/a><\/p>\n","protected":false},"author":1,"featured_media":6591,"comment_status":"open","ping_status":"open","sticky":false,"template":"","format":"standard","meta":{"_crdt_document":"","_monsterinsights_skip_tracking":false,"_monsterinsights_sitenote_active":false,"_monsterinsights_sitenote_note":"","_monsterinsights_sitenote_category":0,"footnotes":""},"categories":[520,98,12],"tags":[175,417,343,218,437,345,477,405,141,317,574,452],"class_list":["post-6590","post","type-post","status-publish","format-standard","has-post-thumbnail","hentry","category-520","category-france","category-litterature-france","tag-deuil","tag-disparition","tag-douleur","tag-drame","tag-ecologie","tag-enfance","tag-espoir","tag-foret","tag-lecture","tag-maladie","tag-mots","tag-reconstruction"],"aioseo_notices":[],"_links":{"self":[{"href":"https:\/\/www.cathjack.ch\/wordpress\/index.php?rest_route=\/wp\/v2\/posts\/6590","targetHints":{"allow":["GET"]}}],"collection":[{"href":"https:\/\/www.cathjack.ch\/wordpress\/index.php?rest_route=\/wp\/v2\/posts"}],"about":[{"href":"https:\/\/www.cathjack.ch\/wordpress\/index.php?rest_route=\/wp\/v2\/types\/post"}],"author":[{"embeddable":true,"href":"https:\/\/www.cathjack.ch\/wordpress\/index.php?rest_route=\/wp\/v2\/users\/1"}],"replies":[{"embeddable":true,"href":"https:\/\/www.cathjack.ch\/wordpress\/index.php?rest_route=%2Fwp%2Fv2%2Fcomments&post=6590"}],"version-history":[{"count":2,"href":"https:\/\/www.cathjack.ch\/wordpress\/index.php?rest_route=\/wp\/v2\/posts\/6590\/revisions"}],"predecessor-version":[{"id":6593,"href":"https:\/\/www.cathjack.ch\/wordpress\/index.php?rest_route=\/wp\/v2\/posts\/6590\/revisions\/6593"}],"wp:featuredmedia":[{"embeddable":true,"href":"https:\/\/www.cathjack.ch\/wordpress\/index.php?rest_route=\/wp\/v2\/media\/6591"}],"wp:attachment":[{"href":"https:\/\/www.cathjack.ch\/wordpress\/index.php?rest_route=%2Fwp%2Fv2%2Fmedia&parent=6590"}],"wp:term":[{"taxonomy":"category","embeddable":true,"href":"https:\/\/www.cathjack.ch\/wordpress\/index.php?rest_route=%2Fwp%2Fv2%2Fcategories&post=6590"},{"taxonomy":"post_tag","embeddable":true,"href":"https:\/\/www.cathjack.ch\/wordpress\/index.php?rest_route=%2Fwp%2Fv2%2Ftags&post=6590"}],"curies":[{"name":"wp","href":"https:\/\/api.w.org\/{rel}","templated":true}]}}