{"id":7063,"date":"2018-09-17T15:08:16","date_gmt":"2018-09-17T14:08:16","guid":{"rendered":"https:\/\/www.cathjack.ch\/wordpress\/?p=7063"},"modified":"2024-04-26T13:26:13","modified_gmt":"2024-04-26T11:26:13","slug":"arditi-metin-carnaval-noir-rl2018","status":"publish","type":"post","link":"https:\/\/www.cathjack.ch\/wordpress\/?p=7063","title":{"rendered":"Arditi, Metin \u00abCarnaval noir\u00bb (RL2018)"},"content":{"rendered":"<p><strong>Auteur\u00a0<\/strong>: Metin Arditi est un romancier suisse d\u2019origine turque. Envoy\u00e9 sp\u00e9cial de l\u2019UNESCO pour le dialogue interculturel, il accomplit de fr\u00e9quents voyages en Isra\u00ebl et en Palestine, en Turquie et en Arm\u00e9nie. A Gen\u00e8ve, il pr\u00e9side la fondation P\u00f4le Autisme.<\/p>\n<p>Ses romans\u00a0: Victoria-Hall, (2004) &#8211; Derni\u00e8re Lettre \u00e0 Th\u00e9o, (2005 Actes Sud) &#8211; La pension Marguerite, (2006) &#8211; L\u2019impr\u00e9visible, (2006) &#8211; \u00a0: La fille des Louganis, (2007) &#8211; Loin des bras, (2009) &#8211; <span style=\"color: #0000ff;\"><a style=\"color: #0000ff;\" href=\"https:\/\/www.cathjack.ch\/wordpress\/?p=258\">Le Turquetto<\/a><\/span>, (2011 \u2013 Prix Jean Giono) &#8211; Prince d\u2019orchestre, (2012) &#8211; <span style=\"color: #0000ff;\"><a style=\"color: #0000ff;\" href=\"https:\/\/www.cathjack.ch\/wordpress\/?p=159\">La confr\u00e9rie des moines volants<\/a><\/span>, (2013) &#8211; Juliette dans son bain, (2015) &#8211; <span style=\"color: #0000ff;\"><a style=\"color: #0000ff;\" href=\"https:\/\/www.cathjack.ch\/wordpress\/?p=3347\">L&rsquo;enfant qui mesurait le monde<\/a>,<\/span> (2016 \u2013 Prix M\u00e9diterran\u00e9e 2017) &#8211; Mon p\u00e8re sur mes \u00e9paules, (2017) &#8211; <span style=\"color: #0000ff;\"><a style=\"color: #0000ff;\" href=\"https:\/\/www.cathjack.ch\/wordpress\/?p=7063\">Carnaval noir<\/a><\/span> (2018) &#8211; Rachel et les siens (2020) &#8211; L&rsquo;homme qui peignait les \u00e2mes (2021) &#8211; Tu seras mon p\u00e8re (2022) &#8211; Le B\u00e2tard de Nazareth (2023) &#8211; L&rsquo;\u00eele de la Fran\u00e7aise (2024)<\/p>\n<p>Grasset \u2013 16.08.2018 \u2013 400 pages<\/p>\n<p><strong>R\u00e9sum\u00e9\u00a0: <\/strong>Janvier 2016 : une jeune \u00e9tudiante \u00e0 l&rsquo;universit\u00e9 de Venise est retrouv\u00e9e noy\u00e9e dans la lagune. C&rsquo;est, le d\u00e9but d&rsquo;une s\u00e9rie d&rsquo;assassinats dont on ne comprend pas le motif. Elle consacrait une th\u00e8se \u00e0 l&rsquo;une des principales confr\u00e9ries du XVIe si\u00e8cle, qui avait \u00e9t\u00e9 la cible d&rsquo;une s\u00e9rie de crimes durant le carnaval de Venise en 1575, baptis\u00e9 par les historiens \u00ab\u00a0Carnaval noir\u00a0\u00bb&#8230; Cinq si\u00e8cles plus tard, les m\u00eames obscurantistes qui croyaient faire le bien en semant la terreur seraient-ils toujours actifs ? B\u00e9n\u00e9dict Hugues, professeur de latin \u00e0 l&rsquo;universit\u00e9 de Gen\u00e8ve, parviendra-t-il \u00e0 d\u00e9jouer une machination ourdie par l&rsquo;alliance contre-nature d&rsquo;un groupuscule d&rsquo;extr\u00eame droite de la Curie romaine et de mercenaires de Daech, visant \u00e0 \u00e9liminer un pape jug\u00e9 trop bienveillant \u00e0 l&rsquo;\u00e9gard des migrants ? A croire que l&rsquo;Histoire se r\u00e9p\u00e8te \u00e9ternellement, que le combat entre le fanatisme et la raison n&rsquo;en finit jamais, et que la folie des hommes est sans limite&#8230;<\/p>\n<p>Dans ce roman riche de suspense, de passion et de savoir, Metin Arditi se r\u00e9v\u00e8le, une fois encore, un conteur exceptionnel.<\/p>\n<p><strong>Note au Lecteur\u00a0: <\/strong><\/p>\n<p>En 1575, durant le carnaval de Venise, une s\u00e9rie de crimes secoua la ville sans qu\u2019on n\u2019en d\u00e9couvr\u00eet jamais ni les auteurs ni les motifs.\u00a0Cinq si\u00e8cles plus tard, \u00e0 Venise, Gen\u00e8ve et Rome, d\u2019autres crimes sont commis, comme en \u00e9cho aux pr\u00e9c\u00e9dents.<\/p>\n<p><strong>Mon avis\u00a0:<\/strong><\/p>\n<p>Un livre tr\u00e8s document\u00e9 sur les deux \u00e9poques, une double enqu\u00eate mais l\u2019action se d\u00e9roule de nos jours. Le XVI\u00e8me remonte avec des lettres, des chroniques\u2026 \u00a0Ah que j\u2019ai aim\u00e9 passer par tous ces endroits que j\u2019aime\u00a0: Gen\u00e8ve, St Saphorin, un de mes endroits de pr\u00e9dilection\u00a0: la Fondation Bodmer \u00e0 Cologny, Venise, Rome\u2026 Un livre que je n\u2019ai pas l\u00e2ch\u00e9 et qui renvoie en miroir deux \u00e9poques, deux religions, deux sortes d\u2019extr\u00e9mistes. Et au milieu de tout cela, il y a des personnages qui se d\u00e9battent comme ils peuvent avec leurs vies et leurs d\u00e9mons\u2026<\/p>\n<p>Des meurtres ont \u00e9t\u00e9 commis en 1575 durant le Carnaval, la Confr\u00e9rie du Saint S\u00e9pulcre a \u00e9t\u00e9 totalement an\u00e9antie. Qui \u00e9tait coupable\u00a0? on ne le sait toujours pas. De nos jours, un \u00e9rudit genevois, prof de latin, entre en possession d\u2019une lettre qui met \u00e0 jour une \u00e9ventualit\u00e9 de complot. A cinq si\u00e8cles de distance, l\u2019histoire va se r\u00e9p\u00e9ter. Le catholicisme est en danger, il faut intervenir pour le sauver. Les menaces d\u2019attentats ressurgissent. Le roman est, je cite l\u2019auteur \u00ab\u00a0travers\u00e9 par des id\u00e9ologies d\u2019extr\u00eame droite. Les unes sont contemporaines et les autres datent du 16<sup>\u00e8me<\/sup> si\u00e8cle et finalement ce que l\u2019on remarque c\u2019est que l\u2019histoire se r\u00e9p\u00e8te \u00bb. Ces id\u00e9ologies sont simplistes et quand on va mal, on devient la cible des mouvements extr\u00e9mistes. Il y a les bons et les mauvais et quand on est certain d\u2019avoir raison, on peut tout faire, on est au-dessus des lois. Au programme\u00a0: un complot et 2 attentats \u00e0 Rome \u2026 les cibles\u00a0: le pape et les fid\u00e8les catholiques\u00a0; de quoi d\u00e9clencher un beau chaos\u00a0!\u00a0 Les acteurs\u00a0: la fili\u00e8re libyenne de Daech et la Curie romaine\u2026 Attention \u00e0 l\u2019extr\u00eame droite, attention aux religieux qui aspirent \u00e0 renverser le pape humaniste et \u00e9lire un pape de droite pure et dure. Une Europe ni blanche, ni chr\u00e9tienne\u00a0! vous imaginez\u00a0!!! Il faut emp\u00eacher cela.<\/p>\n<p>Mais ce n\u2019est pas tout. J\u2019ai ador\u00e9 le Roman. Il y a du vrai, il y a de l\u2019invent\u00e9 et au final je ne sais pas ce qui est vrai et ce qui est faux. Mais le tableau avec le Christ aux 12 doigts, je ne l\u2019ai pas trouv\u00e9. Le signe du sagittaire\u2026 est porteur d\u2019un message\u2026 Un roman passionnant et haletant, pas de temps morts\u2026 A quand l\u2019adaptation au cin\u00e9ma\u00a0?<\/p>\n<p><strong>Extraits\u00a0: <\/strong><\/p>\n<p>Il fallait lutter contre les avanc\u00e9es inqui\u00e9tantes de la R\u00e9forme, et l\u2019art religieux \u00e9tait une arme l\u00e9gitime.<\/p>\n<p>Outre le sens du \u00ab\u00a0colorito\u00a0\u00bb qui \u00e9tait la marque des grands peintres v\u00e9nitiens, il Nano avait une extraordinaire pr\u00e9cision du trait, la sp\u00e9cialit\u00e9 des Florentins de l\u2019\u00e9poque, qu\u2019on appelait le \u00ab\u00a0disegno\u00a0\u00bb<\/p>\n<p>Certains jours par forte bise, le lac avait l\u2019air brouillon, avec des vagues petites, d\u00e9sordonn\u00e9es, tr\u00e8s nerveuses. D\u2019autres fois, lorsque la brume cachait les c\u00f4tes fran\u00e7aises, il \u00e9tait gris et placide, sans la moindre ridule, et prenait des airs de grand fleuve majestueux. Il lui arrivait aussi de se m\u00e9tamorphoser \u00e0 vue d\u2019\u0153il, passant tr\u00e8s vite du gris-vert au glauque, puis au vert bouteille, et de temps \u00e0 autre, par endroits, \u00e0 un bleu tr\u00e8s sombre, presque noir, surtout vers l\u2019est, du c\u00f4t\u00e9 de Saint-Gingolph.<\/p>\n<p>Je dois sans cesse justifier ma n\u00e9gritude. Est-ce que tu sais ce que cela veut dire, de devoir se justifier \u00e0 chaque instant\u00a0?<\/p>\n<p>Fini, les salamalecs aux migrants, les trahisons de l\u2019\u00c9glise, les intellectuels qui monopolisent les m\u00e9dias et plongent l\u2019Occident en l\u00e9thargie en faisant l\u2019\u00e9loge d\u2019un pseudo-multiculturalisme\u00a0! Ah, le multiculturalisme\u2026 Une vraie farce. Les gens pronon\u00e7aient ce mot, et d\u2019un coup ils se sentaient bons, clairvoyants, ouverts sur le monde. Quels cr\u00e9tins\u00a0!<\/p>\n<p>On ne prend pas une revanche sur ses enfants.<\/p>\n<p>Sais-tu que seule notre Sainte M\u00e8re l\u2019\u00c9glise a autorit\u00e9 d\u2019interpr\u00e9ter les d\u00e9couvertes scientifiques\u00a0? D\u2019appr\u00e9hender les signes de l\u2019existence du Cr\u00e9ateur\u00a0? Sais-tu que te substituer \u00e0 notre Sainte \u00c9glise est commettre le blasph\u00e8me\u00a0?<\/p>\n<p>Du temps de la R\u00e9publique, les V\u00e9nitiens \u00e9taient fiers de leur ville et de ses fastes. Ils ne laissaient pas passer un \u00e9v\u00e9nement sans en faire un r\u00e9cit.<\/p>\n<p>Il n\u2019\u00e9tait ni croyant ni pratiquant, mais ces tableaux le comblaient. Au fond, sa vraie religion, c\u2019\u00e9tait l\u2019Italie. Il croyait en la repr\u00e9sentation de l\u2019homme qu\u2019offrait son pays, si vraie et si tendre. En sa culture, ses traditions, ses artistes. Il croyait en Manzoni et ses romans, en Leopardi et sa po\u00e9sie, en Dante et en son Enfer, en l\u2019Ar\u00e9tin et \u00e0 ses provocations joyeuses, en Machiavel et \u00e0 sa lucidit\u00e9 f\u00e9roce.<\/p>\n<p>Pourquoi est-ce que cette histoire la perturbait tant\u00a0? Parce qu\u2019elle vieillissait, voil\u00e0 pourquoi. On pouvait m\u00eame dire qu\u2019elle avait fini de vieillir, tant elle \u00e9tait vieille.<\/p>\n<p>\u00c0 l\u2019\u00e9poque, on \u00e9tudiait souvent l\u2019astronomie comme moyen d\u2019acc\u00e8s \u00e0 l\u2019astrologie. C\u2019\u00e9tait elle qui permettait de faire des pr\u00e9dictions, une porte ouverte au monde des r\u00eaves.<\/p>\n<p>L\u2019\u00c9glise a d\u00e9sormais \u00e0 sa t\u00eate un pape qui fait les titres de la presse populiste, humilie les responsables de la Curie et encourage l\u2019invasion des migrants. Elle se retrouve comme un corps priv\u00e9 de ses d\u00e9fenses naturelles.<\/p>\n<p>Machiavel avait beau \u00eatre honni, tous les pr\u00e9lats avaient lu Le Prince. C\u2019\u00e9tait m\u00eame leur deuxi\u00e8me br\u00e9viaire. Un texte qui pr\u00f4nait l\u2019art d\u2019attendre son heure. La marque des grands pr\u00e9dateurs.<\/p>\n<p>il remarqua que la nuit \u00e9tait comme il n\u2019en avait jamais connu, \u00e0 la fois \u00e9toil\u00e9e et tr\u00e8s noire, comme si les pointes dor\u00e9es voulaient marquer encore plus les t\u00e9n\u00e8bres. Une nuit faite pour accueillir le Malin.<\/p>\n<p>sa m\u00e9moire du pass\u00e9 avait disparu. Il se pouvait qu\u2019elle revienne, par \u00e0-coups, mais il n\u2019y avait aucune certitude. En revanche, elle retenait le pr\u00e9sent\u00a0:<\/p>\n<p>\u2013\u00a0En d\u2019autres termes, son logiciel fonctionne, mais son disque dur a \u00e9t\u00e9 vid\u00e9 de son contenu.<\/p>\n<p>J\u2019ai grandi avec la conviction qu\u2019exprimer ses faiblesses \u00e9tait une faiblesse. Il m\u2019a fallu vivre les bouleversements de ces derni\u00e8res semaines pour comprendre que montrer ses failles, c\u2019est le contraire d\u2019une faille.<\/p>\n<p><strong>\u00a0<\/strong><\/p>\n<p><strong>Infos\u00a0: <\/strong>Andrea di Pietro della Gondola, dit Andrea Palladio n\u00e9 \u00e0 Padoue le 30 novembre 1508 et mort \u00e0 Vicence le 19 ao\u00fbt 1580 est un architecte de la Renaissance italienne.\u00a0 Voir\u00a0: <a href=\"https:\/\/fr.wikipedia.org\/wiki\/Andrea_Palladio\">https:\/\/fr.wikipedia.org\/wiki\/Andrea_Palladio<\/a><\/p>\n<p><strong>\u00a0<\/strong><\/p>\n","protected":false},"excerpt":{"rendered":"<p>Auteur\u00a0: Metin Arditi est un romancier suisse d\u2019origine turque. Envoy\u00e9 sp\u00e9cial de l\u2019UNESCO pour le dialogue interculturel, il accomplit de fr\u00e9quents voyages en Isra\u00ebl et en Palestine, en Turquie et en Arm\u00e9nie. A Gen\u00e8ve, il pr\u00e9side la fondation P\u00f4le Autisme. Ses romans\u00a0: Victoria-Hall, (2004) &#8211; Derni\u00e8re Lettre \u00e0 Th\u00e9o, (2005 Actes Sud) &#8211; La pension &hellip; <\/p>\n<p class=\"read-more\"><a class=\"readmore-btn\" href=\"https:\/\/www.cathjack.ch\/wordpress\/?p=7063\">+<span class=\"screen-reader-text\">  Read More<\/span><\/a><\/p>\n","protected":false},"author":1,"featured_media":7064,"comment_status":"open","ping_status":"open","sticky":false,"template":"","format":"standard","meta":{"_crdt_document":"","_monsterinsights_skip_tracking":false,"_monsterinsights_sitenote_active":false,"_monsterinsights_sitenote_note":"","_monsterinsights_sitenote_category":0,"footnotes":""},"categories":[591,46,35,92,101,28,590,105,88,66,40,125,192],"tags":[593,151,194],"class_list":["post-7063","post","type-post","status-publish","format-standard","has-post-thumbnail","hentry","category-au-fil-de-lart-romans-thrillers-essais-biographies","category-polhist","category-coup-de-coeur-lectures","category-geneve","category-italie-2","category-suisse","category-rl2018","category-roman","category-rome","category-suisse-destinations","category-venise","category-xvieme-siecle","category-xxieme-siecle","tag-complot","tag-religion","tag-terrorisme"],"aioseo_notices":[],"_links":{"self":[{"href":"https:\/\/www.cathjack.ch\/wordpress\/index.php?rest_route=\/wp\/v2\/posts\/7063","targetHints":{"allow":["GET"]}}],"collection":[{"href":"https:\/\/www.cathjack.ch\/wordpress\/index.php?rest_route=\/wp\/v2\/posts"}],"about":[{"href":"https:\/\/www.cathjack.ch\/wordpress\/index.php?rest_route=\/wp\/v2\/types\/post"}],"author":[{"embeddable":true,"href":"https:\/\/www.cathjack.ch\/wordpress\/index.php?rest_route=\/wp\/v2\/users\/1"}],"replies":[{"embeddable":true,"href":"https:\/\/www.cathjack.ch\/wordpress\/index.php?rest_route=%2Fwp%2Fv2%2Fcomments&post=7063"}],"version-history":[{"count":5,"href":"https:\/\/www.cathjack.ch\/wordpress\/index.php?rest_route=\/wp\/v2\/posts\/7063\/revisions"}],"predecessor-version":[{"id":20146,"href":"https:\/\/www.cathjack.ch\/wordpress\/index.php?rest_route=\/wp\/v2\/posts\/7063\/revisions\/20146"}],"wp:featuredmedia":[{"embeddable":true,"href":"https:\/\/www.cathjack.ch\/wordpress\/index.php?rest_route=\/wp\/v2\/media\/7064"}],"wp:attachment":[{"href":"https:\/\/www.cathjack.ch\/wordpress\/index.php?rest_route=%2Fwp%2Fv2%2Fmedia&parent=7063"}],"wp:term":[{"taxonomy":"category","embeddable":true,"href":"https:\/\/www.cathjack.ch\/wordpress\/index.php?rest_route=%2Fwp%2Fv2%2Fcategories&post=7063"},{"taxonomy":"post_tag","embeddable":true,"href":"https:\/\/www.cathjack.ch\/wordpress\/index.php?rest_route=%2Fwp%2Fv2%2Ftags&post=7063"}],"curies":[{"name":"wp","href":"https:\/\/api.w.org\/{rel}","templated":true}]}}