{"id":7320,"date":"2018-11-07T10:32:11","date_gmt":"2018-11-07T09:32:11","guid":{"rendered":"https:\/\/www.cathjack.ch\/wordpress\/?p=7320"},"modified":"2026-02-12T21:34:50","modified_gmt":"2026-02-12T19:34:50","slug":"jonasson-ragnar-natt-2018","status":"publish","type":"post","link":"https:\/\/www.cathjack.ch\/wordpress\/?p=7320","title":{"rendered":"J\u00f3nasson, Ragnar \u00abN\u00e1tt\u00bb (2018)"},"content":{"rendered":"<p><b>Auteur\u00a0<\/b>: Islandais, n\u00e9 \u00e0 Reykjavik , 1976. Il a d\u00e9couvert \u00e0 13 ans les livres d\u2019Agatha Christie et a commenc\u00e9 \u00e0 les traduire en islandais \u00e0 17 ans! Ses grands-parents sont originaires de Siglufj\u00f6rdur, la ville o\u00f9 se d\u00e9roule Snj\u00f3r, et o\u00f9 a grandi son p\u00e8re. Avocat et professeur de droit \u00e0 l\u2019Universit\u00e9 de Reykjavik, il est aussi \u00e9crivain et le cofondateur du Festival international de romans policiers \u00abIceland Noir \u00bb.<br \/>\nC\u2019est l\u2019agent d\u2019Henning Mankell qui a d\u00e9couvert Ragnar J\u00f3nasson et vendu les droits de ses livres dans quinze pays. M\u00f6rk a \u00e9t\u00e9 \u00e9lu \u00ab Meilleur polar de l\u2019ann\u00e9e 2016 \u00bb selon le SundayExpress et le Daily Express, et a re\u00e7u le Dead Good Reader Award en Angleterre.<\/p>\n<p><b>S\u00e9rie Dark Iceland\u00a0<\/b>:\u00a0 \u00a0Tome 1\u00a0<span style=\"color: #0000ff;\"><a style=\"color: #0000ff;\" href=\"http:\/\/www.cathjack.ch\/wordpress\/?p=4341\">Snj\u00f3r<\/a><\/span>\u00a0(Neige), Tome 2\u00a0<span style=\"color: #0000ff;\"><a style=\"color: #0000ff;\" href=\"http:\/\/www.cathjack.ch\/wordpress\/?p=4348\">M\u00f6rk<\/a>\u00a0<\/span>(Fronti\u00e8re) \u2013 Tome 3\u00a0<span style=\"color: #0000ff;\"><a style=\"color: #0000ff;\" href=\"https:\/\/www.cathjack.ch\/wordpress\/?p=7320\">N\u00e1tt\u00a0<\/a><\/span>(Nuit) (2018) \u2013 Tome 4<span style=\"color: #0000ff;\">\u00a0<a style=\"color: #0000ff;\" href=\"https:\/\/www.cathjack.ch\/wordpress\/?p=7760\">S\u00f3tt<\/a><\/span>\u00a0(Fi\u00e8vre) (2018) Tome 5\u00a0<span style=\"color: #0000ff;\"><a style=\"color: #0000ff;\" href=\"https:\/\/www.cathjack.ch\/wordpress\/?p=10128\">V\u00edk<\/a><\/span>\u00a0(Baie) (2019)\u00a0<i>!! se passe avant le tome 4<\/i>\u00a0\u2013 Tome 6\u00a0<span style=\"color: #0000ff;\"><a style=\"color: #0000ff;\" href=\"https:\/\/www.cathjack.ch\/wordpress\/?p=11837\">Sigl\u00f3<\/a><\/span>\u00a0(2020)<\/p>\n<p><b>Autres romans<\/b>\u00a0: \u00ab\u00a0<span style=\"color: #0000ff;\"><a style=\"color: #0000ff;\" href=\"https:\/\/www.cathjack.ch\/wordpress\/?p=17043\">Dix \u00e2mes pas plus<\/a>\u00a0<\/span>\u00bb (2022) &#8211;\u00a0\u00ab\u00a0<span style=\"color: #0000ff;\"><a style=\"color: #0000ff;\" href=\"https:\/\/www.cathjack.ch\/wordpress\/?p=17712\">A qui la faute<\/a><\/span>\u00a0\u00bb (2023)<i>\u00dati<\/i> (2021) &#8211; Reykjavik (2022 &#8211; traduit en 2023) &#8211; co\u00e9crit avec Katr\u00edn Jakobsd\u00f3ttir<\/p>\n<p><b>Trilogie La Dame de Reykjavik<\/b>\u00a0: Tome 1\u00a0<span style=\"color: #0000ff;\"><a style=\"color: #0000ff;\" href=\"https:\/\/www.cathjack.ch\/wordpress\/?p=16403\">La Dame de Reykjavik<\/a><\/span>\u00a0(Dimma) 2018 \u2013 Tome 2<span style=\"color: #0000ff;\"> <a style=\"color: #0000ff;\" href=\"https:\/\/www.cathjack.ch\/wordpress\/?p=17356\">L\u2019\u00cele au secret<\/a> <\/span>(Drungi) 2020 \u2013 Tome 3 <span style=\"color: #0000ff;\"><a style=\"color: #0000ff;\" href=\"https:\/\/www.cathjack.ch\/wordpress\/?p=17503\">La Derni\u00e8re Temp\u00eate<\/a><\/span> (Mistur ) 2021 &#8211;<br \/>\n(Pas le Tome 4 mais des apparitions de Hulda )<span class=\"Apple-converted-space\">\u00a0 <\/span><span style=\"color: #0000ff;\"><a style=\"color: #0000ff;\" href=\"https:\/\/www.cathjack.ch\/wordpress\/?p=21573\">La mort en blanc<\/a><\/span> ( Hv\u00edtidau\u00f0i 2019) 2024<br \/>\n<i>Dans cette nouvelle s\u00e9rie, Jonasson a \u00e9crit les histoires \u00e0 rebours : le tome 2, L\u2019\u00eele au secret se passe 10 ans avant le tome 1, La dame de Reykjavik. Le troisi\u00e8me tome se passe 25 ans avant le premier.<\/i><i><\/i><\/p>\n<p><b>Trilogie blanche<\/b> : <span style=\"color: #0000ff;\"><a style=\"color: #0000ff;\" href=\"https:\/\/www.cathjack.ch\/wordpress\/?p=21573\">La mort en blanc<\/a> <\/span>( Hv\u00edtidau\u00f0i 2019) 2024 &#8211; <span style=\"color: #0000ff;\"><a style=\"color: #0000ff;\" title=\"J\u00f3nasson, Ragnar \u00ab\u00a0Un calme blanc\u00a0\u00bb (2025) 384 pages\" href=\"https:\/\/www.cathjack.ch\/wordpress\/?p=23795\">Un calme blanc<\/a><\/span> ( Hv\u00edtalogn &#8211; 2023)<\/p>\n<p><strong>S\u00e9rie Dark Iceland\u00a0<\/strong>:\u00a0 \u00a03\u00e8me tome &#8211;<br \/>\n<strong>Note de l\u2019\u00e9diteur<\/strong>\u00a0: les \u00e9v\u00e9nements de N\u00e1tt se situent un peu apr\u00e8s Snj\u00f3r, premier volume de la s\u00e9rie des enqu\u00eates d\u2019Ari Th\u00f3r, et un peu avant M\u00f6rk, le deuxi\u00e8me volume. Tous les romans de Ragnar J\u00f3nasson peuvent toutefois \u00eatre lus de fa\u00e7on ind\u00e9pendante.<br \/>\nEditions La Martini\u00e8re &#8211; 8.3.2018- 340 pages<\/p>\n<p><strong>R\u00e9sum\u00e9\u00a0<\/strong>: En Islande, les fjords et les volcans dissimulent des secrets macabres. Une seule r\u00e8gle : ne pas se fier aux apparences. C&rsquo;est l&rsquo;\u00e9t\u00e9 \u00e0 Siglufj\u00f6rdur. Le climat de ce village du nord de l&rsquo;Islande est si rude que le jeune policier Ari Th\u00f3r voit arriver avec soulagement cette saison o\u00f9 le soleil brille \u00e0 toute heure du jour et de la nuit. Mais le r\u00e9pit est de courte dur\u00e9e. Un homme battu \u00e0 mort est d\u00e9couvert sur les bords d&rsquo;un fjord tranquille.<\/p>\n<p>Une jeune journaliste vient fouiner d&rsquo;un peu trop pr\u00e8s. Que cherche-t-elle \u00e0 d\u00e9couvrir ? Ou \u00e0 \u00e9touffer ? Surtout, l&rsquo;\u00e9ruption spectaculaire de l&rsquo;Eyjafjallaj\u00f6kull recouvre peu \u00e0 peu toute l&rsquo;Islande d&rsquo;un \u00e9pais nuage de cendres. Cette \u00e9trange \u00ab\u00a0nuit\u00a0\u00bb \u2013 n\u00e1tt, en islandais \u2013 fait remonter les secrets les plus enfouis. Personne ne sera \u00e9pargn\u00e9. Pas m\u00eame Ari Th\u00f3r, qui doit pourtant boucler son enqu\u00eate au plus vite, s&rsquo;il veut \u00e9viter de nouveaux crimes.<\/p>\n<p><strong>Mon avis<\/strong>\u00a0: Cette fois ci on n\u2019est pas enfoui sous la neige, ni dans l\u2019obscurit\u00e9 hivernale. Mais on n\u2019\u00e9chappe pas \u00e0 la noirceur du fait de l\u2019\u00e9ruption de l\u2019Eyjafjallaj\u00f6kull qui disperse ses cendres partout \u00e0 la ronde et m\u00eame plus loin\u2026 Normalement on ne devrait pas pouvoir fermer l\u2019\u0153il de la nuit car il devrait faire jour 20 heures par jour\u2026 mais il y a les cendres pour nous rendre l\u2019atmosph\u00e8re glauque \u00e0 souhait\u00a0 L\u2019obscurit\u00e9 r\u00e8gne, \u00e0 l\u2019unisson avec les caract\u00e8res des personnages. \u00a0Une fois encore les petites villes isol\u00e9es sont le th\u00e9\u00e2tre d\u2019histoires pas jolies jolies. Entre la violence domestique, la violence sur mineurs, la diff\u00e9rence entre la capitale et les campagnes. Ah c\u2019est qu\u2019ils sont plut\u00f4t tortur\u00e9s et mal dans leur peau les personnages de J\u00f3nasson. Ils sont authentiques, purs produits du climat et de la solitude, des conditions de vie dans des contr\u00e9es difficiles. Ce sont des taiseux, des violents, des gens en manque de communication.\u00a0 Entre leurs histoires d\u2019amour qui p\u00e9clotent grave et leur pass\u00e9 qui leur colle \u00e0 la peau comme un boulet \u2026<\/p>\n<p>Une jeune journaliste, Isr\u00f9n, qui en a marre de ne pas \u00eatre prise en consid\u00e9ration par son chef va s\u2019inventer un informateur pour se rendre sur le lieu du crime. A la base elle souhaite \u00e9galement en savoir plus sur sa famille, et principalement sur sa grand-m\u00e8re, \u00e0 laquelle elle ressemble mais qu\u2019elle n\u2019a jamais connue.<\/p>\n<p>J\u2019ai bien aim\u00e9 que l\u2019auteur nous fasse visiter un peu l\u2019Islande dans ce roman, ce qu\u2019il n\u2019avait pas trop fait dans les deux autres.<\/p>\n<p><strong>Extraits\u00a0:<\/strong><\/p>\n<p>Il se r\u00e9veillait juste \u00e0 temps pour le JT du soir qu\u2019il regardait en se pr\u00e9parant \u00e0 d\u00eener\u00a0: poisson quatre fois par semaine, steak hach\u00e9 le vendredi, poulet le samedi et agneau le dimanche.<\/p>\n<p>Il en allait ainsi chaque semaine, dans une r\u00e9p\u00e9tition infinie, \u00e0 la fois rassurante et \u00e9touffante.<\/p>\n<p>Avec le temps, il s\u2019\u00e9tait comme vid\u00e9 de ses \u00e9motions\u00a0; rien ne le touchait ni ne l\u2019affectait.<\/p>\n<p>Ari Th\u00f3r buvait son th\u00e9 de No\u00ebl. Il avait le m\u00eame go\u00fbt que n\u2019importe quel autre th\u00e9 \u2013 aucun ar\u00f4me particulier. Il se demanda si, au fond, No\u00ebl \u00e9tait cens\u00e9 avoir un go\u00fbt sp\u00e9cial. Il n\u2019y avait jamais pens\u00e9. Il se rappela que sa m\u00e8re lui avait un jour expliqu\u00e9 que pour elle No\u00ebl \u00e9tait associ\u00e9 \u00e0 l\u2019odeur des pommes, sans doute parce que les pommes \u00e9taient rares en Islande \u00e0 l\u2019\u00e9poque o\u00f9 ses parents \u00e9taient des enfants.<\/p>\n<p>Je regarde par la fen\u00eatre quand je me l\u00e8ve, le matin. S\u2019il y a du monde dans les rues, c\u2019est la semaine, sinon, c\u2019est le week-end. \u00c7a me suffit. La vie est tellement simple quand personne n\u2019en a rien \u00e0 foutre de vous\u00a0!<\/p>\n<p>Nous \u00e9tions dans son salon, si tant est qu\u2019on puisse appeler \u00e7a un salon\u00a0: la maison \u00e9tait si petite que le s\u00e9jour et la cuisine se trouvaient dans la m\u00eame pi\u00e8ce.<\/p>\n<p>Peut-\u00eatre qu\u2019un peu de changement me ferait du bien.<br \/>\nIl retomba un moment dans le silence.<br \/>\n\u2014\u00a0Je ne sais pas. Et si j\u2019\u00e9tais trop vieux\u00a0? On ne peut pas arracher un arbre quand ses racines sont enfouies trop profond.<br \/>\n\u2014\u00a0\u00c7a vaut le coup d\u2019y r\u00e9fl\u00e9chir.<\/p>\n<p>Elle \u00e9tait d\u2019humeur sombre, si sombre que l\u2019\u00e9t\u00e9 semblait incapable de p\u00e9n\u00e9trer dans sa maison.<\/p>\n<p><strong>Photo\u00a0<\/strong>: l\u2019Eyjafjallaj\u00f6kull<\/p>\n","protected":false},"excerpt":{"rendered":"<p>Auteur\u00a0: Islandais, n\u00e9 \u00e0 Reykjavik , 1976. Il a d\u00e9couvert \u00e0 13 ans les livres d\u2019Agatha Christie et a commenc\u00e9 \u00e0 les traduire en islandais \u00e0 17 ans! Ses grands-parents sont originaires de Siglufj\u00f6rdur, la ville o\u00f9 se d\u00e9roule Snj\u00f3r, et o\u00f9 a grandi son p\u00e8re. Avocat et professeur de droit \u00e0 l\u2019Universit\u00e9 de Reykjavik, &hellip; <\/p>\n<p class=\"read-more\"><a class=\"readmore-btn\" href=\"https:\/\/www.cathjack.ch\/wordpress\/?p=7320\">+<span class=\"screen-reader-text\">  Read More<\/span><\/a><\/p>\n","protected":false},"author":1,"featured_media":7321,"comment_status":"open","ping_status":"open","sticky":false,"template":"","format":"standard","meta":{"_crdt_document":"","_monsterinsights_skip_tracking":false,"_monsterinsights_sitenote_active":false,"_monsterinsights_sitenote_note":"","_monsterinsights_sitenote_category":0,"footnotes":""},"categories":[520,446,5,490,59,350,192],"tags":[],"class_list":["post-7320","post","type-post","status-publish","format-standard","has-post-thumbnail","hentry","category-520","category-serie","category-lecture-polar","category-thrillers","category-islande","category-litterature-islandaise","category-xxieme-siecle"],"aioseo_notices":[],"_links":{"self":[{"href":"https:\/\/www.cathjack.ch\/wordpress\/index.php?rest_route=\/wp\/v2\/posts\/7320","targetHints":{"allow":["GET"]}}],"collection":[{"href":"https:\/\/www.cathjack.ch\/wordpress\/index.php?rest_route=\/wp\/v2\/posts"}],"about":[{"href":"https:\/\/www.cathjack.ch\/wordpress\/index.php?rest_route=\/wp\/v2\/types\/post"}],"author":[{"embeddable":true,"href":"https:\/\/www.cathjack.ch\/wordpress\/index.php?rest_route=\/wp\/v2\/users\/1"}],"replies":[{"embeddable":true,"href":"https:\/\/www.cathjack.ch\/wordpress\/index.php?rest_route=%2Fwp%2Fv2%2Fcomments&post=7320"}],"version-history":[{"count":10,"href":"https:\/\/www.cathjack.ch\/wordpress\/index.php?rest_route=\/wp\/v2\/posts\/7320\/revisions"}],"predecessor-version":[{"id":23813,"href":"https:\/\/www.cathjack.ch\/wordpress\/index.php?rest_route=\/wp\/v2\/posts\/7320\/revisions\/23813"}],"wp:featuredmedia":[{"embeddable":true,"href":"https:\/\/www.cathjack.ch\/wordpress\/index.php?rest_route=\/wp\/v2\/media\/7321"}],"wp:attachment":[{"href":"https:\/\/www.cathjack.ch\/wordpress\/index.php?rest_route=%2Fwp%2Fv2%2Fmedia&parent=7320"}],"wp:term":[{"taxonomy":"category","embeddable":true,"href":"https:\/\/www.cathjack.ch\/wordpress\/index.php?rest_route=%2Fwp%2Fv2%2Fcategories&post=7320"},{"taxonomy":"post_tag","embeddable":true,"href":"https:\/\/www.cathjack.ch\/wordpress\/index.php?rest_route=%2Fwp%2Fv2%2Ftags&post=7320"}],"curies":[{"name":"wp","href":"https:\/\/api.w.org\/{rel}","templated":true}]}}