{"id":8076,"date":"2019-03-09T15:35:31","date_gmt":"2019-03-09T14:35:31","guid":{"rendered":"https:\/\/www.cathjack.ch\/wordpress\/?p=8076"},"modified":"2019-03-09T15:35:31","modified_gmt":"2019-03-09T14:35:31","slug":"renucci-clelia-concours-pour-le-paradis-rl-2018","status":"publish","type":"post","link":"https:\/\/www.cathjack.ch\/wordpress\/?p=8076","title":{"rendered":"Renucci, Cl\u00e9lia \u00ab Concours pour le Paradis (RL 2018)"},"content":{"rendered":"<p><strong>\u00a0Autrice\u00a0<\/strong>: Cl\u00e9lia Renucci a 29 ans. Apr\u00e8s avoir travaill\u00e9 dans la publicit\u00e9, elle est aujourd&rsquo;hui professeur de Lettres Modernes. C&rsquo;est dans l&rsquo;agence o\u00f9 elle a \u00e9t\u00e9 \u00ab\u00a0cr\u00e9ative\u00a0\u00bb pendant trois ans que l&rsquo;id\u00e9e d&rsquo;allier les classiques \u00e0 l&rsquo;extr\u00eame modernit\u00e9 a germ\u00e9 : en pr\u00e9parant son sujet de th\u00e8se sur Balzac, elle s&rsquo;est rendu compte que les h\u00e9ro\u00efnes de La Com\u00e9die Humaine \u00e9taient toutes des cougars. Elle a alors \u00e9largi ses recherches \u00e0 la litt\u00e9rature fran\u00e7aise et \u00e9trang\u00e8re, d\u00e9couvrant que les romanciers sont bien loin des st\u00e9r\u00e9otypes qui touchent ces femmes aujourd&rsquo;hui.<br \/>\nLibres d&rsquo;aimer est son premier essai.<\/p>\n<p>Albin Michel \u2013 22.08.2018 \u2013 272 pages \u2013 2018 &#8211; Prix du premier roman 2018 &#8211; Prix Grands destins du Parisien Week-end<\/p>\n<p><strong>R\u00e9sum\u00e9\u00a0<\/strong>: \u00ab\u00a0Tout \u00e9tait d\u00e9vast\u00e9, consum\u00e9, calcin\u00e9. C&rsquo;est de cet enfer qu&rsquo;allait rena\u00eetre le Paradis\u00a0\u00bb. Dans le d\u00e9cor spectaculaire de la Venise renaissante, l&rsquo;immense toile du Paradis devient un personnage vivant, opposant le g\u00e9nie de V\u00e9ron\u00e8se, du Tintoret et des plus grands ma\u00eetres de la ville. Entre rivalit\u00e9s artistiques, trahisons familiales, d\u00e9chirements politiques, Cl\u00e9lia Renucci fait revivre dans ce premier roman le prodige de la cr\u00e9ation, ses vertiges et ses drames.<\/p>\n<p><strong>Mon avis<\/strong>\u00a0:<\/p>\n<p>Ah j\u2019ai ador\u00e9 ce roman historique. On fait connaissance avec les peintres de l\u2019\u00e9poque, on est t\u00e9moin des intrigues. On d\u00e9ambule ou on glisse dans la Venise de l\u2019\u00e9poque. Cl\u00e9lia Renucci nous explique \u00e9galement les techniques de peinture. 284 saints prot\u00e8gent Venise\u2026 Les Tintoret et V\u00e9ron\u00e8se sont au centre de l\u2019action\u00a0; autour d\u2019eux une foultitude de gens gravite, il y a la vie \u00e0 Venise, les politiques et la religion. Et il y a aussi, en plus du c\u00f4t\u00e9 artiste, tout le cot\u00e9 humain des personnages. Et cela nous permet de d\u00e9couvrir l\u2019histoire de la cr\u00e9ation du fameux \u00ab\u00a0Paradis\u00a0\u00bb du Palais des Doges. Amoureux de la S\u00e9r\u00e9nissime, ce livre est fait pour vous. 284 saints prot\u00e8gent Venise\u2026 Venez faire leur connaissance<\/p>\n<p><strong>Extraits<\/strong>\u00a0:<\/p>\n<p>C\u2019est avec un bel entrain qu\u2019ils remont\u00e8rent en gondole jusque dans l\u2019atelier de Francesco Bassano, quittant la beaut\u00e9 des fa\u00e7ades des palais gothiques du Grand Canal pour s\u2019enfoncer dans les sombres <em>rii<\/em> du Cannaregio, o\u00f9 vivaient Francesco Bassano et Jacopo Tintoret.<\/p>\n<p>il cita dix paradis dans lesquels les saints sont d\u00e9v\u00eatus, celui du Corr\u00e8ge peint en 1520 pour le d\u00f4me de la cath\u00e9drale de Parme, celui de Campi datant de la m\u00eame \u00e9poque, et m\u00eame la fresque du <em>Jugement dernier<\/em> de Michel-Ange de 1540\u2026<\/p>\n<p>les artistes consid\u00e9raient l\u2019horizontalit\u00e9 comme une possibilit\u00e9 de repr\u00e9senter l\u2019immobilit\u00e9. Or la perfection ne r\u00e9side-t-elle pas dans le fixe\u00a0? dans le stable\u00a0? Un paradis en hauteur indiquerait un bouillonnement qui contredirait le calme et le repos li\u00e9s \u00e0 ce jardin d\u2019\u00c9den.<\/p>\n<p>Le pr\u00eatre avait cess\u00e9 de discourir et, b\u00e9at, regardait l\u2019homme se muer en cr\u00e9ateur, l\u2019esprit en action, la main capable de faire \u00e9merger la r\u00e9alit\u00e9, bien au-del\u00e0 des apparences.<\/p>\n<p>Il \u00e9tait pr\u00e8s de dix heures et Venise \u00e9tait napp\u00e9e d\u2019un brouillard huileux. Les marches des palais s\u2019effa\u00e7aient sous la nuit sans lune, les ruelles semblaient plus \u00e9troites encore et plus silencieuses.<\/p>\n<p><em>il Tintoretto<\/em>, le Tintoret, le petit roux, le bossu, le fils du teinturier, le peintre des <em>Scuole<\/em>, le roi du clair-obscur, \u00ab\u00a0le dessin de Michel-Ange, la couleur du Titien\u00a0\u00bb, c\u2019est lui-m\u00eame qui l\u2019a grav\u00e9 sur la porte de son atelier\u2026 Qui ne le conna\u00eet pas n\u2019est pas v\u00e9nitien\u00a0!<\/p>\n<p>Un gouvernement comme une \u0153uvre ne se construisent que par l\u2019union des savoirs.<\/p>\n<p>Giorgione, qui \u00e9tait \u00e0 l\u2019\u00e9poque dont je te parle, au d\u00e9but du si\u00e8cle, vers 1505, bien plus connu et respect\u00e9 que le jeune Titien avec lequel il avait l\u2019habitude de travailler, s\u2019\u00e9tait vu commander des fresques pour orner les fa\u00e7ades du palais des Allemands, situ\u00e9 \u00e0 la hauteur du pont du Rialto.<\/p>\n<p>V\u00e9ron\u00e8se, vous le savez, c\u00e9l\u00e8bre avant tout la soci\u00e9t\u00e9 v\u00e9nitienne dans ce qu\u2019elle a de plus futile, \u00e0 travers ses richesses, ses accessoires\u2026<\/p>\n<p>La commedia dell\u2019arte s\u2019installait dans la ville pour renouveler l\u2019art du spectacle. Au contraire des patriciens qui montaient parfois sur sc\u00e8ne pour mettre \u00e0 l\u2019honneur certaines des plus belles com\u00e9dies de Plaute, ces troupes nouvelles improvisaient.<\/p>\n<p>Vous me dites que ce n\u2019est pas possible\u00a0? Ce n\u2019est pas un argument. Les V\u00e9nitiens n\u2019ont jamais recul\u00e9 devant l\u2019inconcevable.<\/p>\n<p>Les artistes ne sont que les marionnettes du pouvoir, interchangeables tant qu\u2019un nom ne vient pas l\u00e9gitimer les \u0153uvres qu\u2019ils r\u00e9alisent.<\/p>\n<p>le point d\u2019orgue du travail sur la toile, le moment d\u2019appliquer l\u2019<em>imprimatura<\/em>, technique que Tintoret avait exp\u00e9riment\u00e9e lors de son passage \u00e9clair dans l\u2019atelier du grand Titien. Il s\u2019agissait de recouvrir la toile d\u2019un brun sombre, ainsi le blanc devenait une couleur et non plus seulement le fond du tableau.<\/p>\n<p>Ne te souviens-tu pas qu\u2019il faut du vide pour que l\u2019\u0153il per\u00e7oive mieux le plein\u00a0? C\u2019est comme un silence dans une belle phrase, une pause dans une \u00e9l\u00e9gie.<\/p>\n<p>Il ne trouvait que r\u00e9pondre \u00e0 tant d\u2019all\u00e9gations \u00e0 charge et pr\u00e9f\u00e9ra se murer dans un silence qui ne pouvait lui \u00eatre d\u2019aucun secours dans un proc\u00e8s en Inquisition o\u00f9 la r\u00e8gle d\u2019or consiste \u00e0 consid\u00e9rer que \u00ab\u00a0qui ne dit mot confesse\u00a0\u00bb\u2026<\/p>\n<p>\u00c0 Venise, les souverains craignent autant les chuchotements que les Fran\u00e7ais redoutent la r\u00e9bellion. La rumeur tue autant que les armes et un bruissement suffit.<\/p>\n<p><strong>Infos <\/strong>:<\/p>\n<p><strong>Berlingaccio<\/strong>\u00a0: Il est une f\u00eate qui est c\u00e9l\u00e9br\u00e9e dans Florence et les villes entourant les jeudi gras \u00e0 savoir le jeudi avant le dernier jour de carnaval. Le Jeudi Gras, on portait un masque gras et rougeot appel\u00e9 \u00ab\u00a0Berlingaccio\u00a0\u00bb dont on trouve peu de traces. En savoir plus\u00a0: <a href=\"https:\/\/books.google.ch\/books?id=zdygAQAAQBAJ&amp;pg=PT43&amp;lpg=PT43&amp;dq=berlingaccio+f%C3%AAte&amp;source=bl&amp;ots=N9UzRh6bUl&amp;sig=ACfU3U2SU5XUla-Hvu0RsT55A-b1ad15_A&amp;hl=fr&amp;sa=X&amp;ved=2ahUKEwihwrmv1ejgAhXPwcQBHcy5B-gQ6AEwC3oECAMQAQ#v=onepage&amp;q=berlingaccio%20f%C3%AAte&amp;f=false\">https:\/\/books.google.ch\/books?id=zdygAQAAQBAJ&amp;pg=PT43&amp;lpg=PT43&amp;dq=berlingaccio+f%C3%AAte&amp;source=bl&amp;ots=N9UzRh6bUl&amp;sig=ACfU3U2SU5XUla-Hvu0RsT55A-b1ad15_A&amp;hl=fr&amp;sa=X&amp;ved=2ahUKEwihwrmv1ejgAhXPwcQBHcy5B-gQ6AEwC3oECAMQAQ#v=onepage&amp;q=berlingaccio%20f%C3%AAte&amp;f=false<\/a><\/p>\n<p><strong>Image<\/strong> : le Tintoret<\/p>\n<p>&nbsp;<\/p>\n","protected":false},"excerpt":{"rendered":"<p>\u00a0Autrice\u00a0: Cl\u00e9lia Renucci a 29 ans. Apr\u00e8s avoir travaill\u00e9 dans la publicit\u00e9, elle est aujourd&rsquo;hui professeur de Lettres Modernes. C&rsquo;est dans l&rsquo;agence o\u00f9 elle a \u00e9t\u00e9 \u00ab\u00a0cr\u00e9ative\u00a0\u00bb pendant trois ans que l&rsquo;id\u00e9e d&rsquo;allier les classiques \u00e0 l&rsquo;extr\u00eame modernit\u00e9 a germ\u00e9 : en pr\u00e9parant son sujet de th\u00e8se sur Balzac, elle s&rsquo;est rendu compte que les &hellip; <\/p>\n<p class=\"read-more\"><a class=\"readmore-btn\" href=\"https:\/\/www.cathjack.ch\/wordpress\/?p=8076\">+<span class=\"screen-reader-text\">  Read More<\/span><\/a><\/p>\n","protected":false},"author":1,"featured_media":8077,"comment_status":"open","ping_status":"open","sticky":false,"template":"","format":"standard","meta":{"_crdt_document":"","_monsterinsights_skip_tracking":false,"_monsterinsights_sitenote_active":false,"_monsterinsights_sitenote_note":"","_monsterinsights_sitenote_category":0,"footnotes":""},"categories":[501,591,7,43,101,12,255,590,40,125],"tags":[197,94,634,131,314,151,679],"class_list":["post-8076","post","type-post","status-publish","format-standard","has-post-thumbnail","hentry","category-1er-roman","category-au-fil-de-lart-romans-thrillers-essais-biographies","category-romans-histoire","category-histoire","category-italie-2","category-litterature-france","category-renaissance","category-rl2018","category-venise","category-xvieme-siecle","tag-amour","tag-art","tag-inquisition","tag-peinture","tag-rapports-familiaux","tag-religion","tag-rivalite"],"aioseo_notices":[],"_links":{"self":[{"href":"https:\/\/www.cathjack.ch\/wordpress\/index.php?rest_route=\/wp\/v2\/posts\/8076","targetHints":{"allow":["GET"]}}],"collection":[{"href":"https:\/\/www.cathjack.ch\/wordpress\/index.php?rest_route=\/wp\/v2\/posts"}],"about":[{"href":"https:\/\/www.cathjack.ch\/wordpress\/index.php?rest_route=\/wp\/v2\/types\/post"}],"author":[{"embeddable":true,"href":"https:\/\/www.cathjack.ch\/wordpress\/index.php?rest_route=\/wp\/v2\/users\/1"}],"replies":[{"embeddable":true,"href":"https:\/\/www.cathjack.ch\/wordpress\/index.php?rest_route=%2Fwp%2Fv2%2Fcomments&post=8076"}],"version-history":[{"count":1,"href":"https:\/\/www.cathjack.ch\/wordpress\/index.php?rest_route=\/wp\/v2\/posts\/8076\/revisions"}],"predecessor-version":[{"id":8078,"href":"https:\/\/www.cathjack.ch\/wordpress\/index.php?rest_route=\/wp\/v2\/posts\/8076\/revisions\/8078"}],"wp:featuredmedia":[{"embeddable":true,"href":"https:\/\/www.cathjack.ch\/wordpress\/index.php?rest_route=\/wp\/v2\/media\/8077"}],"wp:attachment":[{"href":"https:\/\/www.cathjack.ch\/wordpress\/index.php?rest_route=%2Fwp%2Fv2%2Fmedia&parent=8076"}],"wp:term":[{"taxonomy":"category","embeddable":true,"href":"https:\/\/www.cathjack.ch\/wordpress\/index.php?rest_route=%2Fwp%2Fv2%2Fcategories&post=8076"},{"taxonomy":"post_tag","embeddable":true,"href":"https:\/\/www.cathjack.ch\/wordpress\/index.php?rest_route=%2Fwp%2Fv2%2Ftags&post=8076"}],"curies":[{"name":"wp","href":"https:\/\/api.w.org\/{rel}","templated":true}]}}