{"id":8608,"date":"2019-05-17T13:45:21","date_gmt":"2019-05-17T12:45:21","guid":{"rendered":"https:\/\/www.cathjack.ch\/wordpress\/?p=8608"},"modified":"2024-10-13T18:48:31","modified_gmt":"2024-10-13T16:48:31","slug":"kebe-fatoumata-la-lune-est-un-roman-2019","status":"publish","type":"post","link":"https:\/\/www.cathjack.ch\/wordpress\/?p=8608","title":{"rendered":"Kebe, Fatoumata \u00ab La lune est un roman \u00bb (2019)"},"content":{"rendered":"<p><strong>Autrice<\/strong>\u00a0: Fatoumata Kebe est titulaire d\u2019un doctorat d\u2019astronomie et d\u2019un master de m\u00e9canique des fluides obtenus \u00e0 Sorbonne Universit\u00e9. Elle a \u00e9t\u00e9 form\u00e9e pendant un an au d\u00e9partement d\u2019ing\u00e9nierie spatiale de l\u2019universit\u00e9 de Tokyo. Elle a cr\u00e9\u00e9 l\u2019association \u00c9ph\u00e9m\u00e9rides, qui organise des ateliers d\u2019astronomie principalement aupr\u00e8s des publics emp\u00each\u00e9s.<br \/>\nEn 2019 elle publie \u00a0\u00bb <a href=\"https:\/\/www.cathjack.ch\/wordpress\/?p=8608\">La lune est un roman<\/a>\u00a0\u00bb et en 2020 \u00ab\u00a0Lettres \u00e0 la lune\u00a0\u00bb<\/p>\n<p>Slatkine &amp; Cie &#8211; 8.4.209 \u2013 192 pages<\/p>\n<p>Histoire, mythes et l\u00e9gendes<\/p>\n<p><strong>R\u00e9sum\u00e9\u00a0<\/strong>: Le plus ancien calendrier lunaire remonterait \u00e0 18 000 ans, peint par les premiers artistes du pal\u00e9olithique, \u00e0 Lascaux. Au plus loin que porte la m\u00e9moire \u00e9crite des hommes, on parle de la Lune.<\/p>\n<p>Elle est \u00e0 l\u2019origine de tous les mythes, de toutes les religions. Elle est rest\u00e9e la m\u00eame depuis que l\u2019humanit\u00e9 existe. Permanente, rassurante, inqui\u00e9tante aussi, la Lune change de forme, de couleurs, fait gonfler l\u2019oc\u00e9an, pousser les plantes et danser les farfadets.<\/p>\n<p>D\u00e9esse ou dieu, on l\u2019a depuis toujours v\u00e9n\u00e9r\u00e9e, \u00e9cout\u00e9e. La Lune parle, elle dit le temps. Le temps qui passe, le temps qu\u2019il fait. Elle rythme et dirige la vie de l\u2019humanit\u00e9.<\/p>\n<p>La Lune est un roman.<\/p>\n<p><strong>Mon avis<\/strong>\u00a0: Un grand merci aux Editions SLATKINE &amp; CIE de m\u2019avoir permis de lire ce livre.<\/p>\n<p>J\u2019ai toujours \u00e9t\u00e9 passionn\u00e9e par l\u2019Histoire, les mythes, les l\u00e9gendes. J\u2019avais surtout approfondi l\u2019importance de la\u00a0 Lune dans la mythologie \u00e9gyptienne (Nout &#8211; appel\u00e9e \u00ab\u00a0Khenemet ouret\u00a0\u00bb dans plusieurs formules du Texte des Pyramides, ce qui signifie \u00ab\u00a0le grand tamis\u00a0\u00bb, souvent traduit par \u00ab\u00a0la grande protectrice \u00bb. Dans cet essai, point d\u2019Egypte ancienne mais beaucoup d\u2019autres faces de la lune qui m\u2019ont permis d\u2019en apprendre davantage sur elle, cet astre qui permet de r\u00eaver et que Kebe Fatoumata nous fait visiter.<\/p>\n<p>J\u2019ai ador\u00e9 ce livre qui m\u2019a appris beaucoup de choses sur cet astre qui m\u2019a toujours fait r\u00eaver, objet de bien des fantasmes et de bien des croyances\u00a0; l\u2019un de seuls astres que l\u2019on voit \u00e0 l\u2019\u0153il nu, le plus brillant apr\u00e8s le soleil, et le seul sur lequel l\u2019\u00eatre humain ait pu poser le pied. Elle nous accompagne la nuit (avec les \u00e9toiles) et avec elle nous remontons aux origines du monde, de la vie. Comme un visage protecteur qui se penche sur nos nuits, lumi\u00e8re dans l\u2019obscurit\u00e9, elle rassure\u00a0; la lune est associ\u00e9e aux l\u00e9gendes, et j\u2019ai ressenti sa pr\u00e9sence comme celle d\u2019une entit\u00e9 vivante tout au long de cette lecture.<\/p>\n<p>Cot\u00e9 scientifique, j\u2019ai lu avec beaucoup d&rsquo;int\u00e9r\u00eat les th\u00e9ories relatives \u00e0 sa naissance qui auront d\u00fb attendre que l\u2019homme marche sur la lune pour que les \u00e9l\u00e9ments r\u00e9colt\u00e9s sur place donnent les premiers \u00e9l\u00e9ments de r\u00e9ponse. L\u2019autrice compare les mythes et la science\u2026<\/p>\n<p>La lune est partie int\u00e9grante de notre vie\u00a0; elle influe sur les naissances, sur l\u2019\u00e9volution des esp\u00e8ces, sur les b\u00e9b\u00e9s tortues, le climat, les v\u00e9g\u00e9taux, les ph\u00e9nom\u00e8nes d\u2019attraction terrestre, les mar\u00e9es, les \u00e9clipses, les \u00e9quinoxes, le mascaret\u2026<\/p>\n<p>Moi qui suis n\u00e9e le jour de la lune, j\u2019ai aim\u00e9 en apprendre davantage sur l\u2019origine du nom commun \u00ab\u00a0lune\u00a0\u00bb, sur sa signification, sur les mots et expressions qui y font r\u00e9f\u00e9rence. Elle a \u00e9galement inspir\u00e9 les \u00e9crivains, les dessinateurs, les po\u00e8tes\u2026 jusque dans la po\u00e9sie qui caract\u00e9rise les noms attribu\u00e9s par les cartographes aux diff\u00e9rents lieux de la surface lunaire.<\/p>\n<p>La lune est la maitresse du temps dans toutes les civilisations (calendrier lunaire, croissant de lune, phases de la lune). La lune a un rapport \u00e9troit avec certaines religions\u00a0; elle fixe le d\u00e9but du Ramadan.<\/p>\n<p>De l\u00e9gendes il en est beaucoup question dans le livre\u00a0: la l\u00e9gende des amants, les mythes incas qui nous expliquent comment la lune perdit son \u00e9clat dans le combat qui l\u2019opposa au soleil. Mais aussi la l\u00e9gende des quartiers de lune chez les Goths de la mythologie de l\u2019Europe du Nord. Ou encore les mythes de l\u2019antique M\u00e9sopotamie, la mythologie indienne et la d\u00e9esse Chandra, la lune de sang de la mythologie scandinave.<\/p>\n<p>N\u2019\u00e9tant pas une scientifique, j\u2019ai appr\u00e9ci\u00e9 la mani\u00e8re dont \u00e9taient abord\u00e9es les donn\u00e9es techniques que j&rsquo;ai pu suivre facilement.<\/p>\n<p>Et comme il s\u2019agit d\u2019un livre sur l\u2019attraction lunaire, un roman d\u2019amour avec celle qui veille sur nous de l\u00e0-haut, quoi de plus normal que de conclure en parlant d\u2019attraction lunaire. Attraction\u00a0? J\u2019ai dit attraction\u00a0? Mais oui. Au final elle est bien convoit\u00e9e par les grandes puissances qui vont se livrer la guerre froide pour la conqu\u00e9rir\u00a0; et m\u00eame qu\u2019 Appolo(n)\u00a0 sera le premier \u00e0 la courtiser de pr\u00e8s\u2026<\/p>\n<p><strong>Page 75 <\/strong>: Savinien de Cyrano, dit de Bergerac a \u00e9crit un diptyque romanesque \u2014\u00a0<em>Les \u00c9tats et empires de la lune et du soleil<\/em>\u00a0\u2014inscrit en 2005 au programme du concours de l&rsquo;agr\u00e9gation de lettres modernes en France.\u00a0 (Paru chez Gallimard)<\/p>\n<p><strong>Photo de la lune<\/strong>\u00a0: Prise le 27 juillet 2018 (L&rsquo;\u00e9clipse lunaire du 27 juillet 2018 est la seconde \u00e9clipse de Lune de l&rsquo;ann\u00e9e 2018. Il s&rsquo;agit d&rsquo;une \u00e9clipse totale ; elle est la deuxi\u00e8me \u00e9clipse totale d&rsquo;une s\u00e9rie de trois, se produisant \u00e0 environ 6 mois d&rsquo;intervalle. C&rsquo;est aussi une \u00e9clipse totale centrale, la Lune passant par le centre de l&rsquo;ombre de la Terre. C&rsquo;est la premi\u00e8re \u00e9clipse lunaire centrale depuis celle du 15 juin 2011. Puisqu&rsquo;elle se produit lorsque la Lune est proche de l&rsquo;apog\u00e9e, il s&rsquo;agit aussi de la plus longue \u00e9clipse lunaire totale du XXIe si\u00e8cle, avec une phase de totalit\u00e9 de pr\u00e8s de 103 minutes (explication Wikip\u00e9dia et photo perso).<\/p>\n","protected":false},"excerpt":{"rendered":"<p>Autrice\u00a0: Fatoumata Kebe est titulaire d\u2019un doctorat d\u2019astronomie et d\u2019un master de m\u00e9canique des fluides obtenus \u00e0 Sorbonne Universit\u00e9. Elle a \u00e9t\u00e9 form\u00e9e pendant un an au d\u00e9partement d\u2019ing\u00e9nierie spatiale de l\u2019universit\u00e9 de Tokyo. Elle a cr\u00e9\u00e9 l\u2019association \u00c9ph\u00e9m\u00e9rides, qui organise des ateliers d\u2019astronomie principalement aupr\u00e8s des publics emp\u00each\u00e9s. En 2019 elle publie \u00a0\u00bb La &hellip; <\/p>\n<p class=\"read-more\"><a class=\"readmore-btn\" href=\"https:\/\/www.cathjack.ch\/wordpress\/?p=8608\">+<span class=\"screen-reader-text\">  Read More<\/span><\/a><\/p>\n","protected":false},"author":1,"featured_media":8609,"comment_status":"open","ping_status":"open","sticky":false,"template":"","format":"standard","meta":{"_crdt_document":"","_monsterinsights_skip_tracking":false,"_monsterinsights_sitenote_active":false,"_monsterinsights_sitenote_note":"","_monsterinsights_sitenote_category":0,"footnotes":""},"categories":[632,591,12],"tags":[381,742,743,75,442,741,270,403,115,151,152],"class_list":["post-8608","post","type-post","status-publish","format-standard","has-post-thumbnail","hentry","category-632","category-au-fil-de-lart-romans-thrillers-essais-biographies","category-litterature-france","tag-astronomie","tag-ciel","tag-conquete-spatiale","tag-essai","tag-legendes","tag-lune","tag-mythologie","tag-nature","tag-recit","tag-religion","tag-scientifique"],"aioseo_notices":[],"_links":{"self":[{"href":"https:\/\/www.cathjack.ch\/wordpress\/index.php?rest_route=\/wp\/v2\/posts\/8608","targetHints":{"allow":["GET"]}}],"collection":[{"href":"https:\/\/www.cathjack.ch\/wordpress\/index.php?rest_route=\/wp\/v2\/posts"}],"about":[{"href":"https:\/\/www.cathjack.ch\/wordpress\/index.php?rest_route=\/wp\/v2\/types\/post"}],"author":[{"embeddable":true,"href":"https:\/\/www.cathjack.ch\/wordpress\/index.php?rest_route=\/wp\/v2\/users\/1"}],"replies":[{"embeddable":true,"href":"https:\/\/www.cathjack.ch\/wordpress\/index.php?rest_route=%2Fwp%2Fv2%2Fcomments&post=8608"}],"version-history":[{"count":5,"href":"https:\/\/www.cathjack.ch\/wordpress\/index.php?rest_route=\/wp\/v2\/posts\/8608\/revisions"}],"predecessor-version":[{"id":20991,"href":"https:\/\/www.cathjack.ch\/wordpress\/index.php?rest_route=\/wp\/v2\/posts\/8608\/revisions\/20991"}],"wp:featuredmedia":[{"embeddable":true,"href":"https:\/\/www.cathjack.ch\/wordpress\/index.php?rest_route=\/wp\/v2\/media\/8609"}],"wp:attachment":[{"href":"https:\/\/www.cathjack.ch\/wordpress\/index.php?rest_route=%2Fwp%2Fv2%2Fmedia&parent=8608"}],"wp:term":[{"taxonomy":"category","embeddable":true,"href":"https:\/\/www.cathjack.ch\/wordpress\/index.php?rest_route=%2Fwp%2Fv2%2Fcategories&post=8608"},{"taxonomy":"post_tag","embeddable":true,"href":"https:\/\/www.cathjack.ch\/wordpress\/index.php?rest_route=%2Fwp%2Fv2%2Ftags&post=8608"}],"curies":[{"name":"wp","href":"https:\/\/api.w.org\/{rel}","templated":true}]}}