{"id":8864,"date":"2019-06-11T09:39:34","date_gmt":"2019-06-11T08:39:34","guid":{"rendered":"https:\/\/www.cathjack.ch\/wordpress\/?p=8864"},"modified":"2019-06-11T09:48:36","modified_gmt":"2019-06-11T08:48:36","slug":"cael-arnaud-roger-federer-jusquau-bout-de-la-nuit-2019","status":"publish","type":"post","link":"https:\/\/www.cathjack.ch\/wordpress\/?p=8864","title":{"rendered":"Ca\u00ebl, Arnaud \u00ab Roger Federer jusqu&rsquo;au bout de la nuit \u00bb (2019)"},"content":{"rendered":"\n<p class=\"wp-block-paragraph\"><strong>Auteur&nbsp;<\/strong>: Arnaud Ca\u00ebl, n\u00e9 en 1986 \u00e0 Nancy, dipl\u00f4m\u00e9 de l\u2019\u00e9cole de journalisme de Nice, a travaill\u00e9 pour les r\u00e9dactions de L\u2019\u00c9quipe.fr et d\u2019Infosport+ avant de devenir l\u2019un des pr\u00e9sentateurs vedettes de Mirabelle TV pendant une d\u00e9cennie.<br \/>Il fut aussi r\u00e9dacteur en chef adjoint de la cha\u00eene lorraine. Il r\u00e9alise aujourd\u2019hui des documentaires sportifs pour la t\u00e9l\u00e9vision nationale.<\/p>\n\n\n\n<p class=\"wp-block-paragraph\">Editeur\nAndersen \u2013 Sportitude \u2013 29.04.2019 \u2013 80 pages<\/p>\n\n\n\n<p class=\"wp-block-paragraph\"><strong>R\u00e9sum\u00e9&nbsp;<\/strong>: Depuis deux d\u00e9cennies, Roger Federer \u00e9clabousse les cours de tennis de sa classe, de sa gr\u00e2ce, de son g\u00e9nie.<br \/>Aussi ses fans \u00e0 travers le monde se comptent-ils par millions. Mais il y en a un qui n\u2019est pas tout \u00e0 fait comme les autres : Arnaud Ca\u00ebl.<br \/>Ce journaliste sportif (n\u00e9 en 1986 \u00e0 Nancy) voue une admiration sans bornes \u00e0 son Rodgeur et livre ici un portrait aussi d\u00e9licieux qu\u2019inattendu. De leur rencontre manqu\u00e9e dans les vestiaires du tournoi de Monte-Carlo aux nuits blanches pass\u00e9es \u00e0 encourager le maestro par fuseaux horaires interpos\u00e9s, cela frise l\u2019obsession. <br \/>Et ce n\u2019est pas sa femme qui d\u00e9mentira : Arnaud l\u2019a demand\u00e9e en mariage le jour de l\u2019anniversaire de son idole ! <br \/>Voici donc un vibrant hommage au plus grand tennisman de la plan\u00e8te. Un hommage vif comme une vol\u00e9e, tendu comme une balle de match. Ca\u00ebl nous emm\u00e8ne dans l\u2019odyss\u00e9e du Suisse. Les pieds sur terre et la t\u00eate dans les \u00e9toiles&#8230;<\/p>\n\n\n\n<p class=\"wp-block-paragraph\"><strong>Mon avis<\/strong>&nbsp;: Qui ne connait pas Roger Federer,\nl\u2019homme de tous les records&nbsp;? Roger Federer est le deuxi\u00e8me joueur le plus\ntitr\u00e9 de l&rsquo;\u00e8re open (depuis 1968), il a soulev\u00e9 101 troph\u00e9es dans sa carri\u00e8re &#8211;\ncontre 109 pour Jimmy Connors. Il d\u00e9tient le record de titres en Grand Chelem,\naux Masters et en ATP 500 sacr\u00e9 respectivement 20, 6 et 22 fois. Federer excelle\nsur surfaces rapides : il a gagn\u00e9 70 tournois sur dur (plus que n&rsquo;importe quel\nautre joueur sur une surface) ainsi que 18 sur gazon (ce qui est aussi un\nrecord). Il fait partie des trois joueurs \u00e0 avoir remport\u00e9 les quatre lev\u00e9es du\nGrand Chelem ainsi que les Masters, avec Andr\u00e9 Agassi et Novak Djokovic. Il\ns&rsquo;est impos\u00e9 dans dix-neuf pays diff\u00e9rents &#8211; un record. (Wikipedia)<\/p>\n\n\n\n<p class=\"wp-block-paragraph\">Je suis fan\u00a0! alors \u00e9videmment ce petit livre ne pouvait pas passer inaper\u00e7u, en plein tournoi du grand Chelem, alors que la rencontre Federer-Nadal s\u2019annon\u00e7ait\u2026\u00a0 <br \/>Ce que d\u00e9crit avec humour l\u2019auteur, ce n\u2019est pas le parcours de Rodgeur, mais celui du fan absolu, qui, je dois dire, est tr\u00e8s fatigant aussi\u00a0! R\u00e9veil au milieu de la nuit, incompr\u00e9hension des personnes qui l\u2019entourent, le plaisir d\u2019une invitation totalement g\u00e2ch\u00e9 par le fait que Rodgeur joue\u2026 L\u2019angoisse de le voir en perdition\u2026 la mauvaise foi quand le joueur d\u2019en face fait un beau point\u2026 C\u2019est dur\u00a0! et cela dure depuis vingt ans\u00a0:\u00a0 on a peur que cela s\u2019arr\u00eate\u2026 et le d\u00e9sir et la peur de l\u2019approcher\u2026 <br \/>Je vous assure qu\u2019il ne faut pas \u00eatre cardiaque quand on aime Federer\u2026 mais il est si beau \u00e0 regarder jouer\u2026 <br \/>Beaucoup d&rsquo;humour, j&rsquo;ai souri, j&rsquo;ai ri, je me suis reconnue\u2026 <\/p>\n\n\n\n<p class=\"wp-block-paragraph\"><strong>Extraits<\/strong>&nbsp;: <\/p>\n\n\n\n<p class=\"wp-block-paragraph\">Moi je n\u2019ai pas un coup droit qui veut dire je t\u2019aime, je n\u2019ai pas l\u2019ombre d\u2019un revers qui signifie merci pour tout, je ne peux pas d\u00e9voiler toute l\u2019intensit\u00e9\nde notre relation dans la puissance de mon service. Je n\u2019ai que des mots. Et du\nc\u0153ur aussi. Un peu. Beaucoup.<\/p>\n\n\n\n<p class=\"wp-block-paragraph\">Je n\u2019ai jamais imagin\u00e9 ou tent\u00e9 de dissimuler une seule\nvibration d\u2019\u00e2me pour Federer. J\u2019ai tout assum\u00e9. De la moindre explosion de joie\nen public au plus impressionnant lancer de t\u00e9l\u00e9commande en direction de notre\nt\u00e9l\u00e9vision. J\u2019ai surjou\u00e9, j\u2019ai hurl\u00e9, j\u2019ai d\u00e9jou\u00e9, j\u2019ai saoul\u00e9, j\u2019ai contamin\u00e9,\nj\u2019ai abus\u00e9, mais surtout, j\u2019ai aim\u00e9. Ces quinze derni\u00e8res saisons furent\nmiraculeuses. Nous en sommes sortis grandis, Federer et moi.<\/p>\n\n\n\n<p class=\"wp-block-paragraph\">Roger, je serai cette main tendue, perdue pour toujours dans\nla foule immense de tes fans. Je serai cet illustre inconnu qui portera tes\nexploits dans les rues, les stades ou les bars. Il y aura de la nostalgie.\nL\u2019exag\u00e9ration prendra le pouvoir. Mais avant tout, il y aura ce manque.\nTerrible. Celui de ne plus te voir jouer.<\/p>\n\n\n\n<p class=\"wp-block-paragraph\"><strong>Photo<\/strong>&nbsp;: prise lors de l\u2019entrainement pour la rencontre de la Coupe Davis \u2013 septembre 2014<\/p>\n","protected":false},"excerpt":{"rendered":"<p>Auteur&nbsp;: Arnaud Ca\u00ebl, n\u00e9 en 1986 \u00e0 Nancy, dipl\u00f4m\u00e9 de l\u2019\u00e9cole de journalisme de Nice, a travaill\u00e9 pour les r\u00e9dactions de L\u2019\u00c9quipe.fr et d\u2019Infosport+ avant de devenir l\u2019un des pr\u00e9sentateurs vedettes de Mirabelle TV pendant une d\u00e9cennie.Il fut aussi r\u00e9dacteur en chef adjoint de la cha\u00eene lorraine. Il r\u00e9alise aujourd\u2019hui des documentaires sportifs pour la &hellip; <\/p>\n<p class=\"read-more\"><a class=\"readmore-btn\" href=\"https:\/\/www.cathjack.ch\/wordpress\/?p=8864\">+<span class=\"screen-reader-text\">  Read More<\/span><\/a><\/p>\n","protected":false},"author":1,"featured_media":8865,"comment_status":"open","ping_status":"open","sticky":false,"template":"","format":"standard","meta":{"_crdt_document":"","_monsterinsights_skip_tracking":false,"_monsterinsights_sitenote_active":false,"_monsterinsights_sitenote_note":"","_monsterinsights_sitenote_category":0,"footnotes":""},"categories":[632,2,12,66,78],"tags":[767,170,413,454,549,550],"class_list":["post-8864","post","type-post","status-publish","format-standard","has-post-thumbnail","hentry","category-632","category-lectures","category-litterature-france","category-suisse-destinations","category-xxeme","tag-hommage","tag-humour","tag-journalisme","tag-portrait","tag-sport","tag-tennis"],"aioseo_notices":[],"_links":{"self":[{"href":"https:\/\/www.cathjack.ch\/wordpress\/index.php?rest_route=\/wp\/v2\/posts\/8864","targetHints":{"allow":["GET"]}}],"collection":[{"href":"https:\/\/www.cathjack.ch\/wordpress\/index.php?rest_route=\/wp\/v2\/posts"}],"about":[{"href":"https:\/\/www.cathjack.ch\/wordpress\/index.php?rest_route=\/wp\/v2\/types\/post"}],"author":[{"embeddable":true,"href":"https:\/\/www.cathjack.ch\/wordpress\/index.php?rest_route=\/wp\/v2\/users\/1"}],"replies":[{"embeddable":true,"href":"https:\/\/www.cathjack.ch\/wordpress\/index.php?rest_route=%2Fwp%2Fv2%2Fcomments&post=8864"}],"version-history":[{"count":3,"href":"https:\/\/www.cathjack.ch\/wordpress\/index.php?rest_route=\/wp\/v2\/posts\/8864\/revisions"}],"predecessor-version":[{"id":8871,"href":"https:\/\/www.cathjack.ch\/wordpress\/index.php?rest_route=\/wp\/v2\/posts\/8864\/revisions\/8871"}],"wp:featuredmedia":[{"embeddable":true,"href":"https:\/\/www.cathjack.ch\/wordpress\/index.php?rest_route=\/wp\/v2\/media\/8865"}],"wp:attachment":[{"href":"https:\/\/www.cathjack.ch\/wordpress\/index.php?rest_route=%2Fwp%2Fv2%2Fmedia&parent=8864"}],"wp:term":[{"taxonomy":"category","embeddable":true,"href":"https:\/\/www.cathjack.ch\/wordpress\/index.php?rest_route=%2Fwp%2Fv2%2Fcategories&post=8864"},{"taxonomy":"post_tag","embeddable":true,"href":"https:\/\/www.cathjack.ch\/wordpress\/index.php?rest_route=%2Fwp%2Fv2%2Ftags&post=8864"}],"curies":[{"name":"wp","href":"https:\/\/api.w.org\/{rel}","templated":true}]}}