{"id":8992,"date":"2019-07-05T10:46:59","date_gmt":"2019-07-05T09:46:59","guid":{"rendered":"https:\/\/www.cathjack.ch\/wordpress\/?p=8992"},"modified":"2020-10-14T17:17:15","modified_gmt":"2020-10-14T15:17:15","slug":"fermine-maxence-un-ete-surreel-2018","status":"publish","type":"post","link":"https:\/\/www.cathjack.ch\/wordpress\/?p=8992","title":{"rendered":"Fermine, Maxence \u00abUn \u00e9t\u00e9 surr\u00e9el\u00bb (2018)"},"content":{"rendered":"\r\n<p class=\"wp-block-paragraph\"><strong>Auteur\u00a0<\/strong>: Maxence Fermine a v\u00e9cu \u00e0 Paris, puis en Afrique o\u00f9 il a travaill\u00e9 dans un bureau d&rsquo;\u00e9tudes en Tunisie. Il vit aujourd&rsquo;hui en Savoie avec sa femme et ses deux filles. Apr\u00e8s le succ\u00e8s de <em>Neige<\/em> (traduit en 17 langues), il se consacre enti\u00e8rement \u00e0 l&rsquo;\u00e9criture et encha\u00eene les romans et les voyages. Ses romans sont traduits dans de nombreux pays dont l\u2019Italie, o\u00f9 il rencontre un grand succ\u00e8s. Il collabore depuis 2010, avec la revue Alpes Magazine. Maxence Fermine construit une \u0153uvre singuli\u00e8re alliant po\u00e9sie et fiction. Apr\u00e8s nous avoir r\u00e9v\u00e9l\u00e9 les myst\u00e8res de la calligraphie dans Zen et des origines dans Chaman, il r\u00e9invente les liens entre amour et cr\u00e9ation \u00e0 travers un portrait surr\u00e9el et haut en couleur de l&rsquo;immense Salvador Dal\u00ed.<\/p>\r\n\r\n\r\n\r\n<p class=\"wp-block-paragraph\">Michel Lafon \u2013 08.11.2018 \u2013 207 pages &#8211;<\/p>\r\n\r\n\r\n\r\n<p class=\"wp-block-paragraph\"><strong>R\u00e9sum\u00e9<\/strong>\u00a0: Cadaqu\u00e9s, \u00e9t\u00e9 1929. Salvador Dal\u00ed, g\u00e9nie en devenir, re\u00e7oit chez lui la fine fleur des surr\u00e9alistes. Parmi eux, Paul Eluard et sa femme, Gala. Or \u00ab\u00a0Dal\u00ed est hypnotis\u00e9 par cette lumineuse d\u00e9esse qu&rsquo;il \u00e9l\u00e8ve \u00e0 mille pieds au-dessus du sol\u00a0\u00bb. D&rsquo;un regard, leurs destins seront scell\u00e9s \u00e0 jamais. Lui deviendra un peintre extraordinaire et elle, sa muse \u00e9ternelle.<\/p>\r\n\r\n\r\n\r\n<p class=\"wp-block-paragraph\"><strong>Mon avis<\/strong>\u00a0: J\u2019ai retrouv\u00e9 avec un infini plaisir la plume po\u00e9tique de Maxence Fermine. Et avec elle les surr\u00e9alistes, et aussi le souvenir des semaines pass\u00e9es au Cap de Creus. Une histoire d\u2019amour \u00e9ternelle, un portrait de Dali. Dali, Gala, Max Ernst, \u00c9luard, les Magritte, Bu\u00f1uel et Lorca, Breton, les Noailles, ils sont tous l\u00e0..<\/p>\r\n\r\n\r\n\r\n<p class=\"wp-block-paragraph\">C\u2019est une merveille que ce portrait de Dali, qui est malheureusement trop court. L\u2019histoire d\u2019une rencontre, celle de Dali et Gala. On y retrouve les mots et les couleurs, la cr\u00e9ativit\u00e9, la folie et la douceur, la face cach\u00e9e de Dali, la force de l\u2019amour, les douleurs de l\u2019enfance qui ont fait de Dali un \u00eatre \u00e0 fleur de peau. On gravit les marches du succ\u00e8s avec ces deux \u00eatres fusionnels et compl\u00e9mentaires, et on les accompagne pendant plus d\u2019un demi-si\u00e8cle de vie commune et m\u00eame plus loin. A la fois provocateur et timide, avec pour but de remplacer la r\u00e9alit\u00e9 par le r\u00eave, Dali apparait \u00e0 la fois comme fort et fragile, avec toutes ses excentricit\u00e9s et toutes ses contradictions. Le g\u00e9nie dans toute sa d\u00e9mesur\u00e9. J\u2019ai ador\u00e9 ce moment de d\u00e9connexion totale et je ne peux que le recommander \u00e0 tous ceux qui aiment cet \u00eatre \u00e0 qui le terme \u00ab\u00a0surr\u00e9aliste\u00a0\u00bb\u00a0colle \u00e0 la peau!<\/p>\r\n\r\n\r\n\r\n<p class=\"wp-block-paragraph\"><strong>Extraits<\/strong>\u00a0:<\/p>\r\n\r\n\r\n\r\n<p class=\"wp-block-paragraph\">Tu es la princesse russe d\u2019un Moscou en flammes, la madone de Cadaqu\u00e9s, l\u2019amante de Port Lligat, la reine du ch\u00e2teau de P\u00fabol.<\/p>\r\n\r\n\r\n\r\n<p class=\"wp-block-paragraph\">La\u00a0r\u00e9volution russe, c\u2019est la\u00a0R\u00e9volution fran\u00e7aise qui\u00a0arrive en\u00a0retard, \u00e0\u00a0cause du\u00a0froid.<\/p>\r\n\r\n\r\n\r\n<p class=\"wp-block-paragraph\">Ici, les roches d\u00e9coup\u00e9es sont sculpt\u00e9es au scalpel du vent, \u00e9rod\u00e9es par le sel de la mer, incendi\u00e9es par la loupe du soleil. Un diamant brut que la nature taille peu \u00e0 peu.<\/p>\r\n\r\n\r\n\r\n<p class=\"wp-block-paragraph\">Ici, les jours de temp\u00eate, les vagues roulent, d\u00e9ferlent, cassent, se fracassent sur les rochers noirs en un tohu-bohu g\u00e9n\u00e9siaque et fantasmagorique, abominable fracas infernal.<\/p>\r\n\r\n\r\n\r\n<p class=\"wp-block-paragraph\">Le surr\u00e9alisme, c\u2019est ouvrir la porte du r\u00eave \u00e0 tous ceux pour qui la nuit est avare.<\/p>\r\n\r\n\r\n\r\n<p class=\"wp-block-paragraph\">Il ne sait plus tr\u00e8s bien s\u2019il vit un r\u00eave \u00e9veill\u00e9 ou s\u2019il est enferm\u00e9 dans un territoire de chim\u00e8res et de songes.<\/p>\r\n\r\n\r\n\r\n<p class=\"wp-block-paragraph\">\u00c9poque b\u00e9nie o\u00f9 l\u2019originalit\u00e9 est la seule boussole de l\u2019artiste perdu dans l\u2019oc\u00e9an de la cr\u00e9ation.<\/p>\r\n\r\n\r\n\r\n<p class=\"wp-block-paragraph\">Lorsque tu apparais, le soleil se pend. <br \/>Et lorsque tu n\u2019es pas l\u00e0, les aiguilles des heures, au cadran de l\u2019horloge, sont en suspens.<\/p>\r\n\r\n\r\n\r\n<p class=\"wp-block-paragraph\">\u00c9luard manie les mots comme Dal\u00ed les couleurs. Ces deux-l\u00e0 se sont reconnus. Ce sont de purs cr\u00e9ateurs. Et comme ils ne sont pas concurrents, chacun utilisant une forme d\u2019expression artistique diff\u00e9rente, il n\u2019y a pas de lutte entre eux, sinon pour l\u2019amour d\u2019une muse.<\/p>\r\n\r\n\r\n\r\n<p class=\"wp-block-paragraph\">Certes, Dal\u00ed est peut-\u00eatre atteint d\u2019une forme de d\u00e9lire profond, de folie parano\u00efaque, de m\u00e9galomanie, mais qu\u2019est-ce donc que la folie, sinon un peu de rire plaqu\u00e9 sur du vivant\u00a0?<\/p>\r\n\r\n\r\n\r\n<p class=\"wp-block-paragraph\">Cet homme est \u00e0 lui seul un condens\u00e9 de puissantes drogues, un concentr\u00e9 de morphine, une bouff\u00e9e de marijuana, un esprit de menthe, une teinture de Mars, une th\u00e9riaque de Venise, un succulent diascordium.<\/p>\r\n\r\n\r\n\r\n<p class=\"wp-block-paragraph\">le temps est son propre ma\u00eetre et ne peut \u00eatre dompt\u00e9 par l\u2019homme. Contre le temps, il le sait, il ne peut rien. La seule mani\u00e8re plus ou moins certaine de le domestiquer est de le figer \u00e0 jamais sur une toile.<\/p>\r\n\r\n\r\n\r\n<p class=\"wp-block-paragraph\">\u00catre et demeurer original est sa seule r\u00e8gle de jeu. D\u2019ailleurs, pour vivre, Dal\u00ed n\u2019a pas besoin du surr\u00e9alisme. C\u2019est le surr\u00e9alisme qui a besoin de Dal\u00ed.<\/p>\r\n\r\n\r\n\r\n<p class=\"wp-block-paragraph\">Dal\u00ed, l\u2019homme-monde, est g\u00e9n\u00e9tiquement espagnol, linguistiquement fran\u00e7ais, esth\u00e9tiquement italien et commercialement am\u00e9ricain.<\/p>\r\n\r\n\r\n\r\n<p class=\"wp-block-paragraph\">Excentricit\u00e9s extravagantes extraordinairement extraverties d\u2019un extraterrestre excentrique.<\/p>\r\n\r\n\r\n\r\n<p class=\"wp-block-paragraph\">Vieillir est un naufrage, mais vieillir seul est un engloutissement. Peu \u00e0 peu le ma\u00eetre entre en solitude comme il entrerait en religion.<\/p>\r\n\r\n\r\n\r\n<p class=\"wp-block-paragraph\"><strong>Image<\/strong> : Cala Culip (Cap de Creus)<\/p>\r\n","protected":false},"excerpt":{"rendered":"<p>Auteur\u00a0: Maxence Fermine a v\u00e9cu \u00e0 Paris, puis en Afrique o\u00f9 il a travaill\u00e9 dans un bureau d&rsquo;\u00e9tudes en Tunisie. Il vit aujourd&rsquo;hui en Savoie avec sa femme et ses deux filles. Apr\u00e8s le succ\u00e8s de Neige (traduit en 17 langues), il se consacre enti\u00e8rement \u00e0 l&rsquo;\u00e9criture et encha\u00eene les romans et les voyages. Ses &hellip; <\/p>\n<p class=\"read-more\"><a class=\"readmore-btn\" href=\"https:\/\/www.cathjack.ch\/wordpress\/?p=8992\">+<span class=\"screen-reader-text\">  Read More<\/span><\/a><\/p>\n","protected":false},"author":1,"featured_media":8993,"comment_status":"open","ping_status":"open","sticky":false,"template":"","format":"standard","meta":{"_crdt_document":"","_monsterinsights_skip_tracking":false,"_monsterinsights_sitenote_active":false,"_monsterinsights_sitenote_note":"","_monsterinsights_sitenote_category":0,"footnotes":""},"categories":[520,23,12,78],"tags":[94,791,790,131,789],"class_list":["post-8992","post","type-post","status-publish","format-standard","has-post-thumbnail","hentry","category-520","category-espagne","category-litterature-france","category-xxeme","tag-art","tag-catalogne","tag-dali","tag-peinture","tag-surrealisme"],"aioseo_notices":[],"_links":{"self":[{"href":"https:\/\/www.cathjack.ch\/wordpress\/index.php?rest_route=\/wp\/v2\/posts\/8992","targetHints":{"allow":["GET"]}}],"collection":[{"href":"https:\/\/www.cathjack.ch\/wordpress\/index.php?rest_route=\/wp\/v2\/posts"}],"about":[{"href":"https:\/\/www.cathjack.ch\/wordpress\/index.php?rest_route=\/wp\/v2\/types\/post"}],"author":[{"embeddable":true,"href":"https:\/\/www.cathjack.ch\/wordpress\/index.php?rest_route=\/wp\/v2\/users\/1"}],"replies":[{"embeddable":true,"href":"https:\/\/www.cathjack.ch\/wordpress\/index.php?rest_route=%2Fwp%2Fv2%2Fcomments&post=8992"}],"version-history":[{"count":3,"href":"https:\/\/www.cathjack.ch\/wordpress\/index.php?rest_route=\/wp\/v2\/posts\/8992\/revisions"}],"predecessor-version":[{"id":11959,"href":"https:\/\/www.cathjack.ch\/wordpress\/index.php?rest_route=\/wp\/v2\/posts\/8992\/revisions\/11959"}],"wp:featuredmedia":[{"embeddable":true,"href":"https:\/\/www.cathjack.ch\/wordpress\/index.php?rest_route=\/wp\/v2\/media\/8993"}],"wp:attachment":[{"href":"https:\/\/www.cathjack.ch\/wordpress\/index.php?rest_route=%2Fwp%2Fv2%2Fmedia&parent=8992"}],"wp:term":[{"taxonomy":"category","embeddable":true,"href":"https:\/\/www.cathjack.ch\/wordpress\/index.php?rest_route=%2Fwp%2Fv2%2Fcategories&post=8992"},{"taxonomy":"post_tag","embeddable":true,"href":"https:\/\/www.cathjack.ch\/wordpress\/index.php?rest_route=%2Fwp%2Fv2%2Ftags&post=8992"}],"curies":[{"name":"wp","href":"https:\/\/api.w.org\/{rel}","templated":true}]}}