{"id":9289,"date":"2019-08-30T19:19:29","date_gmt":"2019-08-30T18:19:29","guid":{"rendered":"https:\/\/www.cathjack.ch\/wordpress\/?p=9289"},"modified":"2025-11-24T18:40:24","modified_gmt":"2025-11-24T16:40:24","slug":"feuz-nicolas-lombre-du-renard-rl2019","status":"publish","type":"post","link":"https:\/\/www.cathjack.ch\/wordpress\/?p=9289","title":{"rendered":"Feuz, Nicolas \u00abL\u2019ombre du renard\u00bb (RL2019)"},"content":{"rendered":"\r\n<p class=\"wp-block-paragraph\"><b>Auteur\u00a0<\/b>: N\u00e9 en 1971, Nicolas Feuz a exerc\u00e9 les professions d\u2019avocat et de juge d\u2019instruction. Il est actuellement procureur de la R\u00e9publique du canton de Neuch\u00e2tel, en Suisse. Depuis plus de 16 ans, il s\u2019est sp\u00e9cialis\u00e9 dans la lutte contre le trafic de stup\u00e9fiants. Nicolas Feuz a \u00e9tudi\u00e9 le droit \u00e0 l\u2019Universit\u00e9 et obtenu le brevet d\u2019avocat, avant d\u2019\u00eatre \u00e9lu en 1999 comme juge d\u2019instruction, puis en 2008 comme pr\u00e9sident du coll\u00e8ge des juges d\u2019instruction, et enfin en 2011 comme procureur de cette petite R\u00e9publique helv\u00e9tique. En 2010, il s\u2019est lanc\u00e9 dans l\u2019\u00e9criture de romans noirs, m\u00ealant librement r\u00e9alit\u00e9 du terrain et fictions obscures.<\/p>\r\n<p><b>Romans<\/b>:<br \/><b>La S\u00e9rie Mike Donner<\/b> :<br \/>&#8211; <span style=\"color: #0000ff;\"><a style=\"color: #0000ff;\" href=\"https:\/\/www.cathjack.ch\/wordpress\/?p=7183\">EMORATA, pour quelques grammes de chair<\/a>\u00a0<\/span>(2014)<br \/>&#8211; \u00a0<span style=\"color: #0000ff;\"><a style=\"color: #0000ff;\" href=\"https:\/\/www.cathjack.ch\/wordpress\/?p=7098\">EUNOTO, les noces de sang<\/a>\u00a0<\/span>(2017)<br \/>&#8211;<span class=\"Apple-converted-space\">\u00a0 <\/span>La TrilogieMassa\u00ef (<span style=\"color: #0000ff;\"><a style=\"color: #0000ff;\" href=\"https:\/\/www.cathjack.ch\/wordpress\/?p=20327\">ILMORAN, l\u2019av\u00e8nement du guerrier<\/a><\/span> (2010) \u2013 ILAYOK, le berceau de la folie (2011) \u2013 ILPAYIANI, le cr\u00e9puscule massa\u00ef (2012)<br \/>&#8211;<b>Dipyque du confinement:<br \/><\/b>&#8211; <span style=\"color: #0000ff;\"><a style=\"color: #0000ff;\" href=\"https:\/\/www.cathjack.ch\/wordpress\/?p=10890\">Restez chez vous<\/a><\/span>(2020) &#8211;<span style=\"color: #0000ff;\"> <a style=\"color: #0000ff;\" href=\"https:\/\/www.cathjack.ch\/wordpress\/?p=12520\">Le Calendrier de l&rsquo;Apr\u00e8s<\/a><\/span> (2020)<br \/><b>S\u00e9rie Jemsen\u00a0<\/b>: \u2013\u00a0<span style=\"color: #0000ff;\"><a style=\"color: #0000ff;\" href=\"https:\/\/www.cathjack.ch\/wordpress\/?p=7287\">Le Miroir des \u00e2mes<\/a>\u00a0<\/span>(23.08.2018)\u00a0\u2013\u00a0<span style=\"color: #0000ff;\"><a style=\"color: #0000ff;\" href=\"https:\/\/www.cathjack.ch\/wordpress\/?p=9289\">L\u2019ombre du Renard<\/a>\u00a0<\/span>(22.08.2019) \u2013\u00a0<span style=\"color: #0000ff;\"><a style=\"color: #0000ff;\" href=\"https:\/\/www.cathjack.ch\/wordpress\/?p=10978\">L\u2019engrenage du mal<\/a>\u00a0<\/span>(2020)- <span style=\"color: #0000ff;\"><a style=\"color: #0000ff;\" href=\"https:\/\/www.cathjack.ch\/wordpress\/?p=15618\">Brume rouge<\/a> <\/span>(23.02 2022) \u2013 <span style=\"color: #0000ff;\"><a style=\"color: #0000ff;\" href=\"https:\/\/www.cathjack.ch\/wordpress\/?p=17228\">Les larmes du lagon<\/a> <\/span>(10.11.2022) &#8211; <span style=\"color: #0000ff;\"><a style=\"color: #0000ff;\" href=\"https:\/\/www.cathjack.ch\/wordpress\/?p=19148\">Le Philat\u00e9liste<\/a><\/span> (2023) &#8211; <span style=\"color: #0000ff;\"><a style=\"color: #0000ff;\" href=\"https:\/\/www.cathjack.ch\/wordpress\/?p=21240\">Les extrad\u00e9es<\/a> <\/span>(3.10.2024)<br \/><b>Autres<\/b>: La septi\u00e8me vigne (2013)\u2013\u00a0<span style=\"color: #0000ff;\"><a style=\"color: #0000ff;\" href=\"https:\/\/www.cathjack.ch\/wordpress\/?p=8191\">Les Bouches<\/a>\u00a0<\/span>(2015) \u2013\u00a0<span style=\"color: #0000ff;\"><a style=\"color: #0000ff;\" href=\"https:\/\/www.cathjack.ch\/wordpress\/?p=6027\">Horrora borealis<\/a><\/span>\u00a0(2016)- <span style=\"color: #0000ff;\"><a style=\"color: #0000ff;\" href=\"https:\/\/www.cathjack.ch\/wordpress\/?p=13658\">Heresix<\/a> <\/span>(2021) &#8211; <span style=\"color: #0000ff;\">\u00a0<a style=\"color: #0000ff;\" title=\"Feuz, Nicolas \u00ab\u00a0La secte\u00a0\u00bb (2025) 384 pages\" href=\"https:\/\/www.cathjack.ch\/wordpress\/?p=23260\">La secte<\/a> <\/span>(2025)<\/p>\r\n\r\n\r\n\r\n<p class=\"wp-block-paragraph\">Slatkine &amp; Cie \u2013 22.08.2019 \u2013 317 pages<\/p>\r\n\r\n\r\n\r\n<p class=\"wp-block-paragraph\">Deux suites pour le prix d&rsquo;une : <span style=\"color: #0000ff;\"><a style=\"color: #0000ff;\" href=\"https:\/\/www.cathjack.ch\/wordpress\/?p=7287\">\u00ab\u00a0Le Miroir des \u00e2mes\u00a0\u00bb<\/a><\/span> et \u00ab\u00a0<a href=\"https:\/\/www.cathjack.ch\/wordpress\/?p=8191\">Les Bouc<span style=\"color: #0000ff;\">hes\u00a0\u00bb<\/span><\/a>, ou la rencontre entre le procureur Norbert Jemsen et l&rsquo;adjudant-chef Eric Beaussant. L\u2019Ombre du Renard est le deuxi\u00e8me volet de la saison inaugur\u00e9e avec \u00ab\u00a0Le Miroir des \u00e2mes\u00a0\u00bb autour du procureur Norbert Jemsen, de sa greffi\u00e8re Flavie Keller et de l\u2019inspectrice Tanja Stojkaj.<\/p>\r\n\r\n\r\n\r\n<p class=\"wp-block-paragraph\"><strong>R\u00e9sum\u00e9<\/strong>\u00a0: Le 16 septembre 1943, sur les hauteurs de Bastia, un convoi SS quitte un couvent avec une myst\u00e9rieuse cargaison. Charg\u00e9es sur une barge \u00e0 destination de l\u2019Italie, les caisses finissent englouties au large du cap Corse. La l\u00e9gende du Tr\u00e9sor de Rommel est n\u00e9e. 75 ans plus tard, un lingot frapp\u00e9 de la svastika r\u00e9appara\u00eet en Suisse.<\/p>\r\n\r\n\r\n\r\n<p class=\"wp-block-paragraph\">Partie de Neuch\u00e2tel, l\u2019intrigue acrobatique de ce roman \u00e0 tiroirs bouscule le lecteur de la Suisse \u00e0 la France, entre deux \u00e9poques sombres, hier, aujourd\u2019hui, sur fond d\u2019occupation nazie et de domination mafieuse.<\/p>\r\n\r\n\r\n\r\n<p class=\"wp-block-paragraph\">Comme toujours, chez le procureur Feuz, le style est chirurgical, effroyablement efficace.<\/p>\r\n\r\n\r\n\r\n<p class=\"wp-block-paragraph\"><strong>Mon avis<\/strong>\u00a0: Comme on en a pris l\u2019habitude dans ses autres romans, \u00e7a d\u00e9marre tambour battant. D\u00e8s la 2<sup>\u00e8me<\/sup> page, c\u2019est bon\u00a0! le ton est donn\u00e9 d\u00e8s le prologue. Il suffit d\u2019un simple fil de nylon\u2026 apr\u00e8s avoir d\u00e9gust\u00e9 une liqueur de c\u00e9drat, \u00e0 moins que vous ne pr\u00e9f\u00e9riez un petit alcool de myrte\u00a0?<br \/>Nous naviguons entre deux \u00e9poques et deux pays\u00a0: 1943\/1948 et 2018, La Corse et la Suisse. Au centre du roman\u00a0: l\u2019Africakorps, le tr\u00e9sor de Rommel. A Neuch\u00e2tel, une \u00ab\u00a0femme de m\u00e9nage\u00a0\u00bb d\u2019un genre un peu particulier s\u00e8me sur son chemin quelques cadavres et prend le tram en marche\u2026 En Corse, Beaussant, un inspecteur peu appr\u00e9ci\u00e9, original et solitaire, de retour sur son \u00eele depuis peu est charg\u00e9 d\u2019une enqu\u00eate sur un meurtre qui pourrait \u00eatre reli\u00e9 aux cadavres sem\u00e9s en Suisse. La mafia corse (si on ose l\u2019appeler ainsi) aurait-elle des ramifications jusqu\u2019en Suisse\u00a0? Un petit tour par Octodurus pourrait peut-\u00eatre apporter des \u00e9claircissements\u00a0? <br \/>R\u00e8glements de comptes, enqu\u00eate, chasse au tr\u00e9sor, combattants du Troisi\u00e8me Reich tous les \u00e9l\u00e9ments sont r\u00e9unis pour nous entrainer dans une aventure palpitante qui ne souffre aucun temps mort.<\/p>\r\n\r\n\r\n\r\n<p class=\"wp-block-paragraph\">Plus je lis les livres de cet auteur et plus j\u2019aime. Le reproche que j&rsquo;avais fait pr\u00e9c\u00e9demment de ne pas assez \u00e9toffer les personnages est en train de disparaitre et derri\u00e8re les noms, des caract\u00e8res et des \u00e9motions sont palpables ce qui fait que je me suis attach\u00e9e \u00e0 eux nettement davantage. J\u2019ai appr\u00e9ci\u00e9 le fonds historique de ce roman, la fluidit\u00e9 et le rythme du livre et j\u2019ai retrouv\u00e9 avec grand plaisir les personnages du <a href=\"https:\/\/www.cathjack.ch\/wordpress\/?p=7287\">Le Miroir des \u00e2mes<\/a>.<\/p>\r\n\r\n\r\n\r\n<p class=\"wp-block-paragraph\">Un tr\u00e8s grand merci aux Editions Slatkine &amp; Cie qui ont eu l\u2019amabilit\u00e9 de me faire parvenir le roman<\/p>\r\n\r\n\r\n\r\n<p class=\"wp-block-paragraph\"><strong>Extraits<\/strong>\u00a0:<\/p>\r\n\r\n\r\n\r\n<p class=\"wp-block-paragraph\">Discr\u00e9tion demand\u00e9e, fuites dans la presse locale. V\u00e9hicule banalis\u00e9, uniforme de gendarmerie. Jemsen peinait \u00e0 comprendre la logique des insulaires. Il avait lu quelque part que la Corse \u00e9tait un monde \u00e0 part. Il en avait la preuve sous les yeux.<\/p>\r\n\r\n\r\n\r\n<p class=\"wp-block-paragraph\">Vous pouvez parler de milieu, de clan, de famille. Mais surtout pas de mafia.<\/p>\r\n\r\n\r\n\r\n<p class=\"wp-block-paragraph\"><strong>Info\u00a0<\/strong>: <em>Le Renard du D\u00e9sert<strong>\u00a0: <\/strong><\/em>Erwin Rommel<\/p>\r\n\r\n\r\n\r\n<p class=\"wp-block-paragraph\">&nbsp;<\/p>\r\n","protected":false},"excerpt":{"rendered":"<p>Auteur\u00a0: N\u00e9 en 1971, Nicolas Feuz a exerc\u00e9 les professions d\u2019avocat et de juge d\u2019instruction. Il est actuellement procureur de la R\u00e9publique du canton de Neuch\u00e2tel, en Suisse. Depuis plus de 16 ans, il s\u2019est sp\u00e9cialis\u00e9 dans la lutte contre le trafic de stup\u00e9fiants. Nicolas Feuz a \u00e9tudi\u00e9 le droit \u00e0 l\u2019Universit\u00e9 et obtenu le &hellip; <\/p>\n<p class=\"read-more\"><a class=\"readmore-btn\" href=\"https:\/\/www.cathjack.ch\/wordpress\/?p=9289\">+<span class=\"screen-reader-text\">  Read More<\/span><\/a><\/p>\n","protected":false},"author":1,"featured_media":9290,"comment_status":"open","ping_status":"open","sticky":false,"template":"","format":"standard","meta":{"_crdt_document":"","_monsterinsights_skip_tracking":false,"_monsterinsights_sitenote_active":false,"_monsterinsights_sitenote_note":"","_monsterinsights_sitenote_category":0,"footnotes":""},"categories":[203,46,5,146,77,43,28,843,66,192],"tags":[847,230,334],"class_list":["post-9289","post","type-post","status-publish","format-standard","has-post-thumbnail","hentry","category-allemagne-nazie","category-polhist","category-lecture-polar","category-corse","category-deuxieme-guerre-mondiale","category-histoire","category-suisse","category-rl2019","category-suisse-destinations","category-xxieme-siecle","tag-course-au-tresor","tag-mafia","tag-meurtres"],"aioseo_notices":[],"_links":{"self":[{"href":"https:\/\/www.cathjack.ch\/wordpress\/index.php?rest_route=\/wp\/v2\/posts\/9289","targetHints":{"allow":["GET"]}}],"collection":[{"href":"https:\/\/www.cathjack.ch\/wordpress\/index.php?rest_route=\/wp\/v2\/posts"}],"about":[{"href":"https:\/\/www.cathjack.ch\/wordpress\/index.php?rest_route=\/wp\/v2\/types\/post"}],"author":[{"embeddable":true,"href":"https:\/\/www.cathjack.ch\/wordpress\/index.php?rest_route=\/wp\/v2\/users\/1"}],"replies":[{"embeddable":true,"href":"https:\/\/www.cathjack.ch\/wordpress\/index.php?rest_route=%2Fwp%2Fv2%2Fcomments&post=9289"}],"version-history":[{"count":11,"href":"https:\/\/www.cathjack.ch\/wordpress\/index.php?rest_route=\/wp\/v2\/posts\/9289\/revisions"}],"predecessor-version":[{"id":23280,"href":"https:\/\/www.cathjack.ch\/wordpress\/index.php?rest_route=\/wp\/v2\/posts\/9289\/revisions\/23280"}],"wp:featuredmedia":[{"embeddable":true,"href":"https:\/\/www.cathjack.ch\/wordpress\/index.php?rest_route=\/wp\/v2\/media\/9290"}],"wp:attachment":[{"href":"https:\/\/www.cathjack.ch\/wordpress\/index.php?rest_route=%2Fwp%2Fv2%2Fmedia&parent=9289"}],"wp:term":[{"taxonomy":"category","embeddable":true,"href":"https:\/\/www.cathjack.ch\/wordpress\/index.php?rest_route=%2Fwp%2Fv2%2Fcategories&post=9289"},{"taxonomy":"post_tag","embeddable":true,"href":"https:\/\/www.cathjack.ch\/wordpress\/index.php?rest_route=%2Fwp%2Fv2%2Ftags&post=9289"}],"curies":[{"name":"wp","href":"https:\/\/api.w.org\/{rel}","templated":true}]}}