{"id":9519,"date":"2019-10-14T17:19:02","date_gmt":"2019-10-14T16:19:02","guid":{"rendered":"https:\/\/www.cathjack.ch\/wordpress\/?p=9519"},"modified":"2019-10-29T18:41:59","modified_gmt":"2019-10-29T17:41:59","slug":"minni-salvatore-claustrations-2015","status":"publish","type":"post","link":"https:\/\/www.cathjack.ch\/wordpress\/?p=9519","title":{"rendered":"Minni, Salvatore \u00ab Claustrations \u00bb (2015)"},"content":{"rendered":"\n<p class=\"wp-block-paragraph\"><strong>Auteur<\/strong>\u00a0:  Salvatore Minni, n\u00e9 le 13 f\u00e9vrier 1979 \u00e0 Bruxelles, est attir\u00e9 par toutes les formes d&rsquo;\u00e9criture et ce d\u00e8s son plus jeune \u00e2ge. Pendant son adolescence, il commence \u00e0 mettre sur papier diff\u00e9rents \u00e9crits (textes lyriques, nouvelles&#8230;) et se passionne pour la rh\u00e9torique \u00e0 travers la richesse de la langue fran\u00e7aise. Il h\u00e9site longuement entre des \u00e9tudes de psychologie ou de linguistique. \u00c9tant fascin\u00e9 par les langues en g\u00e9n\u00e9ral, il entreprend finalement des \u00e9tudes de traducteur avant d&rsquo;exercer le m\u00e9tier de professeur qui lui permettra de transmettre sa passion aux \u00e9tudiants qu&rsquo;il croisera lors de ses cours.\u00a0 Apr\u00e8s \u00ab\u00a0<a href=\"https:\/\/www.cathjack.ch\/wordpress\/?p=9519\">Claustrations<\/a>\u00a0\u00bb sorti en 2015, il publie \u00ab\u00a0Anamn\u00e8se\u00a0\u00bb en 2019 aux Editions Slatkine &amp; Cie.<\/p>\n\n\n\n<p class=\"wp-block-paragraph\">En savoir plus&nbsp;: site de\nl\u2019auteur&nbsp;: <a href=\"https:\/\/www.salvatoreminni.com\/\">https:\/\/www.salvatoreminni.com\/<\/a><\/p>\n\n\n\n<p class=\"wp-block-paragraph\"><\/p>\n\n\n\n<p class=\"wp-block-paragraph\">Pers\u00e9e Editions &#8211; 10.09.2015 \u2013 231 pages<\/p>\n\n\n\n<p class=\"wp-block-paragraph\"><strong>R\u00e9sum\u00e9<\/strong>&nbsp;: Alors que Monsieur Concerto tente de d\u00e9couvrir les raisons qui l&rsquo;ont conduit dans une chambre d&rsquo;isolement, Charles se clo\u00eetre de son plein gr\u00e9. Clara, que son amie Fran\u00e7oise recherche depuis plusieurs semaines, se r\u00e9veille un matin \u00e9tendue sur le sol d&rsquo;une cellule obscure et infest\u00e9e d&rsquo;insectes. Ils ne se connaissent pas et pourtant, ils portent le m\u00eame tatouage sur le bras&#8230; Chacun d&rsquo;entre eux se retrouvera face \u00e0 son destin. <br \/>Mais, dans leur qu\u00eate de la v\u00e9rit\u00e9, ils se rendront tr\u00e8s vite compte que les apparences ne sont pas celles qu&rsquo;ils croyaient&#8230;<\/p>\n\n\n\n<p class=\"wp-block-paragraph\"><strong>Mon avis<\/strong>&nbsp;: Excellent&nbsp;! Au fur et \u00e0 mesure de la lecture, nous faisons connaissance de plusieurs personnages. Leur point commun&nbsp;: ils sont tous enferm\u00e9s&nbsp;; certains par n\u00e9cessit\u00e9, certains contre leur gr\u00e9. Charles \u2013 mon personnage pr\u00e9f\u00e9r\u00e9 &#8211; a choisi de vivre en reclus, avec pour cons\u00e9quence de ne voir que sa femme Rose (et parfois son fils)&nbsp;; Clara est retenue prisonni\u00e8re\u2026 Concerto est intern\u00e9 dans un asile, \u00e0 la demande de sa femme. Fran\u00e7oise, elle, est en libert\u00e9 mais enferm\u00e9e psychologiquement dans son monde \u00e0 elle. De fait, ils sont tous emmur\u00e9s d\u2019une mani\u00e8re ou d\u2019une autre. <br \/>Comme j\u2019aime les romans psychologiques, j\u2019ai beaucoup aim\u00e9. Ce livre m\u2019a fait penser \u00e0 un des premiers romans sur la folie et la psychologie que j\u2019ai lu en \u2026 1973, \u00e9crit par Flora Retha Schreiber. Mais je ne vis pas en dire davantage pour ne pas divulg\u00e2cher et vous laisser le suspense jusqu\u2019\u00e0 la fin. <br \/>Je me r\u00e9jouis de lire tout prochainement son prochain roman. <\/p>\n\n\n\n<p class=\"wp-block-paragraph\"><strong>Extraits<\/strong>&nbsp;: <\/p>\n\n\n\n<p class=\"wp-block-paragraph\">Elles \u00e9taient l\u00e0, tout autour de lui, il les entendait matin, midi et soir. Sans rel\u00e2che. Elles \u00e9taient partout\u2026 mais surtout en lui. Elles r\u00e9sonnaient, riaient, criaient ou pleuraient. Il ne comprenait pas ce qu\u2019elles disaient, il voulait simplement ne plus rien entendre. Le silence, il en r\u00eavait. C\u2019est tout ce qu\u2019il recherchait.<\/p>\n\n\n\n<p class=\"wp-block-paragraph\">Il \u00e9tait simplement diff\u00e9rent&nbsp;: il ne poss\u00e9dait ni\nv\u00eatements de marque, ni de baladeur dernier cri. Bref, tout ce qui engendrait\nles boutades des petits monstres composant sa classe.<\/p>\n\n\n\n<p class=\"wp-block-paragraph\">Mais si un ordre n\u2019est pas donn\u00e9 explicitement, on n\u2019y d\u00e9sob\u00e9it pas&nbsp;!<\/p>\n\n\n\n<p class=\"wp-block-paragraph\">Elle avait l\u2019impression d\u2019avoir la t\u00eate sous l\u2019eau tellement ce qu\u2019elle entendait \u00e9tait n\u00e9buleux.<\/p>\n\n\n\n<p class=\"wp-block-paragraph\">Devenir\nquelqu\u2019un d\u2019autre ne signifiait pas \u00eatre libre&nbsp;!&nbsp;&nbsp;&nbsp;&nbsp;&nbsp;&nbsp;&nbsp;&nbsp;&nbsp;&nbsp;&nbsp;&nbsp;&nbsp; <\/p>\n\n\n\n<p class=\"wp-block-paragraph\">C\u2019\u00e9tait\nla premi\u00e8re fois qu\u2019il se sentait r\u00e9ellement prisonnier de sa cave, de sa vie,\nde lui-m\u00eame. Il avait l\u2019impression qu\u2019\u00e0 mesure que les jours passaient, les\nmurs de cet endroit se rapprochaient les uns des autres. Il \u00e9tait pris au\npi\u00e8ge. Il avait besoin d\u2019air.<\/p>\n\n\n\n<p class=\"wp-block-paragraph\">Il\nn\u2019accepterait pas qu\u2019on lui parl\u00e2t un langage trop enfantin. Pour lui, un\nenfant, si on lui parlait normalement, serait plus vif et son cerveau plus\naiguis\u00e9. Pas de bobo ni de dodo.<\/p>\n\n\n\n<p class=\"wp-block-paragraph\">Pr\u00e9f\u00e9rerait-elle\nun simulacre de vie, enferm\u00e9e \u00e0 longueur de journ\u00e9e ou bien la libert\u00e9 et la\nqui\u00e9tude de la mort&nbsp;?<\/p>\n\n\n\n<p class=\"wp-block-paragraph\">Il\neut subitement la sensation d\u2019avoir v\u00e9cu toute sa vie dans une prison\ninvisible. Il avait \u00e9t\u00e9 prisonnier de son esprit instable, des voix qui\nl\u2019habitaient et maintenant de sa demeure.<\/p>\n","protected":false},"excerpt":{"rendered":"<p>Auteur\u00a0: Salvatore Minni, n\u00e9 le 13 f\u00e9vrier 1979 \u00e0 Bruxelles, est attir\u00e9 par toutes les formes d&rsquo;\u00e9criture et ce d\u00e8s son plus jeune \u00e2ge. Pendant son adolescence, il commence \u00e0 mettre sur papier diff\u00e9rents \u00e9crits (textes lyriques, nouvelles&#8230;) et se passionne pour la rh\u00e9torique \u00e0 travers la richesse de la langue fran\u00e7aise. Il h\u00e9site longuement &hellip; <\/p>\n<p class=\"read-more\"><a class=\"readmore-btn\" href=\"https:\/\/www.cathjack.ch\/wordpress\/?p=9519\">+<span class=\"screen-reader-text\">  Read More<\/span><\/a><\/p>\n","protected":false},"author":1,"featured_media":9520,"comment_status":"open","ping_status":"open","sticky":false,"template":"","format":"standard","meta":{"_crdt_document":"","_monsterinsights_skip_tracking":false,"_monsterinsights_sitenote_active":false,"_monsterinsights_sitenote_note":"","_monsterinsights_sitenote_category":0,"footnotes":""},"categories":[495,91,490,32],"tags":[197,889,116,347,419,422,568,110,612,322,169],"class_list":["post-9519","post","type-post","status-publish","format-standard","has-post-thumbnail","hentry","category-495","category-polar-psychologique","category-thrillers","category-belge","tag-amour","tag-enfermement","tag-folie","tag-huis-clos","tag-isolement","tag-peur","tag-psychiatrie","tag-psychologique","tag-sequestration","tag-vieillesse","tag-violence"],"aioseo_notices":[],"_links":{"self":[{"href":"https:\/\/www.cathjack.ch\/wordpress\/index.php?rest_route=\/wp\/v2\/posts\/9519","targetHints":{"allow":["GET"]}}],"collection":[{"href":"https:\/\/www.cathjack.ch\/wordpress\/index.php?rest_route=\/wp\/v2\/posts"}],"about":[{"href":"https:\/\/www.cathjack.ch\/wordpress\/index.php?rest_route=\/wp\/v2\/types\/post"}],"author":[{"embeddable":true,"href":"https:\/\/www.cathjack.ch\/wordpress\/index.php?rest_route=\/wp\/v2\/users\/1"}],"replies":[{"embeddable":true,"href":"https:\/\/www.cathjack.ch\/wordpress\/index.php?rest_route=%2Fwp%2Fv2%2Fcomments&post=9519"}],"version-history":[{"count":5,"href":"https:\/\/www.cathjack.ch\/wordpress\/index.php?rest_route=\/wp\/v2\/posts\/9519\/revisions"}],"predecessor-version":[{"id":9617,"href":"https:\/\/www.cathjack.ch\/wordpress\/index.php?rest_route=\/wp\/v2\/posts\/9519\/revisions\/9617"}],"wp:featuredmedia":[{"embeddable":true,"href":"https:\/\/www.cathjack.ch\/wordpress\/index.php?rest_route=\/wp\/v2\/media\/9520"}],"wp:attachment":[{"href":"https:\/\/www.cathjack.ch\/wordpress\/index.php?rest_route=%2Fwp%2Fv2%2Fmedia&parent=9519"}],"wp:term":[{"taxonomy":"category","embeddable":true,"href":"https:\/\/www.cathjack.ch\/wordpress\/index.php?rest_route=%2Fwp%2Fv2%2Fcategories&post=9519"},{"taxonomy":"post_tag","embeddable":true,"href":"https:\/\/www.cathjack.ch\/wordpress\/index.php?rest_route=%2Fwp%2Fv2%2Ftags&post=9519"}],"curies":[{"name":"wp","href":"https:\/\/api.w.org\/{rel}","templated":true}]}}