{"id":9546,"date":"2019-10-19T17:22:16","date_gmt":"2019-10-19T16:22:16","guid":{"rendered":"https:\/\/www.cathjack.ch\/wordpress\/?p=9546"},"modified":"2026-01-06T17:49:35","modified_gmt":"2026-01-06T15:49:35","slug":"portes-jean-christophe-lespion-des-tuileries-2018","status":"publish","type":"post","link":"https:\/\/www.cathjack.ch\/wordpress\/?p=9546","title":{"rendered":"Portes, Jean-Christophe \u00ab L\u2019espion des Tuileries \u00bb (2018)"},"content":{"rendered":"\r\n<p class=\"wp-block-paragraph\"><b>Auteur\u00a0<\/b>: Fran\u00e7ais, N\u00e9 \u00e0 : Rueil-Malmaison, le 21\/03\/1966 \u2013 Jean-Christophe Portes est journaliste et r\u00e9alisateur. Il a fait des \u00e9tudes \u00e0 l\u2019Ecole Nationale de Arts D\u00e9coratifs. Auteur d\u2019une trentaine de documentaires d\u2019investigation, de soci\u00e9t\u00e9 ou d\u2019histoire, il travaille pour les principales cha\u00eenes de t\u00e9l\u00e9vision fran\u00e7aises<\/p>\r\n<p><b>Romans\u00a0<\/b>:<br \/><b><i>S\u00e9rie \u00ab\u00a0Victor Dauterive<\/i><\/b>\u00a0\u00ab\u00a0:\u00a0<span style=\"color: #0000ff;\"><a style=\"color: #0000ff;\" href=\"https:\/\/www.cathjack.ch\/wordpress\/?p=8670\">L\u2019Affaire des corps sans t\u00eate<\/a>\u00a0<\/span>(2015) \u2013<span style=\"color: #0000ff;\">\u00a0<a style=\"color: #0000ff;\" href=\"https:\/\/www.cathjack.ch\/wordpress\/?p=9000\">L\u2019Affaire de l\u2019Homme \u00e0 l\u2019Escarpin<\/a><\/span>\u00a0(2016) \u2013\u00a0<span style=\"color: #0000ff;\"><a style=\"color: #0000ff;\" href=\"https:\/\/www.cathjack.ch\/wordpress\/?p=9302\">La Disparue de Saint-Maur<\/a>\u00a0<\/span>(2017) \u2013\u00a0\u00a0<span style=\"color: #0000ff;\"><a style=\"color: #0000ff;\" href=\"https:\/\/www.cathjack.ch\/wordpress\/?p=9546\">L\u2019espion des Tuileries<\/a><\/span>\u00a0(2018) \u2013\u00a0<span style=\"color: #0000ff;\"><a style=\"color: #0000ff;\" href=\"https:\/\/www.cathjack.ch\/wordpress\/?p=10963\">La trahison des Jacobins<\/a><\/span>\u00a0(2019) \u2013 <span style=\"color: #0000ff;\"><a style=\"color: #0000ff;\" href=\"https:\/\/www.cathjack.ch\/wordpress\/?p=12289\">L\u2019assassin de Septembre<\/a><\/span> (2020) &#8211; <span style=\"color: #0000ff;\"><a style=\"color: #0000ff;\" href=\"https:\/\/www.cathjack.ch\/wordpress\/?p=17367\">La femme aux doigts d\u2019or<\/a> <\/span>(2022) &#8211; <span style=\"color: #0000ff;\"><a style=\"color: #0000ff;\" href=\"https:\/\/www.cathjack.ch\/wordpress\/?p=21353\">La conspiration des Royalistes<\/a><\/span> (2024) &#8211; <span style=\"color: #0000ff;\"><a style=\"color: #0000ff;\" title=\"Portes, Jean-Christophe \u00ab\u00a0L\u2019\u00e9vad\u00e9e du Temple\u00a0\u00bb (2025) 396 pages\" href=\"https:\/\/www.cathjack.ch\/wordpress\/?p=23558\">L&rsquo;\u00e9vad\u00e9e du temple<\/a><\/span> (2025)<br \/><b><i>S\u00e9rie \u00ab\u00a0Le groupe du manoir\u00a0\u00bb<\/i><\/b> \u00a0\u2013\u00a0<span style=\"color: #0000ff;\"><a style=\"color: #0000ff;\" href=\"https:\/\/www.cathjack.ch\/wordpress\/?p=9800\">Minuit dans le jardin du manoir<\/a>\u00a0<\/span>(2019) \u2013 Le Myst\u00e8re du masque sacr\u00e9 (2022)<br \/><b><i>S\u00e9rie \u00ab\u00a0Lizzie et Mo\u00a0\u00bb &#8211; <\/i><\/b><i>Oscar Wagner a disparu (2023) &#8211; Apocalypse Amerika (2024)<br \/><\/i><b><i>Autres<\/i><\/b><b>\u00a0<\/b>:\u00a0<span style=\"color: #0000ff;\"><a style=\"color: #0000ff;\" href=\"https:\/\/www.cathjack.ch\/wordpress\/?p=10075\">Les Enfants du dernier salut<\/a>\u00a0<\/span>(2017), <span style=\"color: #0000ff;\"><a style=\"color: #0000ff;\" href=\"https:\/\/www.cathjack.ch\/wordpress\/?p=14358\">Les experts du crime<\/a> <\/span>(2018) &#8211; Les nouveaux experts du crime (2021) &#8211; Intouchable (2021)<\/p>\r\n\r\n\r\n\r\n<p class=\"wp-block-paragraph\"><strong>Les enqu\u00eates de Victor Dauterive dans la France r\u00e9volutionnaire<\/strong>\u00a0: tome 4<\/p>\r\n\r\n\r\n\r\n<p class=\"wp-block-paragraph\">(\u00a0<a href=\"http:\/\/www.lesenquetesdevictordauterive.com\/la-serie.htm\">Pr\u00e9sentation de la s\u00e9rie<\/a> )<\/p>\r\n\r\n\r\n\r\n<p class=\"wp-block-paragraph\">City \u00e9ditions 14.11.2018 \u2013 392 pages<\/p>\r\n\r\n\r\n\r\n<p class=\"wp-block-paragraph\"><strong>R\u00e9sum\u00e9\u00a0<\/strong>: 1792. La guerre entre la France et l&rsquo;Autriche vient d&rsquo;\u00e9clater. C&rsquo;est dans ce contexte tr\u00e8s explosif que le gendarme Victor Dauterive est charg\u00e9 d&rsquo;une d\u00e9licate mission : escorter un convoi transportant la paye de l&rsquo;arm\u00e9e, une petite fortune de 500 000 livres.<br \/>L&rsquo;affaire tourne au d\u00e9sastre quand le convoi est brutalement attaqu\u00e9 et d\u00e9valis\u00e9. Dauterive se lance sur les traces des voleurs qui s\u00e8ment des cadavres dans leur fuite. La piste le conduit jusqu&rsquo;aux Tuileries, au c\u0153ur du chaudron r\u00e9volutionnaire.<br \/>Le palais, infest\u00e9 d&rsquo;espions, est le centre de toutes les convoitises et de tous les complots. Des bas-fonds de la ville au sommet de l&rsquo;Etat, entre r\u00e9volutionnaires et partisans du roi, le jeune officier va devoir choisir son camp dans un jeu qui pourrait bien devenir mortel&#8230;<\/p>\r\n\r\n\r\n\r\n<p class=\"wp-block-paragraph\"><strong>Mon avis<\/strong>\u00a0: Mais que je suis contente (oui je me r\u00e9p\u00e8te\u00a0!) d\u2019avoir crois\u00e9 Victor Dauterive\u00a0; la preuve ? en six mois, j\u2019ai lu les 4 premiers de la s\u00e9rie. Je tiens une fois encore \u00e0 insister sur l\u2019importance des notes qui figurent \u00e0 la fin du livre. Cette fois-ci, je pense que j\u2019aurais d\u00fb les lire avant de lire le roman pour me remettre dasn le contexte historique avant de lire le roman. C\u2019est je pense ce que je vais faire pour le suivant\u00a0! <br \/>La p\u00e9riode est tourment\u00e9e, c\u2019est le moins qu\u2019on puisse dire. C\u2019est magouille et compagnie. Plus les pages se tournent et plus Victor devient le personnage central. C\u2019est ce que j\u2019esp\u00e9rais depuis le d\u00e9but. Et le petit Joseph est toujours de la partie\u2026 bien qu\u2019il lui arrive des aventures qui l\u2019\u00e9cartent un peu de l\u2019intrigue\u2026 Pendant tout le r\u00e9cit, Dauterive va devoir courir pour sauver sa peau. Toujours fid\u00e8le \u00e0 La Fayette, ce qui est loin d\u2019\u00eatre sans danger car ce dernier est loin d\u2019\u00eatre populaire. Dauterive s\u2019\u00e9toffe et les traits de son caract\u00e8re s\u2019affirment. Encore quelques tomes et il deviendra le tombeur de ces dames\u2026 Une fois qu\u2019il aura accept\u00e9 ses deux personnalit\u00e9s, il pourra r\u00e9unir les deux pans de sa personnalit\u00e9, \u00e0 la fois policier et noble, comme d\u2019autres que j\u2019aime bien, le Marquis de Ranreuil et le chevalier de Volnay pour les nommer\u2026 Il gagne en sensibilit\u00e9, et son rapport avec le petit Joseph devient de plus en plus un rapport d\u2019amiti\u00e9, voire un rapport p\u00e8re-fils. <br \/>Toujours mon petit coup de c\u0153ur pour l\u2019intrigue du pr\u00e9c\u00e9dent, mais la Disparue de Saint-Maur m\u2019a davantage touch\u00e9e que Marie-Anne, la jeune femme de ce roman. Et merci d\u2019avoir une fois encore mis en lumi\u00e8re Olympe de Gouges\u2026 <br \/>Et une fois encore j\u2019ai \u00e9t\u00e9 passionn\u00e9e par l\u2019intrigue et le contexte historique, l\u2019impression d\u2019y \u00eatre\u00a0: je me suis surprise \u00e0 lui donner des conseils pour qu\u2019il sauve sa peau\u2026 <br \/>Je me r\u00e9jouis de retrouver prochainement Victor et Joseph (j\u2019esp\u00e8re)<\/p>\r\n\r\n\r\n\r\n<p class=\"wp-block-paragraph\"><strong>Extraits\u00a0<\/strong>:\u00a0<\/p>\r\n\r\n\r\n\r\n<p class=\"wp-block-paragraph\">Avec ses remparts, ses bastions et ses tours, Metz ressemblait plus \u00e0 une forteresse qu\u2019\u00e0 une ville. Un cavalier n\u2019aurait pas fait cent pas sans \u00eatre arr\u00eat\u00e9 par une redoute ou un pont-levis. C\u2019\u00e9tait sans compter les ponts sur la Seille et la Moselle.<\/p>\r\n\r\n\r\n\r\n<p class=\"wp-block-paragraph\">Apr\u00e8s un regard surpris en direction du jeune homme, le lieutenant-colonel examina les dessins.<br \/>\u2014\u00a0\u00a0\u00a0\u00a0\u00a0\u00a0\u00a0 Original. La mar\u00e9chauss\u00e9e tire le portrait des brigands, \u00e0 pr\u00e9sent\u00a0?<\/p>\r\n\r\n\r\n\r\n<p class=\"wp-block-paragraph\">Club des Cordeliers\u00a0: Cette soci\u00e9t\u00e9 fond\u00e9e par Danton \u00e9tait la tribune des r\u00e9volutionnaires les plus extr\u00e9mistes. Certains de ses membres exigeaient m\u00eame la d\u00e9ch\u00e9ance de Louis XVI et l\u2019instauration d\u2019une R\u00e9publique.<\/p>\r\n\r\n\r\n\r\n<p class=\"wp-block-paragraph\">Des hommes ronflaient, et, dans cette brusque touffeur, Victor eut l\u2019impression d\u2019avoir franchi les fleuves infernaux, de poser le pied dans ce Tartare o\u00f9 erraient les \u00e2mes criminelles \u2013 c\u2019est ce qu\u2019il avait lu chez Hom\u00e8re.<\/p>\r\n\r\n\r\n\r\n<p class=\"wp-block-paragraph\">Je n\u2019en peux plus de ces jardins. La prison est verte, mais c\u2019est une prison.<\/p>\r\n\r\n\r\n\r\n<p class=\"wp-block-paragraph\">Mais si je dois \u00eatre votre Herm\u00e8s, souffrez que je puisse dire au moins quel dieu vous envoie.\u00a0\u00a0\u00a0 (<em>Dieu des messagers et des voyageurs, dot\u00e9 de sandales ail\u00e9es.<\/em>)<\/p>\r\n\r\n\r\n\r\n<p class=\"wp-block-paragraph\">Le bonnet phrygien, lui dit Mercier, criant presque pour se faire entendre. C\u2019est aussi, para\u00eet-il, le bonnet des gal\u00e9riens. Les deux symboles de la libert\u00e9 retrouv\u00e9e\u00a0!<\/p>\r\n\r\n\r\n\r\n<p class=\"wp-block-paragraph\">Je ne suis pas n\u00e9e \u00e0 l\u2019\u00e9poque de la libert\u00e9 pour me taire. Celui qui m\u2019emp\u00eachera de parler n\u2019est pas encore n\u00e9.<\/p>\r\n\r\n\r\n\r\n<p class=\"wp-block-paragraph\">Place des Victoires \u00e0 Paris, le tr\u00e8s opulent h\u00f4tel de Massiac h\u00e9bergeait les repr\u00e9sentants des colons des Antilles, dont le n\u00e9goce de sucre et de caf\u00e9 \u00e9tait l\u2019un des piliers de l\u2019\u00e9conomie du royaume. Leur influence \u00e9tait telle qu\u2019ils avaient m\u00eame r\u00e9ussi \u00e0 ne pas faire appliquer les droits de l\u2019homme dans leurs plantations. Mais la r\u00e9volte de Saint-Domingue avait ruin\u00e9 leurs affaires et mis fin \u00e0 cette hypocrisie. Nombre d\u2019entre eux s\u2019\u00e9taient alors exil\u00e9s en Am\u00e9rique, dans les \u00c9tats du Sud.<\/p>\r\n\r\n\r\n\r\n<p class=\"wp-block-paragraph\">Il ajouta qu\u2019un voleur arr\u00eat\u00e9 en janvier avait eu l\u2019honneur d\u2019essayer le premier l\u2019appareil \u00e0 d\u00e9capiter, invention d\u2019un d\u00e9put\u00e9 qui \u00e9tait aussi m\u00e9decin \u2013 le nouveau Code p\u00e9nal mentionnait que tout condamn\u00e9 \u00e0 mort aurait la t\u00eate tranch\u00e9e. L\u2019Assembl\u00e9e avait adopt\u00e9 cette mesure d\u2019humanit\u00e9 avec enthousiasme. Elle mettait fin aux ch\u00e2timents physiques, notamment \u00e0 l\u2019abominable supplice de la roue, par lequel on brisait les quatre membres du condamn\u00e9 avant de l\u2019\u00e9trangler.<\/p>\r\n\r\n\r\n\r\n<p class=\"wp-block-paragraph\">\u00c0 la fois Cordelier et Chevalier du poignard\u2026 Tout \u00e7a ne va pas ensemble.<br \/>\u2014\u00a0\u00a0\u00a0\u00a0\u00a0\u00a0\u00a0\u00a0\u00a0\u00a0 Je suis bien d\u2019accord. Mais \u00e7a n\u2019en est pas moins exact.<br \/>Les Chevaliers du poignard \u00e9taient un groupe d\u2019aristocrates qui avaient tent\u00e9 de d\u00e9livrer le roi, deux hivers plus t\u00f4t. Tout \u00e0 l\u2019oppos\u00e9 de l\u2019\u00e9chiquier politique, le club des Cordeliers rassemblait les plus grands agitateurs de Paris, tel ce fou de Marat, et r\u00e9clamaient sans rel\u00e2che la destitution du roi depuis son retour de Varennes.<\/p>\r\n\r\n\r\n\r\n<p class=\"wp-block-paragraph\">Au fond, la R\u00e9volution n\u2019avait quasi rien chang\u00e9\u00a0; simplement, les bourgeois avaient rejoint les nobles sur le haut du pav\u00e9.<\/p>\r\n\r\n\r\n\r\n<p class=\"wp-block-paragraph\">La foule se referma presque aussit\u00f4t sur lui, comme un \u00eatre vivant.<\/p>\r\n\r\n\r\n\r\n<p class=\"wp-block-paragraph\">J\u2019ai longtemps pens\u00e9 qu\u2019il fallait d\u00e9truire les Marat et les Robespierre. Mais les Girondins sont encore pires, les Roland, les Brissot, les Condorcet. Ces salauds-l\u00e0 se r\u00e9unissent chez Manon Roland, reprit-il.<\/p>\r\n\r\n\r\n\r\n<p class=\"wp-block-paragraph\">Une pens\u00e9e tr\u00e8s p\u00e9nible lui vint alors\u00a0: il comprit que jamais cette famille ne c\u00e9derait sur rien. Ni la princesse, ni son fr\u00e8re, ni Marie-Antoinette ne renonceraient au tr\u00f4ne, \u00e0 leur droit divin. Et c\u2019\u00e9tait affreux de le comprendre.<br \/>La R\u00e9volution ne se ferait pas\u2026 ou se ferait contre eux.<\/p>\r\n\r\n\r\n\r\n<p class=\"wp-block-paragraph\">En attendant de les supprimer, un par un, il gardait sa haine bien au chaud, comme on cache une arme.<\/p>\r\n\r\n\r\n\r\n<p class=\"wp-block-paragraph\">Les for\u00e7ats pouvaient facilement s\u2019en enfuir, mais ils n\u2019allaient jamais bien loin. Alert\u00e9e par le canon \u2013 le tonnerre de Brest \u2013 toute la population locale traquait les fuyards dans l\u2019espoir de toucher les quatre louis d\u2019or de r\u00e9compense par \u00e9vad\u00e9 repris.<\/p>\r\n\r\n\r\n\r\n<p class=\"wp-block-paragraph\">Mais je suis un \u00eatre de chair et de sang, comme vous. Nous sommes sur la m\u00eame terre et nous mangeons les m\u00eames fruits.<br \/>Donc, elle fr\u00e9quentait probablement un club politique et connaissait Rousseau\u00a0: Vous \u00eates perdus si vous oubliez que les fruits sont \u00e0 tous et que la terre n\u2019est \u00e0 personne, avait \u00e9crit le philosophe quarante ans plus t\u00f4t \u2013 il connaissait le texte par c\u0153ur.<\/p>\r\n\r\n\r\n\r\n<p class=\"wp-block-paragraph\">La corruption ne peut pas tout, Madame. Elle peut brouiller le jeu politique, d\u00e9cha\u00eener les enrag\u00e9s, effrayer les mod\u00e9r\u00e9s\u2026 mais elle ne peut pas arr\u00eater le cours de la R\u00e9volution. Elle ne peut arr\u00eater tout un peuple. Vous pourrirez quelques fruits, mais vous ne pourrirez pas tout l\u2019arbre.<\/p>\r\n","protected":false},"excerpt":{"rendered":"<p>Auteur\u00a0: Fran\u00e7ais, N\u00e9 \u00e0 : Rueil-Malmaison, le 21\/03\/1966 \u2013 Jean-Christophe Portes est journaliste et r\u00e9alisateur. Il a fait des \u00e9tudes \u00e0 l\u2019Ecole Nationale de Arts D\u00e9coratifs. Auteur d\u2019une trentaine de documentaires d\u2019investigation, de soci\u00e9t\u00e9 ou d\u2019histoire, il travaille pour les principales cha\u00eenes de t\u00e9l\u00e9vision fran\u00e7aises Romans\u00a0:S\u00e9rie \u00ab\u00a0Victor Dauterive\u00a0\u00ab\u00a0:\u00a0L\u2019Affaire des corps sans t\u00eate\u00a0(2015) \u2013\u00a0L\u2019Affaire de l\u2019Homme &hellip; <\/p>\n<p class=\"read-more\"><a class=\"readmore-btn\" href=\"https:\/\/www.cathjack.ch\/wordpress\/?p=9546\">+<span class=\"screen-reader-text\">  Read More<\/span><\/a><\/p>\n","protected":false},"author":1,"featured_media":9547,"comment_status":"open","ping_status":"open","sticky":false,"template":"","format":"standard","meta":{"_crdt_document":"","_monsterinsights_skip_tracking":false,"_monsterinsights_sitenote_active":false,"_monsterinsights_sitenote_note":"","_monsterinsights_sitenote_category":0,"footnotes":""},"categories":[520,446,46,98,43,64],"tags":[593,849,848,641],"class_list":["post-9546","post","type-post","status-publish","format-standard","has-post-thumbnail","hentry","category-520","category-serie","category-polhist","category-france","category-histoire","category-xviiieme","tag-complot","tag-intrigue","tag-la-fayette","tag-revolution"],"aioseo_notices":[],"_links":{"self":[{"href":"https:\/\/www.cathjack.ch\/wordpress\/index.php?rest_route=\/wp\/v2\/posts\/9546","targetHints":{"allow":["GET"]}}],"collection":[{"href":"https:\/\/www.cathjack.ch\/wordpress\/index.php?rest_route=\/wp\/v2\/posts"}],"about":[{"href":"https:\/\/www.cathjack.ch\/wordpress\/index.php?rest_route=\/wp\/v2\/types\/post"}],"author":[{"embeddable":true,"href":"https:\/\/www.cathjack.ch\/wordpress\/index.php?rest_route=\/wp\/v2\/users\/1"}],"replies":[{"embeddable":true,"href":"https:\/\/www.cathjack.ch\/wordpress\/index.php?rest_route=%2Fwp%2Fv2%2Fcomments&post=9546"}],"version-history":[{"count":4,"href":"https:\/\/www.cathjack.ch\/wordpress\/index.php?rest_route=\/wp\/v2\/posts\/9546\/revisions"}],"predecessor-version":[{"id":23571,"href":"https:\/\/www.cathjack.ch\/wordpress\/index.php?rest_route=\/wp\/v2\/posts\/9546\/revisions\/23571"}],"wp:featuredmedia":[{"embeddable":true,"href":"https:\/\/www.cathjack.ch\/wordpress\/index.php?rest_route=\/wp\/v2\/media\/9547"}],"wp:attachment":[{"href":"https:\/\/www.cathjack.ch\/wordpress\/index.php?rest_route=%2Fwp%2Fv2%2Fmedia&parent=9546"}],"wp:term":[{"taxonomy":"category","embeddable":true,"href":"https:\/\/www.cathjack.ch\/wordpress\/index.php?rest_route=%2Fwp%2Fv2%2Fcategories&post=9546"},{"taxonomy":"post_tag","embeddable":true,"href":"https:\/\/www.cathjack.ch\/wordpress\/index.php?rest_route=%2Fwp%2Fv2%2Ftags&post=9546"}],"curies":[{"name":"wp","href":"https:\/\/api.w.org\/{rel}","templated":true}]}}